{"id":83988,"date":"2026-01-22T12:38:31","date_gmt":"2026-01-22T09:38:31","guid":{"rendered":"https:\/\/www.indir.com\/haber\/?p=83988"},"modified":"2026-01-22T12:38:33","modified_gmt":"2026-01-22T09:38:33","slug":"teknoloji-dunyasinda-kriz-canlari-bellek-fiyatlari-2027ye-kadar-artacak","status":"publish","type":"post","link":"https:\/\/www.indir.com\/haber\/teknoloji-dunyasinda-kriz-canlari-bellek-fiyatlari-2027ye-kadar-artacak\/","title":{"rendered":"Teknoloji D\u00fcnyas\u0131nda Kriz \u00c7anlar\u0131: Bellek Fiyatlar\u0131 2027\u2019ye Kadar Artacak!"},"content":{"rendered":"\n<p>Yapay zeka devrimi ve dijital d\u00f6n\u00fc\u015f\u00fcm h\u0131z kesmeden devam ederken, donan\u0131m d\u00fcnyas\u0131ndan endi\u015fe verici bir haber geldi. Tayvanl\u0131 teknoloji devi <strong>Compal Electronics<\/strong>, k\u00fcresel pazarda <strong>bellek fiyatlar\u0131<\/strong> (RAM ve depolama birimleri) i\u00e7in y\u00fckseli\u015f trendinin <strong>2027 y\u0131l\u0131na kadar<\/strong> s\u00fcrece\u011fi konusunda sekt\u00f6r\u00fc uyard\u0131. Bu durum, sadece \u00fcreticileri de\u011fil; bilgisayar, ak\u0131ll\u0131 telefon ve sunucu sat\u0131n alacak son kullan\u0131c\u0131lar\u0131 da yak\u0131ndan ilgilendiriyor.<\/p>\n\n\n\n<h2 class=\"wp-block-heading\">1. Bellek Fiyatlar\u0131 Neden Art\u0131yor? Yapay Zeka Etkisi<\/h2>\n\n\n\n<p>Compal y\u00f6neticilerine g\u00f6re, <strong>bellek fiyatlar\u0131ndaki art\u0131\u015f<\/strong>\u0131n temelinde yatan en b\u00fcy\u00fck fakt\u00f6r, yapay zeka (AI) sunucular\u0131na olan devasa talep.<\/p>\n\n\n\n<ul class=\"wp-block-list\">\n<li><strong>HBM ve DDR5 Talebi:<\/strong> Y\u00fcksek bant geni\u015flikli belleklerin (HBM) \u00fcretim kapasitesini doldurmas\u0131, standart bilgisayar belleklerinin \u00fcretimini k\u0131s\u0131tl\u0131yor.<\/li>\n\n\n\n<li><strong>Arz-Talep Dengesi:<\/strong> \u00dcreticilerin kapasitelerini daha karl\u0131 olan kurumsal \u00e7\u00f6z\u00fcmlere kayd\u0131rmas\u0131, t\u00fcketici elektroni\u011fi pazar\u0131nda <strong>bellek tedarik krizini<\/strong> tetikliyor.<\/li>\n<\/ul>\n\n\n\n<h2 class=\"wp-block-heading\">2. Teknoloji Sekt\u00f6r\u00fcnde 2027 \u00d6ng\u00f6r\u00fcleri ve Maliyet Bask\u0131s\u0131<\/h2>\n\n\n\n<p>Compal, bu maliyet art\u0131\u015flar\u0131n\u0131n sadece birka\u00e7 ay s\u00fcrmeyece\u011fini, etkilerinin <strong>2027 y\u0131l\u0131na kadar<\/strong> sekt\u00f6r\u00fc domine edece\u011fini vurguluyor.<\/p>\n\n\n\n<ul class=\"wp-block-list\">\n<li><strong>Bilgisayar Fiyatlar\u0131na Zam Kap\u0131da:<\/strong> Artan bile\u015fen maliyetleri nedeniyle diz\u00fcst\u00fc ve masa\u00fcst\u00fc bilgisayar fiyatlar\u0131nda kademeli bir y\u00fckseli\u015f bekleniyor.<\/li>\n\n\n\n<li><strong>End\u00fcstriyel Etki:<\/strong> Otomotivden ak\u0131ll\u0131 ev sistemlerine kadar bellek kullanan her sekt\u00f6r, bu <strong>y\u00fcksek bellek maliyetleri<\/strong> ile ba\u015f etmek zorunda kalacak.<\/li>\n<\/ul>\n\n\n\n<h2 class=\"wp-block-heading\">3. Compal Electronics ve Sekt\u00f6rel Stratejiler<\/h2>\n\n\n\n<p>D\u00fcnya genelinde pek \u00e7ok marka i\u00e7in \u00fcretim yapan Compal, envanter y\u00f6netimini optimize ederek bu s\u00fcreci atlatmay\u0131 planl\u0131yor. Ancak \u015firket, k\u00fcresel piyasadaki belirsizliklerin ve ham madde eri\u015fiminin zorla\u015fmas\u0131n\u0131n, <strong>teknoloji sekt\u00f6r\u00fc 2027<\/strong> vizyonunu zorlayaca\u011f\u0131n\u0131 belirtiyor.<\/p>\n","protected":false},"excerpt":{"rendered":"<p>Yapay zeka devrimi ve dijital d\u00f6n\u00fc\u015f\u00fcm h\u0131z kesmeden devam ederken, donan\u0131m d\u00fcnyas\u0131ndan endi\u015fe verici bir haber geldi. Tayvanl\u0131 teknoloji devi Compal Electronics, k\u00fcresel pazarda bellek fiyatlar\u0131 (RAM ve depolama birimleri) i\u00e7in y\u00fckseli\u015f trendinin 2027 y\u0131l\u0131na kadar s\u00fcrece\u011fi konusunda sekt\u00f6r\u00fc uyard\u0131. Bu durum, sadece \u00fcreticileri de\u011fil; bilgisayar, ak\u0131ll\u0131 telefon ve sunucu sat\u0131n alacak son kullan\u0131c\u0131lar\u0131 da [&hellip;]<\/p>\n","protected":false},"author":61,"featured_media":83989,"comment_status":"open","ping_status":"closed","sticky":false,"template":"","format":"standard","meta":{"footnotes":""},"categories":[1,12053,48],"tags":[],"class_list":["post-83988","post","type-post","status-publish","format-standard","has-post-thumbnail","hentry","category-teknoloji","category-yapay-zeka","category-yazilim"],"_links":{"self":[{"href":"https:\/\/www.indir.com\/haber\/wp-json\/wp\/v2\/posts\/83988","targetHints":{"allow":["GET"]}}],"collection":[{"href":"https:\/\/www.indir.com\/haber\/wp-json\/wp\/v2\/posts"}],"about":[{"href":"https:\/\/www.indir.com\/haber\/wp-json\/wp\/v2\/types\/post"}],"author":[{"embeddable":true,"href":"https:\/\/www.indir.com\/haber\/wp-json\/wp\/v2\/users\/61"}],"replies":[{"embeddable":true,"href":"https:\/\/www.indir.com\/haber\/wp-json\/wp\/v2\/comments?post=83988"}],"version-history":[{"count":2,"href":"https:\/\/www.indir.com\/haber\/wp-json\/wp\/v2\/posts\/83988\/revisions"}],"predecessor-version":[{"id":83991,"href":"https:\/\/www.indir.com\/haber\/wp-json\/wp\/v2\/posts\/83988\/revisions\/83991"}],"wp:featuredmedia":[{"embeddable":true,"href":"https:\/\/www.indir.com\/haber\/wp-json\/wp\/v2\/media\/83989"}],"wp:attachment":[{"href":"https:\/\/www.indir.com\/haber\/wp-json\/wp\/v2\/media?parent=83988"}],"wp:term":[{"taxonomy":"category","embeddable":true,"href":"https:\/\/www.indir.com\/haber\/wp-json\/wp\/v2\/categories?post=83988"},{"taxonomy":"post_tag","embeddable":true,"href":"https:\/\/www.indir.com\/haber\/wp-json\/wp\/v2\/tags?post=83988"}],"curies":[{"name":"wp","href":"https:\/\/api.w.org\/{rel}","templated":true}]}}