{"id":83987,"date":"2026-01-22T13:28:53","date_gmt":"2026-01-22T10:28:53","guid":{"rendered":"https:\/\/www.indir.com\/haber\/?p=83987"},"modified":"2026-01-22T13:28:55","modified_gmt":"2026-01-22T10:28:55","slug":"mustafa-akgul-ozgur-yazilim-2026-kis-kampi-basliyor","status":"publish","type":"post","link":"https:\/\/www.indir.com\/haber\/mustafa-akgul-ozgur-yazilim-2026-kis-kampi-basliyor\/","title":{"rendered":"Mustafa Akg\u00fcl \u00d6zg\u00fcr Yaz\u0131l\u0131m 2026 K\u0131\u015f Kamp\u0131 Ba\u015fl\u0131yor!"},"content":{"rendered":"\n<p>Linux Kullan\u0131c\u0131lar\u0131 Derne\u011fi ile Afyon Kocatepe \u00dcniversitesi Bilgisayar M\u00fchendisli\u011fi Kul\u00fcb\u00fc, Yaz\u0131l\u0131m M\u00fchendisli\u011fi Kul\u00fcb\u00fc ve Bili\u015fim Toplulu\u011fu i\u015f birli\u011finde d\u00fczenlenen Mustafa Akg\u00fcl \u00d6zg\u00fcr Yaz\u0131l\u0131m 2026 K\u0131\u015f Kamp\u0131, bu y\u0131l 4\u20138 \u015eubat 2026 tarihleri aras\u0131nda Afyon Kocatepe \u00dcniversitesi Ahmet Necdet Sezer Kamp\u00fcs\u00fc\u2019nde ger\u00e7ekle\u015ftirilecek. Be\u015f g\u00fcn s\u00fcrecek etkinlik, \u00f6zg\u00fcr yaz\u0131l\u0131m d\u00fcnyas\u0131na ilgi duyan herkesi bir araya getirmeyi ama\u00e7l\u0131yor.<\/p>\n\n\n\n<figure class=\"wp-block-image size-full\"><img loading=\"lazy\" decoding=\"async\" width=\"4032\" height=\"3024\" src=\"http:\/\/www.indir.com\/haber\/wp-content\/uploads\/2026\/01\/IMG_1138.webp\" alt=\"Mustafa Akg\u00fcl \u00d6zg\u00fcr Yaz\u0131l\u0131m 2026 K\u0131\u015f Kamp\u0131 Ba\u015fl\u0131yor!\" class=\"wp-image-83995\" title=\"\"><figcaption class=\"wp-element-caption\">Mustafa Akg\u00fcl \u00d6zg\u00fcr Yaz\u0131l\u0131m 2026 K\u0131\u015f Kamp\u0131 Ba\u015fl\u0131yor!<\/figcaption><\/figure>\n\n\n\n<p>T\u00fcrkiye\u2019de Linux ve \u00f6zg\u00fcr yaz\u0131l\u0131m k\u00fclt\u00fcr\u00fcn\u00fc yayg\u0131nla\u015ft\u0131rmay\u0131 hedefleyen kamp\u0131n temelleri, 1999 y\u0131l\u0131nda Akademik Bili\u015fim Konferanslar\u0131 \u00f6ncesinde d\u00fczenlenen kurslara dayan\u0131yor. 2019\u2019dan bu yana \u201cMustafa Akg\u00fcl \u00d6zg\u00fcr Yaz\u0131l\u0131m K\u0131\u015f Kamp\u0131\u201d ad\u0131yla s\u00fcrd\u00fcr\u00fclen organizasyon, GNU\/Linux ve farkl\u0131 \u00f6zg\u00fcr yaz\u0131l\u0131mlar\u0131, alan\u0131nda uzman g\u00f6n\u00fcll\u00fc e\u011fitmenler e\u015fli\u011finde kat\u0131l\u0131mc\u0131lara aktarmay\u0131 hedefliyor.<\/p>\n\n\n\n<p>Kamp; kamu ve \u00f6zel sekt\u00f6r \u00e7al\u0131\u015fanlar\u0131n\u0131n yan\u0131 s\u0131ra \u00fcniversite \u00f6\u011frencilerine de a\u00e7\u0131k olacak. Farkl\u0131 bilgi d\u00fczeylerine uygun e\u011fitimler, e\u015f zamanl\u0131 olarak paralel s\u0131n\u0131flarda verilecek. Kat\u0131l\u0131m \u00fccretsiz olup, kat\u0131l\u0131mc\u0131lar\u0131n yaln\u0131zca ula\u015f\u0131m, konaklama ve yemek giderlerini kar\u015f\u0131lamalar\u0131 gerekecek.<\/p>\n\n\n\n<figure class=\"wp-block-image size-full\"><img loading=\"lazy\" decoding=\"async\" width=\"6000\" height=\"4000\" src=\"http:\/\/www.indir.com\/haber\/wp-content\/uploads\/2026\/01\/DSC03090.webp\" alt=\"Mustafa Akg\u00fcl \u00d6zg\u00fcr Yaz\u0131l\u0131m 2026 K\u0131\u015f Kamp\u0131 Ba\u015fl\u0131yor!\" class=\"wp-image-83996\" title=\"\"><figcaption class=\"wp-element-caption\">Mustafa Akg\u00fcl \u00d6zg\u00fcr Yaz\u0131l\u0131m 2026 K\u0131\u015f Kamp\u0131 Ba\u015fl\u0131yor!<\/figcaption><\/figure>\n\n\n\n<p>4 \u015eubat\u2019ta ba\u015flayacak ve 8 \u015eubat\u2019ta sona erecek bu etkinlik, \u00f6zg\u00fcr yaz\u0131l\u0131m\u0131 \u00f6\u011frenmek ve yayg\u0131nla\u015ft\u0131rmak isteyenler i\u00e7in \u00f6nemli bir f\u0131rsat sunuyor. Son y\u0131llarda ya\u015fanan konaklama s\u0131k\u0131nt\u0131lar\u0131 dikkate al\u0131narak kamp\u0131n Eski\u015fehir yerine Afyonkarahisar\u2019da yap\u0131lmas\u0131na karar verilmi\u015ftir. Bu kapsamda, kamp s\u00fcresince kad\u0131n ve erkek kat\u0131l\u0131mc\u0131lar i\u00e7in KYK yurtlar\u0131nda kontenjan ayr\u0131lm\u0131\u015ft\u0131r.<\/p>\n\n\n\n<hr class=\"wp-block-separator has-alpha-channel-opacity\"\/>\n\n\n\n<h3 class=\"wp-block-heading\"><strong>Takvim<\/strong><\/h3>\n\n\n\n<ul class=\"wp-block-list\">\n<li>Kat\u0131l\u0131mc\u0131 Ba\u015fvurular\u0131: <strong>19 \u2013 26 Ocak 2026<\/strong><ol><li>Tur Yerle\u015ftirmeler: <strong>27 \u2013 28 Ocak 2026<\/strong><\/li><\/ol>\n<ol start=\"2\" class=\"wp-block-list\">\n<li>Tur Yerle\u015ftirmeler: <strong>29 \u2013 31 Ocak 2025<\/strong><\/li>\n<\/ol>\n<\/li>\n\n\n\n<li>Kamp: <strong>4 \u2013 8 \u015eubat 2026<\/strong><\/li>\n<\/ul>\n\n\n\n<hr class=\"wp-block-separator has-alpha-channel-opacity\"\/>\n\n\n\n<h3 class=\"wp-block-heading\"><strong>2026 K\u0131\u015f Kamp\u0131 Kurslar\u0131<\/strong><\/h3>\n\n\n\n<ul class=\"wp-block-list\">\n<li>Bitcoin\u2019i Anlamak: Say\u0131sal Kriptografi ve Blokzincire Giri\u015f<\/li>\n\n\n\n<li>GNU\/Linux Sistem Y\u00f6netimi 0.5<\/li>\n\n\n\n<li>GNU\/Linux Sistem Y\u00f6netimi 1.5<\/li>\n\n\n\n<li>GNU Radio ile Uygulamal\u0131 Haberle\u015fme Sistemleri<\/li>\n\n\n\n<li>HTTP (Web) Servisinin Y\u00f6netimi<\/li>\n\n\n\n<li>Kubernetes ve Konteyner D\u00fcnyas\u0131na Giri\u015f<\/li>\n\n\n\n<li>Linux \u0130\u00e7 Yap\u0131s\u0131: (e)BPF \/ XDP\u2019ye Giri\u015f<\/li>\n\n\n\n<li>Unix Terminal Anatomisi<\/li>\n\n\n\n<li>Mikroservisler ile DevOPS<\/li>\n\n\n\n<li>Modern Sanalla\u015ft\u0131rma Pratikleri: Kata Containers ve Firecracker ile MicroVM\u2019lere Giri\u015f<\/li>\n\n\n\n<li>Opentelemetry ile Uygulama \u0130zleme<\/li>\n\n\n\n<li>Python ile Temel Programlama<\/li>\n\n\n\n<li>R ile Veri G\u00f6rselle\u015ftirme<\/li>\n\n\n\n<li>Yapay Zek\u00e2ya Giri\u015f<\/li>\n<\/ul>\n\n\n\n<hr class=\"wp-block-separator has-alpha-channel-opacity\"\/>\n\n\n\n<p><strong>Ba\u015fvuru:<\/strong><br>Kampa ba\u015fvurular\u0131n\u0131z\u0131 <strong><a href=\"https:\/\/kayit.linux.org.tr\" target=\"_blank\" rel=\"noopener\">https:\/\/kayit.linux.org.tr<\/a><\/strong> adresi \u00fczerinden yapabilirsiniz.<\/p>\n\n\n\n<p><strong>E\u011fitim detaylar\u0131:<\/strong><br>Program ve kurs i\u00e7erikleri hakk\u0131nda ayr\u0131nt\u0131l\u0131 bilgiye <strong><a href=\"https:\/\/kamp.linux.org.tr\/2026-kis\" target=\"_blank\" rel=\"noopener\">https:\/\/kamp.linux.org.tr\/2026-kis<\/a><\/strong> ba\u011flant\u0131s\u0131ndan ula\u015fabilirsiniz.<\/p>\n","protected":false},"excerpt":{"rendered":"<p>Linux Kullan\u0131c\u0131lar\u0131 Derne\u011fi ile Afyon Kocatepe \u00dcniversitesi Bilgisayar M\u00fchendisli\u011fi Kul\u00fcb\u00fc, Yaz\u0131l\u0131m M\u00fchendisli\u011fi Kul\u00fcb\u00fc ve Bili\u015fim Toplulu\u011fu i\u015f birli\u011finde d\u00fczenlenen Mustafa Akg\u00fcl \u00d6zg\u00fcr Yaz\u0131l\u0131m 2026 K\u0131\u015f Kamp\u0131, bu y\u0131l 4\u20138 \u015eubat 2026 tarihleri aras\u0131nda Afyon Kocatepe \u00dcniversitesi Ahmet Necdet Sezer Kamp\u00fcs\u00fc\u2019nde ger\u00e7ekle\u015ftirilecek. Be\u015f g\u00fcn s\u00fcrecek etkinlik, \u00f6zg\u00fcr yaz\u0131l\u0131m d\u00fcnyas\u0131na ilgi duyan herkesi bir araya getirmeyi ama\u00e7l\u0131yor. [&hellip;]<\/p>\n","protected":false},"author":8,"featured_media":83997,"comment_status":"open","ping_status":"closed","sticky":false,"template":"","format":"standard","meta":{"footnotes":""},"categories":[54],"tags":[],"class_list":["post-83987","post","type-post","status-publish","format-standard","has-post-thumbnail","hentry","category-internet"],"_links":{"self":[{"href":"https:\/\/www.indir.com\/haber\/wp-json\/wp\/v2\/posts\/83987","targetHints":{"allow":["GET"]}}],"collection":[{"href":"https:\/\/www.indir.com\/haber\/wp-json\/wp\/v2\/posts"}],"about":[{"href":"https:\/\/www.indir.com\/haber\/wp-json\/wp\/v2\/types\/post"}],"author":[{"embeddable":true,"href":"https:\/\/www.indir.com\/haber\/wp-json\/wp\/v2\/users\/8"}],"replies":[{"embeddable":true,"href":"https:\/\/www.indir.com\/haber\/wp-json\/wp\/v2\/comments?post=83987"}],"version-history":[{"count":1,"href":"https:\/\/www.indir.com\/haber\/wp-json\/wp\/v2\/posts\/83987\/revisions"}],"predecessor-version":[{"id":83998,"href":"https:\/\/www.indir.com\/haber\/wp-json\/wp\/v2\/posts\/83987\/revisions\/83998"}],"wp:featuredmedia":[{"embeddable":true,"href":"https:\/\/www.indir.com\/haber\/wp-json\/wp\/v2\/media\/83997"}],"wp:attachment":[{"href":"https:\/\/www.indir.com\/haber\/wp-json\/wp\/v2\/media?parent=83987"}],"wp:term":[{"taxonomy":"category","embeddable":true,"href":"https:\/\/www.indir.com\/haber\/wp-json\/wp\/v2\/categories?post=83987"},{"taxonomy":"post_tag","embeddable":true,"href":"https:\/\/www.indir.com\/haber\/wp-json\/wp\/v2\/tags?post=83987"}],"curies":[{"name":"wp","href":"https:\/\/api.w.org\/{rel}","templated":true}]}}