{"id":83656,"date":"2026-01-09T01:15:02","date_gmt":"2026-01-08T22:15:02","guid":{"rendered":"https:\/\/www.indir.com\/haber\/?p=83656"},"modified":"2026-01-09T01:15:03","modified_gmt":"2026-01-08T22:15:03","slug":"honor-akilli-telefonlarda-karanlik-mod-nasil-acilir","status":"publish","type":"post","link":"https:\/\/www.indir.com\/haber\/honor-akilli-telefonlarda-karanlik-mod-nasil-acilir\/","title":{"rendered":"Honor ak\u0131ll\u0131 telefonlarda karanl\u0131k mod nas\u0131l a\u00e7\u0131l\u0131r?"},"content":{"rendered":"\n<p>Karanl\u0131k mod, telefon ekran\u0131ndaki arka plan\u0131 siyah veya koyu renge d\u00f6n\u00fc\u015ft\u00fcrerek g\u00f6z yorgunlu\u011funu azaltan ve pil tasarrufu sa\u011flayabilen bir ekran temas\u0131d\u0131r. Honor ak\u0131ll\u0131 telefonlarda hem sistem genelinde hem de baz\u0131 uygulamalarda karanl\u0131k modu kolayca aktif hale getirebilirsiniz.<\/p>\n\n\n\n<figure class=\"wp-block-image size-full\"><img loading=\"lazy\" decoding=\"async\" width=\"1600\" height=\"900\" src=\"http:\/\/www.indir.com\/haber\/wp-content\/uploads\/2025\/07\/Honor-Magic-8-Pro.jpg\" alt=\"Honor Magic 8 Pro\" class=\"wp-image-79150\" title=\"\"><figcaption class=\"wp-element-caption\">Honor Magic 8 Pro<\/figcaption><\/figure>\n\n\n\n<h2 class=\"wp-block-heading\">Karanl\u0131k Mod Nedir?<\/h2>\n\n\n\n<p>Karanl\u0131k mod, kullan\u0131c\u0131 aray\u00fcz\u00fcn\u00fc ve uygulamalar\u0131 koyu renklerle g\u00f6steren bir temad\u0131r. Standart a\u00e7\u0131k tema yerine koyu renkler kullan\u0131l\u0131r. Bu sayede:<\/p>\n\n\n\n<p>\u2022 Gece ve d\u00fc\u015f\u00fck \u0131\u015f\u0131kta g\u00f6zler daha az yorulur<br>\u2022 OLED\/AMOLED ekranlarda pil tasarrufu sa\u011flanabilir<br>\u2022 Telefon aray\u00fcz\u00fc daha ho\u015f bir g\u00f6r\u00fcn\u00fcm alabilir<\/p>\n\n\n\n<p>Honor cihazlarda bu \u00f6zellik sistem ayarlar\u0131ndan aktifle\u015ftirilebilir.<\/p>\n\n\n\n<h2 class=\"wp-block-heading\">Ayarlar Men\u00fcs\u00fcnden Karanl\u0131k Modu Etkinle\u015ftirme<\/h2>\n\n\n\n<p>En kolay y\u00f6ntem telefonun <strong>Ayarlar<\/strong> men\u00fcs\u00fcn\u00fc kullanmakt\u0131r:<\/p>\n\n\n\n<p>\u2022 Ayarlar uygulamas\u0131n\u0131 a\u00e7\u0131n<br>\u2022 <strong>Ekran<\/strong> veya <strong>G\u00f6r\u00fcn\u00fcm<\/strong> b\u00f6l\u00fcm\u00fcne girin<br>\u2022 <strong>Karanl\u0131k mod<\/strong> veya <strong>Tema<\/strong> se\u00e7ene\u011fini bulun<br>\u2022 \u201cKaranl\u0131k\u201d temas\u0131n\u0131 se\u00e7in<\/p>\n\n\n\n<p>Bu ad\u0131mlar sonras\u0131 telefonunuzun genel aray\u00fcz\u00fc koyu tema ile kullan\u0131lmaya ba\u015flan\u0131r.<\/p>\n\n\n\n<h2 class=\"wp-block-heading\">H\u0131zl\u0131 Ayarlar Panelinden A\u00e7ma<\/h2>\n\n\n\n<p>Honor cihazlarda karanl\u0131k modu h\u0131zl\u0131 ayarlar panelinden a\u00e7mak da m\u00fcmk\u00fcnd\u00fcr:<\/p>\n\n\n\n<p>\u2022 Ekran\u0131n \u00fcst\u00fcnden a\u015fa\u011f\u0131 do\u011fru kayd\u0131r\u0131n<br>\u2022 H\u0131zl\u0131 ayarlar men\u00fcs\u00fcn\u00fc geni\u015fletin<br>\u2022 \u201cKaranl\u0131k mod\u201d veya \u201cDark Mode\u201d simgesine dokunun<br>\u2022 Simge aktif hale geldi\u011finde karanl\u0131k tema etkinle\u015fir<\/p>\n\n\n\n<p>Bu y\u00f6ntem \u00f6zellikle h\u0131zl\u0131 ge\u00e7i\u015f yapmak istedi\u011finizde pratik bir \u00e7\u00f6z\u00fcmd\u00fcr.<\/p>\n\n\n\n<h2 class=\"wp-block-heading\">Belirli Saat Dilimlerine G\u00f6re Otomatik Karanl\u0131k Mod<\/h2>\n\n\n\n<p>Baz\u0131 Honor modelleri otomatik karanl\u0131k mod deste\u011fi sunar. Bu \u00f6zellik sayesinde karanl\u0131k tema g\u00fcn bat\u0131m\u0131na veya belirli saat aral\u0131\u011f\u0131na g\u00f6re otomatik a\u00e7\u0131l\u0131r:<\/p>\n\n\n\n<p>\u2022 Ayarlar \u2192 Ekran \u2192 Karanl\u0131k mod<br>\u2022 <strong>Otomatik zamanlama<\/strong> veya <strong>G\u00fcn bat\u0131m\u0131nda ba\u015flat<\/strong> se\u00e7ene\u011fini aktif edin<br>\u2022 Saat aral\u0131\u011f\u0131n\u0131 kendiniz belirleyin<\/p>\n\n\n\n<p>Bu ayar, g\u00fcnd\u00fcz a\u00e7\u0131k tema, gece karanl\u0131k tema olarak otomatik ge\u00e7i\u015f sa\u011flar.<\/p>\n\n\n\n<h2 class=\"wp-block-heading\">Uygulama Bazl\u0131 Karanl\u0131k Mod Ayar\u0131<\/h2>\n\n\n\n<p>Baz\u0131 uygulamalar kendi i\u00e7inde karanl\u0131k mod ayar\u0131na sahip olabilir. Sistem karanl\u0131k mod a\u00e7\u0131k olsa bile:<\/p>\n\n\n\n<p>\u2022 Uygulama i\u00e7i ayarlar \u2192 Tema \u2192 Karanl\u0131k<br>se\u00e7ene\u011fini kontrol edin. B\u00f6ylece uygulamalar da kendi temalar\u0131na g\u00f6re koyu aray\u00fcz sunar.<\/p>\n\n\n\n<h2 class=\"wp-block-heading\">Karanl\u0131k Modun Avantajlar\u0131<\/h2>\n\n\n\n<p>Honor telefonda karanl\u0131k mod kullanman\u0131n faydalar\u0131 \u015funlard\u0131r:<\/p>\n\n\n\n<p>\u2022 G\u00f6z yorgunlu\u011funu azalt\u0131r<br>\u2022 OLED\/AMOLED ekranlarda pil tasarrufu sa\u011flar<br>\u2022 G\u00f6rsel kontrast\u0131 art\u0131rarak i\u00e7erik okumay\u0131 kolayla\u015ft\u0131r\u0131r<br>\u2022 Daha modern ve sade bir aray\u00fcz sunar<\/p>\n\n\n\n<p>Bu avantajlar, \u00f6zellikle uzun s\u00fcreli kullan\u0131mda fark yarat\u0131r.<\/p>\n\n\n\n<h2 class=\"wp-block-heading\">Karanl\u0131k Mod Etkilenmeyen Yerler<\/h2>\n\n\n\n<p>Baz\u0131 \u00fc\u00e7\u00fcnc\u00fc taraf uygulamalar veya eski aray\u00fcz bile\u015fenleri karanl\u0131k modu desteklemeyebilir. Bu durumda:<\/p>\n\n\n\n<p>\u2022 Uygulama i\u00e7i tema ayarlar\u0131n\u0131 kontrol edin<br>\u2022 Uygulaman\u0131n g\u00fcncel s\u00fcr\u00fcm\u00fcn\u00fc y\u00fckleyin<\/p>\n\n\n\n<p>Bu ad\u0131mlar \u00e7o\u011fu zaman uyum sorunlar\u0131n\u0131 ortadan kald\u0131r\u0131r.<\/p>\n\n\n\n<p>Honor ak\u0131ll\u0131 telefonlarda karanl\u0131k mod a\u00e7mak olduk\u00e7a kolayd\u0131r. Sistem ayarlar\u0131ndan veya h\u0131zl\u0131 ayarlar panelinden koyu tema se\u00e7ene\u011fini aktif ederek t\u00fcm aray\u00fcz\u00fc karanl\u0131k moda ge\u00e7irirsiniz. Otomatik zamanlama gibi se\u00e7eneklerle gece ve g\u00fcnd\u00fcz temalar\u0131 aras\u0131nda ak\u0131ll\u0131 ge\u00e7i\u015fler de yapabilirsiniz. Karanl\u0131k modu do\u011fru kullanarak hem g\u00f6z konforunuzu art\u0131rabilir hem de pil tasarrufu sa\u011flayabilirsiniz.<\/p>\n","protected":false},"excerpt":{"rendered":"<p>Karanl\u0131k mod, telefon ekran\u0131ndaki arka plan\u0131 siyah veya koyu renge d\u00f6n\u00fc\u015ft\u00fcrerek g\u00f6z yorgunlu\u011funu azaltan ve pil tasarrufu sa\u011flayabilen bir ekran temas\u0131d\u0131r. Honor ak\u0131ll\u0131 telefonlarda hem sistem genelinde hem de baz\u0131 uygulamalarda karanl\u0131k modu kolayca aktif hale getirebilirsiniz. Karanl\u0131k Mod Nedir? Karanl\u0131k mod, kullan\u0131c\u0131 aray\u00fcz\u00fcn\u00fc ve uygulamalar\u0131 koyu renklerle g\u00f6steren bir temad\u0131r. Standart a\u00e7\u0131k tema yerine [&hellip;]<\/p>\n","protected":false},"author":27,"featured_media":73757,"comment_status":"open","ping_status":"closed","sticky":false,"template":"","format":"standard","meta":{"footnotes":""},"categories":[60,46,57,1],"tags":[],"class_list":["post-83656","post","type-post","status-publish","format-standard","has-post-thumbnail","hentry","category-android","category-mobil","category-nasil-yapilir","category-teknoloji"],"_links":{"self":[{"href":"https:\/\/www.indir.com\/haber\/wp-json\/wp\/v2\/posts\/83656","targetHints":{"allow":["GET"]}}],"collection":[{"href":"https:\/\/www.indir.com\/haber\/wp-json\/wp\/v2\/posts"}],"about":[{"href":"https:\/\/www.indir.com\/haber\/wp-json\/wp\/v2\/types\/post"}],"author":[{"embeddable":true,"href":"https:\/\/www.indir.com\/haber\/wp-json\/wp\/v2\/users\/27"}],"replies":[{"embeddable":true,"href":"https:\/\/www.indir.com\/haber\/wp-json\/wp\/v2\/comments?post=83656"}],"version-history":[{"count":1,"href":"https:\/\/www.indir.com\/haber\/wp-json\/wp\/v2\/posts\/83656\/revisions"}],"predecessor-version":[{"id":83659,"href":"https:\/\/www.indir.com\/haber\/wp-json\/wp\/v2\/posts\/83656\/revisions\/83659"}],"wp:featuredmedia":[{"embeddable":true,"href":"https:\/\/www.indir.com\/haber\/wp-json\/wp\/v2\/media\/73757"}],"wp:attachment":[{"href":"https:\/\/www.indir.com\/haber\/wp-json\/wp\/v2\/media?parent=83656"}],"wp:term":[{"taxonomy":"category","embeddable":true,"href":"https:\/\/www.indir.com\/haber\/wp-json\/wp\/v2\/categories?post=83656"},{"taxonomy":"post_tag","embeddable":true,"href":"https:\/\/www.indir.com\/haber\/wp-json\/wp\/v2\/tags?post=83656"}],"curies":[{"name":"wp","href":"https:\/\/api.w.org\/{rel}","templated":true}]}}