{"id":83643,"date":"2026-01-09T01:05:29","date_gmt":"2026-01-08T22:05:29","guid":{"rendered":"https:\/\/www.indir.com\/haber\/?p=83643"},"modified":"2026-01-09T01:05:29","modified_gmt":"2026-01-08T22:05:29","slug":"hasan-yasar-dijital-bakisa-konuk-oldu","status":"publish","type":"post","link":"https:\/\/www.indir.com\/haber\/hasan-yasar-dijital-bakisa-konuk-oldu\/","title":{"rendered":"Hasan Ya\u015far, Dijital Bak\u0131\u015f&#8217;a Konuk Oldu"},"content":{"rendered":"\n<p>Her hafta sonu dijital d\u00fcnya hakk\u0131ndaki en g\u00fcncel konular\u0131, e\u011flenceli ve bilgilendirici bir \u015fekilde izleyicilere sunan TRT T\u00fcrk program\u0131&nbsp;<strong>Dijital Bak\u0131\u015f<\/strong>&#8216;\u0131n bu haftaki (<strong>42.B\u00f6l\u00fcm<\/strong>) konu\u011fu,&nbsp;<a href=\"http:\/\/indir.com\/\" target=\"_blank\" rel=\"noreferrer noopener\">indir.com<\/a>&nbsp;Y\u00f6netici Orta\u011f\u0131&nbsp;<a href=\"https:\/\/www.twitter.com\/HasanYasar\" target=\"_blank\" rel=\"noreferrer noopener\">Hasan Ya\u015far<\/a>&nbsp;oldu.<\/p>\n\n\n\n<h2 class=\"wp-block-heading\">Hasan Ya\u015far Dijital Bak\u0131\u015f Program\u0131nda Yer Ald\u0131<\/h2>\n\n\n\n<p>14 Haziran Cumartesi g\u00fcn\u00fc saat 20:35&#8217;te ba\u015flayan ve&nbsp;<strong>Mesut Karaka\u015f<\/strong>&#8216;\u0131n sundu\u011fu&nbsp;<strong>Dijital Bak\u0131\u015f<\/strong>&nbsp;program\u0131&#8217;nda,&nbsp;indir.com&nbsp;Y\u00f6netici Orta\u011f\u0131 Hasan Ya\u015far ile&nbsp;alanadlari.com&nbsp;kurucusu Okan Y\u0131ld\u0131r\u0131m canl\u0131 yay\u0131n konu\u011fu oldular.<\/p>\n\n\n\n<p><strong>Alan adlar\u0131 ve mobil uygulamalar aras\u0131nda do\u011fabilecek rekabetler<\/strong>in derinlemesine tart\u0131\u015f\u0131ld\u0131\u011f\u0131 programla ilgili yay\u0131nlanan\u00a0<strong>42.B\u00f6l\u00fcm videosu<\/strong>nu izleyebilirsiniz.\u00a0<\/p>\n","protected":false},"excerpt":{"rendered":"<p>Her hafta sonu dijital d\u00fcnya hakk\u0131ndaki en g\u00fcncel konular\u0131, e\u011flenceli ve bilgilendirici bir \u015fekilde izleyicilere sunan TRT T\u00fcrk program\u0131&nbsp;Dijital Bak\u0131\u015f&#8216;\u0131n bu haftaki (42.B\u00f6l\u00fcm) konu\u011fu,&nbsp;indir.com&nbsp;Y\u00f6netici Orta\u011f\u0131&nbsp;Hasan Ya\u015far&nbsp;oldu. Hasan Ya\u015far Dijital Bak\u0131\u015f Program\u0131nda Yer Ald\u0131 14 Haziran Cumartesi g\u00fcn\u00fc saat 20:35&#8217;te ba\u015flayan ve&nbsp;Mesut Karaka\u015f&#8216;\u0131n sundu\u011fu&nbsp;Dijital Bak\u0131\u015f&nbsp;program\u0131&#8217;nda,&nbsp;indir.com&nbsp;Y\u00f6netici Orta\u011f\u0131 Hasan Ya\u015far ile&nbsp;alanadlari.com&nbsp;kurucusu Okan Y\u0131ld\u0131r\u0131m canl\u0131 yay\u0131n konu\u011fu oldular. Alan [&hellip;]<\/p>\n","protected":false},"author":8,"featured_media":83645,"comment_status":"open","ping_status":"closed","sticky":false,"template":"","format":"standard","meta":{"footnotes":""},"categories":[54],"tags":[],"class_list":["post-83643","post","type-post","status-publish","format-standard","has-post-thumbnail","hentry","category-internet"],"_links":{"self":[{"href":"https:\/\/www.indir.com\/haber\/wp-json\/wp\/v2\/posts\/83643","targetHints":{"allow":["GET"]}}],"collection":[{"href":"https:\/\/www.indir.com\/haber\/wp-json\/wp\/v2\/posts"}],"about":[{"href":"https:\/\/www.indir.com\/haber\/wp-json\/wp\/v2\/types\/post"}],"author":[{"embeddable":true,"href":"https:\/\/www.indir.com\/haber\/wp-json\/wp\/v2\/users\/8"}],"replies":[{"embeddable":true,"href":"https:\/\/www.indir.com\/haber\/wp-json\/wp\/v2\/comments?post=83643"}],"version-history":[{"count":1,"href":"https:\/\/www.indir.com\/haber\/wp-json\/wp\/v2\/posts\/83643\/revisions"}],"predecessor-version":[{"id":83646,"href":"https:\/\/www.indir.com\/haber\/wp-json\/wp\/v2\/posts\/83643\/revisions\/83646"}],"wp:featuredmedia":[{"embeddable":true,"href":"https:\/\/www.indir.com\/haber\/wp-json\/wp\/v2\/media\/83645"}],"wp:attachment":[{"href":"https:\/\/www.indir.com\/haber\/wp-json\/wp\/v2\/media?parent=83643"}],"wp:term":[{"taxonomy":"category","embeddable":true,"href":"https:\/\/www.indir.com\/haber\/wp-json\/wp\/v2\/categories?post=83643"},{"taxonomy":"post_tag","embeddable":true,"href":"https:\/\/www.indir.com\/haber\/wp-json\/wp\/v2\/tags?post=83643"}],"curies":[{"name":"wp","href":"https:\/\/api.w.org\/{rel}","templated":true}]}}