{"id":83297,"date":"2026-01-08T22:00:12","date_gmt":"2026-01-08T19:00:12","guid":{"rendered":"https:\/\/www.indir.com\/haber\/?p=83297"},"modified":"2026-01-08T22:00:14","modified_gmt":"2026-01-08T19:00:14","slug":"facetime-mi-zoom-mu-2026-goruntulu-gorusme-rehberi","status":"publish","type":"post","link":"https:\/\/www.indir.com\/haber\/facetime-mi-zoom-mu-2026-goruntulu-gorusme-rehberi\/","title":{"rendered":"FaceTime m\u0131 Zoom mu? 2026 G\u00f6r\u00fcnt\u00fcl\u00fc G\u00f6r\u00fc\u015fme Rehberi"},"content":{"rendered":"\n<p>G\u00f6r\u00fcnt\u00fcl\u00fc g\u00f6r\u00fc\u015fme uygulamalar\u0131 hayat\u0131m\u0131z\u0131n ayr\u0131lmaz bir par\u00e7as\u0131 haline geldi. Apple kullan\u0131c\u0131lar\u0131n\u0131n vazge\u00e7ilmezi <strong>FaceTime<\/strong> ile i\u015f d\u00fcnyas\u0131n\u0131n devi <strong>Zoom<\/strong>, farkl\u0131 ihtiya\u00e7lara hitap ediyor. Peki, 2026 y\u0131l\u0131nda sizin i\u00e7in hangi platform daha uygun? \u0130\u015fte detayl\u0131 kar\u015f\u0131la\u015ft\u0131rma.<\/p>\n\n\n\n<h2 class=\"wp-block-heading\">FaceTime: Ki\u015fisel G\u00f6r\u00fc\u015fmelerin Favorisi<\/h2>\n\n\n\n<p>FaceTime, Apple ekosisteminde ya\u015fayanlar i\u00e7in en h\u0131zl\u0131 ve kaliteli \u00e7\u00f6z\u00fcm olmaya devam ediyor. \u00d6zellikle sade aray\u00fcz\u00fc ve y\u00fcksek ses kalitesiyle \u00f6ne \u00e7\u0131k\u0131yor.<\/p>\n\n\n\n<ul class=\"wp-block-list\">\n<li><strong>Kat\u0131l\u0131mc\u0131 S\u0131n\u0131r\u0131:<\/strong> Ayn\u0131 anda <strong>32 ki\u015fiye<\/strong> kadar g\u00f6r\u00fc\u015fme deste\u011fi sa\u011flar.<\/li>\n\n\n\n<li><strong>Platform Deste\u011fi:<\/strong> Art\u0131k sadece Apple cihazlar\u0131 i\u00e7in de\u011fil; Android ve Windows kullan\u0131c\u0131lar\u0131 da taray\u0131c\u0131 \u00fczerinden g\u00f6r\u00fc\u015fmelere kat\u0131labilir.<\/li>\n\n\n\n<li><strong>\u00d6ne \u00c7\u0131kan \u00d6zellikler:<\/strong> <strong>SharePlay<\/strong> ile arkada\u015flar\u0131n\u0131zla ayn\u0131 anda film izleyebilir veya m\u00fczik dinleyebilirsiniz. Portre modu ve Uzamsal Ses \u00f6zellikleri g\u00f6r\u00fc\u015fme kalitesini art\u0131r\u0131r.<\/li>\n\n\n\n<li><strong>Gizlilik:<\/strong> Apple\u2019\u0131n sundu\u011fu u\u00e7tan uca \u015fifreleme ile en y\u00fcksek g\u00fcvenlik standartlar\u0131n\u0131 sa\u011flar.<\/li>\n<\/ul>\n\n\n\n<hr class=\"wp-block-separator has-alpha-channel-opacity\"\/>\n\n\n\n<h2 class=\"wp-block-heading\">Zoom: Profesyonel ve B\u00fcy\u00fck Toplant\u0131lar\u0131n Lideri<\/h2>\n\n\n\n<p>Zoom, i\u015f d\u00fcnyas\u0131 ve e\u011fitim sekt\u00f6r\u00fc i\u00e7in geli\u015fmi\u015f ara\u00e7lar sunmaya devam ediyor. Geni\u015f kat\u0131l\u0131mc\u0131 kapasitesi ve interaktif \u00f6zellikleriyle profesyonellerin ilk tercihi.<\/p>\n\n\n\n<ul class=\"wp-block-list\">\n<li><strong>Kat\u0131l\u0131mc\u0131 S\u0131n\u0131r\u0131:<\/strong> \u00dccretsiz s\u00fcr\u00fcmde <strong>100 ki\u015fiye<\/strong> kadar destek sunar. \u00dccretli planlarda bu say\u0131 1000&#8217;in \u00fczerine \u00e7\u0131kabilir.<\/li>\n\n\n\n<li><strong>S\u00fcre K\u0131s\u0131tlamas\u0131:<\/strong> \u00dccretsiz s\u00fcr\u00fcmde grup g\u00f6r\u00fc\u015fmeleri <strong>40 dakika<\/strong> ile s\u0131n\u0131rl\u0131d\u0131r.<\/li>\n\n\n\n<li><strong>Profesyonel Ara\u00e7lar:<\/strong> Ekran payla\u015f\u0131m\u0131, kay\u0131t alma, <strong>Breakout Rooms<\/strong> (alt odalar) ve anket gibi ara\u00e7larla toplant\u0131lar\u0131 verimli k\u0131lar.<\/li>\n\n\n\n<li><strong>Yapay Zeka:<\/strong> 2026 itibar\u0131yla geli\u015fmi\u015f <strong>AI Companion<\/strong> \u00f6zelli\u011fi, toplant\u0131 \u00f6zetleri \u00e7\u0131karma ve not alma konusunda yard\u0131mc\u0131 olur.<\/li>\n<\/ul>\n\n\n\n<hr class=\"wp-block-separator has-alpha-channel-opacity\"\/>\n\n\n\n<h2 class=\"wp-block-heading\">Hangisini Se\u00e7melisiniz?<\/h2>\n\n\n\n<p>Do\u011fru uygulamay\u0131 se\u00e7mek i\u00e7in kullan\u0131m amac\u0131n\u0131z\u0131 belirlemeniz yeterlidir:<\/p>\n\n\n\n<figure class=\"wp-block-table\"><table class=\"has-fixed-layout\"><thead><tr><td><strong>\u00d6zellik<\/strong><\/td><td><strong>FaceTime<\/strong><\/td><td><strong>Zoom<\/strong><\/td><\/tr><\/thead><tbody><tr><td><strong>Kullan\u0131m Amac\u0131<\/strong><\/td><td>Aile ve Arkada\u015flar<\/td><td>\u0130\u015f ve E\u011fitim<\/td><\/tr><tr><td><strong>En B\u00fcy\u00fck Avantaj<\/strong><\/td><td>Sadelik ve Kalite<\/td><td>\u00d6zellik \u00c7e\u015fitlili\u011fi<\/td><\/tr><tr><td><strong>Kat\u0131l\u0131mc\u0131 Say\u0131s\u0131<\/strong><\/td><td>32 Ki\u015fi<\/td><td>100+ Ki\u015fi<\/td><\/tr><tr><td><strong>\u00dccret<\/strong><\/td><td>Tamamen \u00dccretsiz<\/td><td>Temel S\u00fcr\u00fcm \u00dccretsiz<\/td><\/tr><\/tbody><\/table><\/figure>\n\n\n\n<p>E\u011fer Apple cihazlar\u0131 kullanan k\u00fc\u00e7\u00fck bir grupla sohbet edecekseniz <strong>FaceTime<\/strong> en zahmetsiz se\u00e7enektir. Ancak sunum yapman\u0131z, toplant\u0131 kaydetmeniz veya kalabal\u0131k bir kitleye hitap etmeniz gerekiyorsa <strong>Zoom<\/strong> rakipsizdir.<\/p>\n","protected":false},"excerpt":{"rendered":"<p>G\u00f6r\u00fcnt\u00fcl\u00fc g\u00f6r\u00fc\u015fme uygulamalar\u0131 hayat\u0131m\u0131z\u0131n ayr\u0131lmaz bir par\u00e7as\u0131 haline geldi. Apple kullan\u0131c\u0131lar\u0131n\u0131n vazge\u00e7ilmezi FaceTime ile i\u015f d\u00fcnyas\u0131n\u0131n devi Zoom, farkl\u0131 ihtiya\u00e7lara hitap ediyor. Peki, 2026 y\u0131l\u0131nda sizin i\u00e7in hangi platform daha uygun? \u0130\u015fte detayl\u0131 kar\u015f\u0131la\u015ft\u0131rma. FaceTime: Ki\u015fisel G\u00f6r\u00fc\u015fmelerin Favorisi FaceTime, Apple ekosisteminde ya\u015fayanlar i\u00e7in en h\u0131zl\u0131 ve kaliteli \u00e7\u00f6z\u00fcm olmaya devam ediyor. \u00d6zellikle sade aray\u00fcz\u00fc ve [&hellip;]<\/p>\n","protected":false},"author":56,"featured_media":83302,"comment_status":"open","ping_status":"closed","sticky":false,"template":"","format":"standard","meta":{"footnotes":""},"categories":[1],"tags":[],"class_list":["post-83297","post","type-post","status-publish","format-standard","has-post-thumbnail","hentry","category-teknoloji"],"_links":{"self":[{"href":"https:\/\/www.indir.com\/haber\/wp-json\/wp\/v2\/posts\/83297","targetHints":{"allow":["GET"]}}],"collection":[{"href":"https:\/\/www.indir.com\/haber\/wp-json\/wp\/v2\/posts"}],"about":[{"href":"https:\/\/www.indir.com\/haber\/wp-json\/wp\/v2\/types\/post"}],"author":[{"embeddable":true,"href":"https:\/\/www.indir.com\/haber\/wp-json\/wp\/v2\/users\/56"}],"replies":[{"embeddable":true,"href":"https:\/\/www.indir.com\/haber\/wp-json\/wp\/v2\/comments?post=83297"}],"version-history":[{"count":1,"href":"https:\/\/www.indir.com\/haber\/wp-json\/wp\/v2\/posts\/83297\/revisions"}],"predecessor-version":[{"id":83303,"href":"https:\/\/www.indir.com\/haber\/wp-json\/wp\/v2\/posts\/83297\/revisions\/83303"}],"wp:featuredmedia":[{"embeddable":true,"href":"https:\/\/www.indir.com\/haber\/wp-json\/wp\/v2\/media\/83302"}],"wp:attachment":[{"href":"https:\/\/www.indir.com\/haber\/wp-json\/wp\/v2\/media?parent=83297"}],"wp:term":[{"taxonomy":"category","embeddable":true,"href":"https:\/\/www.indir.com\/haber\/wp-json\/wp\/v2\/categories?post=83297"},{"taxonomy":"post_tag","embeddable":true,"href":"https:\/\/www.indir.com\/haber\/wp-json\/wp\/v2\/tags?post=83297"}],"curies":[{"name":"wp","href":"https:\/\/api.w.org\/{rel}","templated":true}]}}