{"id":83250,"date":"2026-01-08T21:36:50","date_gmt":"2026-01-08T18:36:50","guid":{"rendered":"https:\/\/www.indir.com\/haber\/?p=83250"},"modified":"2026-01-08T21:36:51","modified_gmt":"2026-01-08T18:36:51","slug":"iphone-ve-ipadde-ekran-kaydi-nasil-alinir","status":"publish","type":"post","link":"https:\/\/www.indir.com\/haber\/iphone-ve-ipadde-ekran-kaydi-nasil-alinir\/","title":{"rendered":"iPhone ve iPad&#8217;de Ekran Kayd\u0131 Nas\u0131l Al\u0131n\u0131r?"},"content":{"rendered":"\n<p>Apple d\u00fcnyas\u0131nda i\u00e7erik \u00fcretmek, hata raporlamak veya favori oyun anlar\u0131n\u0131z\u0131 \u00f6l\u00fcms\u00fczle\u015ftirmek hi\u00e7 bu kadar kolay olmam\u0131\u015ft\u0131. iOS 19 ve iPadOS 19 g\u00fcncellemeleriyle birlikte Apple, kullan\u0131c\u0131 deneyimini bir \u00fcst seviyeye ta\u015f\u0131d\u0131. \u0130\u015fte en g\u00fcncel y\u00f6ntemlerle <strong>iPhone ve iPad\u2019de ekran kayd\u0131 nas\u0131l al\u0131n\u0131r<\/strong> sorusunun kapsaml\u0131 yan\u0131t\u0131 ve bilinmeyen p\u00fcf noktalar\u0131.<\/p>\n\n\n\n<h2 class=\"wp-block-heading\">iPhone ve iPad\u2019de Ekran Kayd\u0131 \u00d6zelli\u011fini Aktif Etme<\/h2>\n\n\n\n<p>Ekran\u0131n\u0131z\u0131 kaydetmeye ba\u015flamadan \u00f6nce, bu \u00f6zelli\u011fin &#8220;Denetim Merkezi&#8221;nde h\u0131zl\u0131 eri\u015fime a\u00e7\u0131k olmas\u0131 gerekir. Varsay\u0131lan olarak gizli gelebilen bu arac\u0131 \u015fu ad\u0131mlarla ekleyebilirsiniz:<\/p>\n\n\n\n<ol start=\"1\" class=\"wp-block-list\">\n<li><strong>Ayarlar<\/strong> uygulamas\u0131n\u0131 a\u00e7\u0131n.<\/li>\n\n\n\n<li><strong>Denetim Merkezi<\/strong> sekmesine dokunun.<\/li>\n\n\n\n<li>&#8220;Daha Fazla Denetim&#8221; listesinden <strong>Ekran Kayd\u0131<\/strong> se\u00e7ene\u011finin yan\u0131ndaki ye\u015fil &#8220;+&#8221; simgesine t\u0131klay\u0131n.<\/li>\n<\/ol>\n\n\n\n<p>Art\u0131k ekran\u0131n\u0131z\u0131n sa\u011f \u00fcst k\u00f6\u015fesinden a\u015fa\u011f\u0131 kayd\u0131rd\u0131\u011f\u0131n\u0131zda (veya eski modellerde yukar\u0131 kayd\u0131rd\u0131\u011f\u0131n\u0131zda) kay\u0131t d\u00fc\u011fmesini g\u00f6rebilirsiniz.<\/p>\n\n\n\n<h2 class=\"wp-block-heading\">Ad\u0131m Ad\u0131m iPhone Ekran Kayd\u0131 Nas\u0131l Yap\u0131l\u0131r?<\/h2>\n\n\n\n<p>\u00d6zelli\u011fi aktif ettikten sonra <strong>iPhone ekran videosu \u00e7ekme<\/strong> i\u015flemi saniyeler s\u00fcrer:<\/p>\n\n\n\n<ul class=\"wp-block-list\">\n<li>Denetim Merkezi&#8217;ni a\u00e7\u0131n ve yuvarlak <strong>Kay\u0131t<\/strong> d\u00fc\u011fmesine dokunun.<\/li>\n\n\n\n<li>\u00dc\u00e7 saniyelik geri say\u0131mdan sonra kay\u0131t ba\u015flayacakt\u0131r.<\/li>\n\n\n\n<li>Kayd\u0131 bitirmek i\u00e7in ekran\u0131n \u00fcst k\u0131sm\u0131ndaki k\u0131rm\u0131z\u0131 durum \u00e7ubu\u011funa veya Denetim Merkezi&#8217;ndeki kay\u0131t d\u00fc\u011fmesine tekrar dokunman\u0131z yeterlidir.<\/li>\n<\/ul>\n\n\n\n<h3 class=\"wp-block-heading\">Sesli Ekran Kayd\u0131 Nas\u0131l Al\u0131n\u0131r?<\/h3>\n\n\n\n<p>Bir\u00e7ok kullan\u0131c\u0131 <strong>mikrofon a\u00e7\u0131k ekran kayd\u0131<\/strong> yapmay\u0131 atl\u0131yor. E\u011fer videonuza kendi sesinizi de eklemek istiyorsan\u0131z; Denetim Merkezi&#8217;ndeki kay\u0131t simgesine <strong>bas\u0131l\u0131 tutun<\/strong>. A\u00e7\u0131lan alt men\u00fcde &#8220;Mikrofon&#8221; simgesine dokunarak &#8220;A\u00e7\u0131k&#8221; hale getirin. Bu sayede hem sistem seslerini hem de d\u0131\u015f sesleri kaydedebilirsiniz.<\/p>\n\n\n\n<h2 class=\"wp-block-heading\">iPad\u2019de Ekran Kayd\u0131 ve D\u00fczenleme \u0130pu\u00e7lar\u0131<\/h2>\n\n\n\n<p><strong>iPad ekran kayd\u0131 alma<\/strong> s\u00fcreci iPhone ile benzerlik g\u00f6sterse de, geni\u015f ekran sayesinde Apple Pencil kullanarak kay\u0131t s\u0131ras\u0131nda \u00e7izimler yapabilir veya notlar alabilirsiniz. Kaydetti\u011finiz videolar otomatik olarak <strong>Foto\u011fraflar<\/strong> uygulamas\u0131na kaydedilir. Burada &#8220;D\u00fczenle&#8221; se\u00e7ene\u011fine t\u0131klayarak videonun ba\u015f\u0131ndaki veya sonundaki fazlal\u0131klar\u0131 kolayca k\u0131rpabilirsiniz.<\/p>\n\n\n\n<p><strong>Sonu\u00e7 olarak;<\/strong> Apple cihazlar\u0131n\u0131zda herhangi bir \u00fc\u00e7\u00fcnc\u00fc taraf uygulamaya ihtiya\u00e7 duymadan profesyonel kalitede videolar olu\u015fturabilirsiniz.<\/p>\n","protected":false},"excerpt":{"rendered":"<p>Apple d\u00fcnyas\u0131nda i\u00e7erik \u00fcretmek, hata raporlamak veya favori oyun anlar\u0131n\u0131z\u0131 \u00f6l\u00fcms\u00fczle\u015ftirmek hi\u00e7 bu kadar kolay olmam\u0131\u015ft\u0131. iOS 19 ve iPadOS 19 g\u00fcncellemeleriyle birlikte Apple, kullan\u0131c\u0131 deneyimini bir \u00fcst seviyeye ta\u015f\u0131d\u0131. \u0130\u015fte en g\u00fcncel y\u00f6ntemlerle iPhone ve iPad\u2019de ekran kayd\u0131 nas\u0131l al\u0131n\u0131r sorusunun kapsaml\u0131 yan\u0131t\u0131 ve bilinmeyen p\u00fcf noktalar\u0131. iPhone ve iPad\u2019de Ekran Kayd\u0131 \u00d6zelli\u011fini Aktif [&hellip;]<\/p>\n","protected":false},"author":61,"featured_media":83251,"comment_status":"open","ping_status":"closed","sticky":false,"template":"","format":"standard","meta":{"footnotes":""},"categories":[57],"tags":[10470,263],"class_list":["post-83250","post","type-post","status-publish","format-standard","has-post-thumbnail","hentry","category-nasil-yapilir","tag-ipad-2","tag-iphone-2"],"_links":{"self":[{"href":"https:\/\/www.indir.com\/haber\/wp-json\/wp\/v2\/posts\/83250","targetHints":{"allow":["GET"]}}],"collection":[{"href":"https:\/\/www.indir.com\/haber\/wp-json\/wp\/v2\/posts"}],"about":[{"href":"https:\/\/www.indir.com\/haber\/wp-json\/wp\/v2\/types\/post"}],"author":[{"embeddable":true,"href":"https:\/\/www.indir.com\/haber\/wp-json\/wp\/v2\/users\/61"}],"replies":[{"embeddable":true,"href":"https:\/\/www.indir.com\/haber\/wp-json\/wp\/v2\/comments?post=83250"}],"version-history":[{"count":1,"href":"https:\/\/www.indir.com\/haber\/wp-json\/wp\/v2\/posts\/83250\/revisions"}],"predecessor-version":[{"id":83252,"href":"https:\/\/www.indir.com\/haber\/wp-json\/wp\/v2\/posts\/83250\/revisions\/83252"}],"wp:featuredmedia":[{"embeddable":true,"href":"https:\/\/www.indir.com\/haber\/wp-json\/wp\/v2\/media\/83251"}],"wp:attachment":[{"href":"https:\/\/www.indir.com\/haber\/wp-json\/wp\/v2\/media?parent=83250"}],"wp:term":[{"taxonomy":"category","embeddable":true,"href":"https:\/\/www.indir.com\/haber\/wp-json\/wp\/v2\/categories?post=83250"},{"taxonomy":"post_tag","embeddable":true,"href":"https:\/\/www.indir.com\/haber\/wp-json\/wp\/v2\/tags?post=83250"}],"curies":[{"name":"wp","href":"https:\/\/api.w.org\/{rel}","templated":true}]}}