{"id":83232,"date":"2026-01-08T21:25:54","date_gmt":"2026-01-08T18:25:54","guid":{"rendered":"https:\/\/www.indir.com\/haber\/?p=83232"},"modified":"2026-01-08T21:26:25","modified_gmt":"2026-01-08T18:26:25","slug":"apple-garanti-sorgulama-nasil-yapilir","status":"publish","type":"post","link":"https:\/\/www.indir.com\/haber\/apple-garanti-sorgulama-nasil-yapilir\/","title":{"rendered":"Apple Garanti Sorgulama Nas\u0131l Yap\u0131l\u0131r?"},"content":{"rendered":"\n<p>Apple \u00fcr\u00fcnleri, sundu\u011fu uzun s\u00fcreli yaz\u0131l\u0131m deste\u011fi ve y\u00fcksek kaliteli donan\u0131mlar\u0131yla bilinse de, olas\u0131 ar\u0131za durumlar\u0131nda garanti kapsam\u0131n\u0131n devam edip etmedi\u011fi b\u00fcy\u00fck \u00f6nem ta\u015f\u0131r. \u00d6zellikle ikinci el bir iPhone, iPad veya Mac al\u0131rken ya da mevcut cihaz\u0131n\u0131z\u0131n onar\u0131m s\u00fcreci \u00f6ncesinde <strong>Apple garanti sorgulama<\/strong> i\u015flemini yapmak sizi ek maliyetlerden korur.<\/p>\n\n\n\n<p>\u0130\u015fte 2026 y\u0131l\u0131 g\u00fcncel y\u00f6ntemleriyle Apple servis ve destek kapsam\u0131 sorgulama rehberi:<\/p>\n\n\n\n<h2 class=\"wp-block-heading\">Apple Garanti Sorgulama Nas\u0131l Yap\u0131l\u0131r? (Ad\u0131m Ad\u0131m)<\/h2>\n\n\n\n<p>Cihaz\u0131n\u0131z\u0131n garanti durumunu kontrol etmenin en g\u00fcvenilir yolu Apple\u2019\u0131n resmi kanallar\u0131n\u0131 kullanmakt\u0131r. 2026 y\u0131l\u0131 itibar\u0131yla en h\u0131zl\u0131 y\u00f6ntemler \u015funlard\u0131r:<\/p>\n\n\n\n<h3 class=\"wp-block-heading\">1. Resmi \u0130nternet Sitesi \u00dczerinden Sorgulama<\/h3>\n\n\n\n<p>Herhangi bir taray\u0131c\u0131dan <strong>checkcoverage.apple.com<\/strong> adresine giderek <strong>Apple seri no ile garanti sorgulama<\/strong> i\u015flemini ger\u00e7ekle\u015ftirebilirsiniz. Sitedeki ilgili kutucu\u011fa cihaz\u0131n\u0131z\u0131n seri numaras\u0131n\u0131 yaz\u0131p g\u00fcvenlik kodunu do\u011frulaman\u0131z yeterlidir. Bu ekranda cihaz\u0131n\u0131z\u0131n modelini, ge\u00e7erli sat\u0131n alma tarihini ve onar\u0131m kapsam\u0131 bilgilerini g\u00f6rebilirsiniz.<\/p>\n\n\n\n<h3 class=\"wp-block-heading\">2. Apple Destek Uygulamas\u0131 ile Kolay Kontrol<\/h3>\n\n\n\n<p>App Store \u00fczerinden indirebilece\u011finiz <strong>Apple Destek<\/strong> uygulamas\u0131, giri\u015f yapt\u0131\u011f\u0131n\u0131z Apple kimli\u011fine ba\u011fl\u0131 t\u00fcm cihazlar\u0131 otomatik olarak listeler. &#8220;Ayg\u0131t Ayr\u0131nt\u0131lar\u0131&#8221; sekmesi alt\u0131ndan <strong>Apple garanti s\u00fcresi \u00f6\u011frenme<\/strong> i\u015flemini saniyeler i\u00e7inde tamamlayabilir, gerekirse do\u011frudan teknik destek talebi olu\u015fturabilirsiniz.<\/p>\n\n\n\n<h2 class=\"wp-block-heading\">Apple Seri Numaras\u0131 Nerede Yazar?<\/h2>\n\n\n\n<p>Sorgulama yapabilmek i\u00e7in ihtiyac\u0131n\u0131z olan en temel bilgi cihaz\u0131n seri numaras\u0131d\u0131r. <strong>Apple seri numaras\u0131 bulma<\/strong> y\u00f6ntemleri cihaza g\u00f6re de\u011fi\u015fiklik g\u00f6sterir:<\/p>\n\n\n\n<ul class=\"wp-block-list\">\n<li><strong>iPhone ve iPad i\u00e7in:<\/strong> Ayarlar > Genel > Hakk\u0131nda ad\u0131mlar\u0131n\u0131 izleyerek seri numaras\u0131n\u0131 kopyalayabilirsiniz.<\/li>\n\n\n\n<li><strong>Mac i\u00e7in:<\/strong> Ekran\u0131n sol \u00fcst\u00fcndeki Apple (\uf8ff) men\u00fcs\u00fcne t\u0131klay\u0131p &#8220;Bu Mac Hakk\u0131nda&#8221; se\u00e7ene\u011fini se\u00e7in.<\/li>\n\n\n\n<li><strong>Fiziksel Kontrol:<\/strong> Orijinal \u00fcr\u00fcn kutusunun arkas\u0131ndaki barkodda veya baz\u0131 modellerde SIM tepsisinde seri numaras\u0131 yer al\u0131r.<\/li>\n<\/ul>\n\n\n\n<h2 class=\"wp-block-heading\">Apple Garanti Kapsam\u0131 Neleri \u0130\u00e7erir?<\/h2>\n\n\n\n<p>Sorgulama ekran\u0131nda g\u00f6rece\u011finiz &#8220;S\u0131n\u0131rl\u0131 Garanti&#8221;, \u00fcretimden kaynakl\u0131 hatalar\u0131 kapsar. Ancak s\u0131v\u0131 temas\u0131 veya ekran k\u0131r\u0131lmas\u0131 gibi kullan\u0131c\u0131 kaynakl\u0131 hasarlar genellikle garanti d\u0131\u015f\u0131d\u0131r. 2026 y\u0131l\u0131nda Apple T\u00fcrkiye, t\u00fcketici haklar\u0131 gere\u011fi genellikle <strong>2 y\u0131l garanti<\/strong> sunmaktad\u0131r. E\u011fer cihaz\u0131n\u0131zda &#8220;AppleCare+&#8221; paketi varsa, bu kapsam \u00e7ok daha geni\u015ftir.<\/p>\n\n\n\n<p><strong>\u00d6zetle;<\/strong> Cihaz\u0131n\u0131z\u0131n sa\u011fl\u0131\u011f\u0131n\u0131 ve de\u011ferini korumak i\u00e7in belirli aral\u0131klarla <strong>Apple garanti kontrol\u00fc<\/strong> yapman\u0131z\u0131 \u00f6neririz.<\/p>\n","protected":false},"excerpt":{"rendered":"<p>Apple \u00fcr\u00fcnleri, sundu\u011fu uzun s\u00fcreli yaz\u0131l\u0131m deste\u011fi ve y\u00fcksek kaliteli donan\u0131mlar\u0131yla bilinse de, olas\u0131 ar\u0131za durumlar\u0131nda garanti kapsam\u0131n\u0131n devam edip etmedi\u011fi b\u00fcy\u00fck \u00f6nem ta\u015f\u0131r. \u00d6zellikle ikinci el bir iPhone, iPad veya Mac al\u0131rken ya da mevcut cihaz\u0131n\u0131z\u0131n onar\u0131m s\u00fcreci \u00f6ncesinde Apple garanti sorgulama i\u015flemini yapmak sizi ek maliyetlerden korur. \u0130\u015fte 2026 y\u0131l\u0131 g\u00fcncel y\u00f6ntemleriyle Apple [&hellip;]<\/p>\n","protected":false},"author":61,"featured_media":83234,"comment_status":"open","ping_status":"closed","sticky":false,"template":"","format":"standard","meta":{"footnotes":""},"categories":[59,56],"tags":[104],"class_list":["post-83232","post","type-post","status-publish","format-standard","has-post-thumbnail","hentry","category-ipuclari","category-nedir","tag-apple"],"_links":{"self":[{"href":"https:\/\/www.indir.com\/haber\/wp-json\/wp\/v2\/posts\/83232","targetHints":{"allow":["GET"]}}],"collection":[{"href":"https:\/\/www.indir.com\/haber\/wp-json\/wp\/v2\/posts"}],"about":[{"href":"https:\/\/www.indir.com\/haber\/wp-json\/wp\/v2\/types\/post"}],"author":[{"embeddable":true,"href":"https:\/\/www.indir.com\/haber\/wp-json\/wp\/v2\/users\/61"}],"replies":[{"embeddable":true,"href":"https:\/\/www.indir.com\/haber\/wp-json\/wp\/v2\/comments?post=83232"}],"version-history":[{"count":1,"href":"https:\/\/www.indir.com\/haber\/wp-json\/wp\/v2\/posts\/83232\/revisions"}],"predecessor-version":[{"id":83241,"href":"https:\/\/www.indir.com\/haber\/wp-json\/wp\/v2\/posts\/83232\/revisions\/83241"}],"wp:featuredmedia":[{"embeddable":true,"href":"https:\/\/www.indir.com\/haber\/wp-json\/wp\/v2\/media\/83234"}],"wp:attachment":[{"href":"https:\/\/www.indir.com\/haber\/wp-json\/wp\/v2\/media?parent=83232"}],"wp:term":[{"taxonomy":"category","embeddable":true,"href":"https:\/\/www.indir.com\/haber\/wp-json\/wp\/v2\/categories?post=83232"},{"taxonomy":"post_tag","embeddable":true,"href":"https:\/\/www.indir.com\/haber\/wp-json\/wp\/v2\/tags?post=83232"}],"curies":[{"name":"wp","href":"https:\/\/api.w.org\/{rel}","templated":true}]}}