{"id":83064,"date":"2026-01-08T11:46:26","date_gmt":"2026-01-08T08:46:26","guid":{"rendered":"https:\/\/www.indir.com\/haber\/?p=83064"},"modified":"2026-01-08T11:46:28","modified_gmt":"2026-01-08T08:46:28","slug":"iphone-beyaz-ekran-sorunu-nasil-cozulur","status":"publish","type":"post","link":"https:\/\/www.indir.com\/haber\/iphone-beyaz-ekran-sorunu-nasil-cozulur\/","title":{"rendered":"iPhone beyaz ekran sorunu nas\u0131l \u00e7\u00f6z\u00fcl\u00fcr?"},"content":{"rendered":"\n<p>iPhone ak\u0131ll\u0131 cihaz\u0131n\u0131zda beyaz ekran sorunu ya\u015f\u0131yorsan\u0131z yaz\u0131m\u0131zdan faydalanarak bu soruna bir \u00e7\u00f6z\u00fcm bulabilirsiniz. Baz\u0131 \u00e7\u00f6z\u00fcm yollar\u0131n\u0131 denemek di\u011fer y\u00f6ntemleri uygulamaktan daha kolayd\u0131r. Bu nedenle ilk olarak basit olan y\u00f6ntemlerden s\u00f6z edece\u011fiz. Y\u00f6ntemler ilerledik\u00e7e daha farkl\u0131 ad\u0131mlar ile kar\u015f\u0131la\u015facaks\u0131n\u0131z.&nbsp;<\/p>\n\n\n\n<h2 class=\"wp-block-heading\">B\u00fcy\u00fctmeyi kapat\u0131n<\/h2>\n\n\n\n<p>Ak\u0131ll\u0131 cihaz\u0131n\u0131z\u0131n ekran\u0131n\u0131 ya\u015fad\u0131\u011f\u0131n\u0131z\u0131 d\u00fc\u015f\u00fcnd\u00fc\u011f\u00fcn\u00fcz \u015fey, yanl\u0131\u015fl\u0131kla a\u00e7\u0131lan ekran b\u00fcy\u00fctme \u00f6zelli\u011fi olabilir. Ekran b\u00fcy\u00fctme se\u00e7ene\u011fini kullanarak ak\u0131ll\u0131 cihaz\u0131n\u0131z\u0131n ekran\u0131nda yer alan nesneleri \u00e7ok fazla yak\u0131nla\u015ft\u0131rd\u0131\u011f\u0131n\u0131zda ekran beyaz g\u00f6r\u00fclebilir.&nbsp;<\/p>\n\n\n\n<p>Bunu d\u00fczeltmek i\u00e7in a\u015fa\u011f\u0131daki ad\u0131mlar\u0131 takip edin:<\/p>\n\n\n\n<p>-\u00dc\u00e7 orta parma\u011f\u0131n\u0131z\u0131 birle\u015ftirerek haz\u0131rlay\u0131n.<\/p>\n\n\n\n<p>-\u015eimdi \u00fc\u00e7 parma\u011f\u0131n\u0131zla ekrana \u00e7ift dokunun.<\/p>\n\n\n\n<p>-Yak\u0131nla\u015ft\u0131rma kapat\u0131lm\u0131\u015f olacak.<\/p>\n\n\n\n<p>iPhone ak\u0131ll\u0131 cihaz\u0131n\u0131zdaki beyaz ekran sorunu halen devam ediyorsa geli\u015fmi\u015f ad\u0131mlar\u0131 takip edebilirsiniz.&nbsp;<\/p>\n\n\n\n<h2 class=\"wp-block-heading\">iPhone&#8217;u s\u0131f\u0131rlay\u0131n<\/h2>\n\n\n\n<p>iPhone 6 ak\u0131ll\u0131 cihaz\u0131n\u0131z\u0131 s\u0131f\u0131rlamak i\u00e7in a\u015fa\u011f\u0131daki ad\u0131mlar\u0131 takip edin;<\/p>\n\n\n\n<p>-G\u00fc\u00e7 ve Home d\u00fc\u011fmelerini ayn\u0131 anda bas\u0131l\u0131 tutun.<\/p>\n\n\n\n<p>-Ekran siyah oluncaya ve Apple logosunu g\u00f6rene kadar iki d\u00fc\u011fmeyi de bas\u0131l\u0131 tutun.<\/p>\n\n\n\n<p>-Telefon kapand\u0131\u011f\u0131nda, tekrar a\u00e7madan \u00f6nce 30 saniye bekleyin.<\/p>\n\n\n\n<p>iPhone 7&#8217;de nas\u0131l s\u0131f\u0131rlama yapmak i\u00e7inse a\u015fa\u011f\u0131daki ad\u0131mlar\u0131 takip edin;<\/p>\n\n\n\n<p>-G\u00fc\u00e7 ve Sesi Azaltma d\u00fc\u011fmelerini ayn\u0131 anda bas\u0131l\u0131 tutun.<\/p>\n\n\n\n<p>-Ekran siyah oluncaya ve Apple logosunu g\u00f6rene kadar iki d\u00fc\u011fmeyi de bas\u0131l\u0131 tutun.<\/p>\n\n\n\n<p>-Telefon kapand\u0131\u011f\u0131nda, tekrar a\u00e7madan \u00f6nce 30 saniye bekleyin.<\/p>\n\n\n\n<p>iPhone 8 ve \u00fczeri s\u00fcr\u00fcmlerde s\u0131f\u0131rlama yapmak i\u00e7in a\u015fa\u011f\u0131daki ad\u0131mlar\u0131 takip edebilirsiniz;<\/p>\n\n\n\n<p>iPhone X ve \u00fcst\u00fcn\u00fcn Home d\u00fc\u011fmeleri olmad\u0131\u011f\u0131ndan y\u00f6ntem farkl\u0131d\u0131r (iPhone 8 i\u00e7in \u00f6nceki ad\u0131m\u0131 deneyin).<\/p>\n\n\n\n<p>-Sesi A\u00e7 d\u00fc\u011fmesini bas\u0131l\u0131 tutun, sonra b\u0131rak\u0131n.<\/p>\n\n\n\n<p>-Ses K\u0131sma d\u00fc\u011fmesini bas\u0131l\u0131 tutun, sonra b\u0131rak\u0131n.<\/p>\n\n\n\n<p>-Serbest b\u0131rakmadan \u00f6nce Apple logosu g\u00f6r\u00fcnene kadar G\u00fc\u00e7 d\u00fc\u011fmesine bas\u0131n.<\/p>\n\n\n\n<h2 class=\"wp-block-heading\">iTunes&#8217;u kullanarak iPhone&#8217;u geri y\u00fckleme i\u015flemi&nbsp;<\/h2>\n\n\n\n<p>iPhone ak\u0131ll\u0131 cihazlarda ya\u015fanan beyaz erkan sorununun ve \u00e7\u00f6z\u00fcm\u00fcnde bir sonraki y\u00f6ntem ise iTunes&#8217;u kullanarak iPhone ak\u0131ll\u0131 cihaz\u0131n\u0131z\u0131 geri y\u00fcklemektir.&nbsp;<\/p>\n\n\n\n<p>-iPhone cihaz\u0131n\u0131z\u0131 kapat\u0131n.<\/p>\n\n\n\n<p>-USB kablosunu telefona tak\u0131n ve hen\u00fcz PC&#8217;nize ba\u011flamay\u0131n.<\/p>\n\n\n\n<p>-iPhone 6 ve alt\u0131nda, Giri\u015f d\u00fc\u011fmesini bas\u0131l\u0131 tutun ve kabloyu PC&#8217;ye ba\u011flay\u0131n. iPhone 7&#8217;de Ses k\u0131sma d\u00fc\u011fmesine bas\u0131n ve kabloyu PC&#8217;ye ba\u011flay\u0131n. iPhone 8 ve \u00fczeri cihazlarda G\u00fc\u00e7 d\u00fc\u011fmesini bas\u0131l\u0131 tutun ve kabloyu PC&#8217;ye ba\u011flay\u0131n.<\/p>\n\n\n\n<p>-iTunes simgesi belirene dek d\u00fc\u011fmeleri bas\u0131l\u0131 tutmaya devam edin.<\/p>\n\n\n\n<p>-PC&#8217;nizde iTunes men\u00fcs\u00fcnde&nbsp;iPhone&#8217;u yedekten geri y\u00fckle&nbsp;veya \u0130\u015fletim sistemini g\u00fcncelle g\u00f6r\u00fclecektir. iPhone&#8217;u yedekten geri y\u00fckleme se\u00e7ene\u011fini se\u00e7in.<\/p>\n\n\n\n<h2 class=\"wp-block-heading\">iPhone&#8217;u DFU Moduna yerle\u015ftirin<\/h2>\n\n\n\n<p>DFU Modu, Ayg\u0131t Yaz\u0131l\u0131m\u0131 G\u00fcncelleme Modu anlam\u0131na gelir. Yukar\u0131da yer alan kurtarma modu beyaz ekran sorunu i\u00e7in yeterli gelmediyse bu y\u00f6ntemi kullanabilirsiniz.&nbsp;<\/p>\n\n\n\n<p>-USB kablosunu iPhone&#8217;unuza ve di\u011fer ucunu PC&#8217;nize ba\u011flay\u0131n.<\/p>\n\n\n\n<p>-Cihaz\u0131 kapatmak i\u00e7in G\u00fc\u00e7 d\u00fc\u011fmesini 5 saniye bas\u0131l\u0131 tutun.<\/p>\n\n\n\n<p>-iPhone 6 ve alt\u0131ndaki cihazlarda, Ana Ekran d\u00fc\u011fmesini ve G\u00fc\u00e7 d\u00fc\u011fmesini ayn\u0131 anda bas\u0131l\u0131 tutun. iPhone 7 ve \u00fczeri cihazlarda, Ses k\u0131sma d\u00fc\u011fmesini ve G\u00fc\u00e7 d\u00fc\u011fmesini ayn\u0131 anda bas\u0131l\u0131 tutun.<\/p>\n\n\n\n<p>-\u0130lgili d\u00fc\u011fmeleri en az 10 saniye bas\u0131l\u0131 tutun.<\/p>\n\n\n\n<p>-10 saniye sonra, G\u00fc\u00e7 d\u00fc\u011fmesini b\u0131rak\u0131n, ancak Ana Sayfa \/ Sesi azaltma d\u00fc\u011fmesini bas\u0131l\u0131 tutun.<\/p>\n\n\n\n<p>-iPhone ekran\u0131 tamamen siyah olursa, DFU moduna ba\u015far\u0131yla girdiniz demektir. iTunes logosunu g\u00f6r\u00fcrseniz, 1. Ad\u0131mdan ba\u015ftan ba\u015flay\u0131n.<\/p>\n\n\n\n<p>-DFU modunda, Yedeklemeyi Geri Y\u00fckle veya \u0130\u015fletim Sistemini G\u00fcncelle butonlar\u0131n\u0131 kullan\u0131n.<\/p>\n","protected":false},"excerpt":{"rendered":"<p>iPhone ak\u0131ll\u0131 cihaz\u0131n\u0131zda beyaz ekran sorunu ya\u015f\u0131yorsan\u0131z yaz\u0131m\u0131zdan faydalanarak bu soruna bir \u00e7\u00f6z\u00fcm bulabilirsiniz. Baz\u0131 \u00e7\u00f6z\u00fcm yollar\u0131n\u0131 denemek di\u011fer y\u00f6ntemleri uygulamaktan daha kolayd\u0131r. Bu nedenle ilk olarak basit olan y\u00f6ntemlerden s\u00f6z edece\u011fiz. Y\u00f6ntemler ilerledik\u00e7e daha farkl\u0131 ad\u0131mlar ile kar\u015f\u0131la\u015facaks\u0131n\u0131z.&nbsp; B\u00fcy\u00fctmeyi kapat\u0131n Ak\u0131ll\u0131 cihaz\u0131n\u0131z\u0131n ekran\u0131n\u0131 ya\u015fad\u0131\u011f\u0131n\u0131z\u0131 d\u00fc\u015f\u00fcnd\u00fc\u011f\u00fcn\u00fcz \u015fey, yanl\u0131\u015fl\u0131kla a\u00e7\u0131lan ekran b\u00fcy\u00fctme \u00f6zelli\u011fi olabilir. Ekran b\u00fcy\u00fctme [&hellip;]<\/p>\n","protected":false},"author":8,"featured_media":83067,"comment_status":"open","ping_status":"closed","sticky":false,"template":"","format":"standard","meta":{"footnotes":""},"categories":[57,1],"tags":[],"class_list":["post-83064","post","type-post","status-publish","format-standard","has-post-thumbnail","hentry","category-nasil-yapilir","category-teknoloji"],"_links":{"self":[{"href":"https:\/\/www.indir.com\/haber\/wp-json\/wp\/v2\/posts\/83064","targetHints":{"allow":["GET"]}}],"collection":[{"href":"https:\/\/www.indir.com\/haber\/wp-json\/wp\/v2\/posts"}],"about":[{"href":"https:\/\/www.indir.com\/haber\/wp-json\/wp\/v2\/types\/post"}],"author":[{"embeddable":true,"href":"https:\/\/www.indir.com\/haber\/wp-json\/wp\/v2\/users\/8"}],"replies":[{"embeddable":true,"href":"https:\/\/www.indir.com\/haber\/wp-json\/wp\/v2\/comments?post=83064"}],"version-history":[{"count":1,"href":"https:\/\/www.indir.com\/haber\/wp-json\/wp\/v2\/posts\/83064\/revisions"}],"predecessor-version":[{"id":83068,"href":"https:\/\/www.indir.com\/haber\/wp-json\/wp\/v2\/posts\/83064\/revisions\/83068"}],"wp:featuredmedia":[{"embeddable":true,"href":"https:\/\/www.indir.com\/haber\/wp-json\/wp\/v2\/media\/83067"}],"wp:attachment":[{"href":"https:\/\/www.indir.com\/haber\/wp-json\/wp\/v2\/media?parent=83064"}],"wp:term":[{"taxonomy":"category","embeddable":true,"href":"https:\/\/www.indir.com\/haber\/wp-json\/wp\/v2\/categories?post=83064"},{"taxonomy":"post_tag","embeddable":true,"href":"https:\/\/www.indir.com\/haber\/wp-json\/wp\/v2\/tags?post=83064"}],"curies":[{"name":"wp","href":"https:\/\/api.w.org\/{rel}","templated":true}]}}