{"id":83023,"date":"2026-01-08T10:58:07","date_gmt":"2026-01-08T07:58:07","guid":{"rendered":"https:\/\/www.indir.com\/haber\/?p=83023"},"modified":"2026-01-08T10:58:07","modified_gmt":"2026-01-08T07:58:07","slug":"e-okul-notlari-neden-gostermiyor","status":"publish","type":"post","link":"https:\/\/www.indir.com\/haber\/e-okul-notlari-neden-gostermiyor\/","title":{"rendered":"E-Okul Notlar\u0131 Neden G\u00f6stermiyor?"},"content":{"rendered":"\n<p>Yaz mevsimine art\u0131k girdik diyebiliriz, yaza giri\u015f ile beraber okullar\u0131n kapanma s\u00fcrecide ba\u015flad\u0131 denilebilir. Bu kapanmalar yakla\u015f\u0131rken, E okul sistemi olan veli bilgilendirme sisteminin son zamanlarda \u00e7al\u0131\u015fmad\u0131\u011f\u0131 kullan\u0131c\u0131lar taraf\u0131ndan fark edildi. E okul veli bilgilendirme sistemine giri\u015f yapt\u0131ktan sonra \u00f6\u011frencilerin ve velilerin notlar\u0131 g\u00f6rmemesinden sonra \u00f6\u011frenciler ara\u015ft\u0131rmaya ba\u015flad\u0131lar. Milyonlarca \u00f6\u011frenciyi ilgilendiren bu konuda karne haftalar\u0131da yakla\u015fm\u0131\u015fken proje ve performans gibi notlar merak edilmeye ba\u015fland\u0131. E Okul veli bilgilendirme sistemi notlar\u0131 neden g\u00f6stermiyor&#8217;<\/p>\n\n\n\n<h2 class=\"wp-block-heading\">E- Okul Notlar\u0131n\u0131 \u00d6\u011frenme <\/h2>\n\n\n\n<p>Notlar\u0131n girilmeye ba\u015flanmas\u0131 ve karne haftas\u0131 ile beraber E Okul eri\u015fimi \u00f6\u011frencilere kapat\u0131l\u0131r. Ancak hen\u00fcz karne d\u00f6nemi gelmemi\u015fken ve \u00f6\u011frencilerin veli bilgilendirme sistemine eri\u015fimi s\u00fcrerken bu sabah saatleri ile beraber e okul&#8217;a giri\u015f esnas\u0131nda bir problem old\u011fuu ifade edildi. E okul eri\u015fim engelini d\u00fczelten Milli E\u011fitim Bakanl\u0131\u011f\u0131, \u015fimdi ise yeni bir sorun ile kar\u015f\u0131 kar\u015f\u0131ya durumda. \u0130fade edilene g\u00f6re e okul sistemine girilsede \u00f6\u011frencilerin notlar\u0131 sistem \u00fczerinden g\u00f6z\u00fckm\u00fcyor. Konu hakk\u0131nda yine e okul veli bilgilendirme sistemi bir cevap verdi. G\u00fcndemde yer alan sistemin a\u00e7\u0131lmamas\u0131 ve sonras\u0131nda notlar\u0131n g\u00f6z\u00fckmemesi \u00fczerine &#8216;Say\u0131n Velimiz; \u00f6\u011frencimize ait ders notlar\u0131, \u00f6\u011frencimiz taraf\u0131ndan ders \u00f6\u011fretmenlerinden \u00f6\u011frenilecektir&#8217; \u015feklinde bir a\u00e7\u0131klama yap\u0131ld\u0131.<\/p>\n\n\n\n<p>Lise son s\u0131n\u0131fa kadar \u00f6\u011frenciler ve t\u00fcm \u00f6\u011fretmenler E okul sisteminden yararlanabiliyorlar ve notlar\u0131n\u0131 g\u00f6rebiliyorlar. \u00d6\u011frencinin gerekli TC bilgisi ve okul numaras\u0131 gibi bilgileri girdikten sonra \u00f6\u011frenci hakk\u0131nda t\u00fcm bilgilere eri\u015filebilir durumlar olunuyor. \u00d6\u011fretmenler ise Milli E\u011fitim Bakanl\u0131\u011f\u0131 \u00fczerinden giri\u015f yaparak bir kullan\u0131c\u0131 ad\u0131 ve \u015fifre al\u0131p o \u015fekilde giri\u015f yapabiliyorlar. Bakal\u0131m E Okul sisteminde ya\u015fanan bu sorunlar s\u00fcrecek mi g\u00f6rece\u011fiz.<\/p>\n","protected":false},"excerpt":{"rendered":"<p>Yaz mevsimine art\u0131k girdik diyebiliriz, yaza giri\u015f ile beraber okullar\u0131n kapanma s\u00fcrecide ba\u015flad\u0131 denilebilir. Bu kapanmalar yakla\u015f\u0131rken, E okul sistemi olan veli bilgilendirme sisteminin son zamanlarda \u00e7al\u0131\u015fmad\u0131\u011f\u0131 kullan\u0131c\u0131lar taraf\u0131ndan fark edildi. E okul veli bilgilendirme sistemine giri\u015f yapt\u0131ktan sonra \u00f6\u011frencilerin ve velilerin notlar\u0131 g\u00f6rmemesinden sonra \u00f6\u011frenciler ara\u015ft\u0131rmaya ba\u015flad\u0131lar. Milyonlarca \u00f6\u011frenciyi ilgilendiren bu konuda karne haftalar\u0131da [&hellip;]<\/p>\n","protected":false},"author":8,"featured_media":83024,"comment_status":"open","ping_status":"closed","sticky":false,"template":"","format":"standard","meta":{"footnotes":""},"categories":[57,1],"tags":[],"class_list":["post-83023","post","type-post","status-publish","format-standard","has-post-thumbnail","hentry","category-nasil-yapilir","category-teknoloji"],"_links":{"self":[{"href":"https:\/\/www.indir.com\/haber\/wp-json\/wp\/v2\/posts\/83023","targetHints":{"allow":["GET"]}}],"collection":[{"href":"https:\/\/www.indir.com\/haber\/wp-json\/wp\/v2\/posts"}],"about":[{"href":"https:\/\/www.indir.com\/haber\/wp-json\/wp\/v2\/types\/post"}],"author":[{"embeddable":true,"href":"https:\/\/www.indir.com\/haber\/wp-json\/wp\/v2\/users\/8"}],"replies":[{"embeddable":true,"href":"https:\/\/www.indir.com\/haber\/wp-json\/wp\/v2\/comments?post=83023"}],"version-history":[{"count":1,"href":"https:\/\/www.indir.com\/haber\/wp-json\/wp\/v2\/posts\/83023\/revisions"}],"predecessor-version":[{"id":83026,"href":"https:\/\/www.indir.com\/haber\/wp-json\/wp\/v2\/posts\/83023\/revisions\/83026"}],"wp:featuredmedia":[{"embeddable":true,"href":"https:\/\/www.indir.com\/haber\/wp-json\/wp\/v2\/media\/83024"}],"wp:attachment":[{"href":"https:\/\/www.indir.com\/haber\/wp-json\/wp\/v2\/media?parent=83023"}],"wp:term":[{"taxonomy":"category","embeddable":true,"href":"https:\/\/www.indir.com\/haber\/wp-json\/wp\/v2\/categories?post=83023"},{"taxonomy":"post_tag","embeddable":true,"href":"https:\/\/www.indir.com\/haber\/wp-json\/wp\/v2\/tags?post=83023"}],"curies":[{"name":"wp","href":"https:\/\/api.w.org\/{rel}","templated":true}]}}