{"id":82922,"date":"2026-01-07T22:56:31","date_gmt":"2026-01-07T19:56:31","guid":{"rendered":"https:\/\/www.indir.com\/haber\/?p=82922"},"modified":"2026-01-07T22:56:32","modified_gmt":"2026-01-07T19:56:32","slug":"face-idye-ikinci-bir-yuz-nasil-eklenir","status":"publish","type":"post","link":"https:\/\/www.indir.com\/haber\/face-idye-ikinci-bir-yuz-nasil-eklenir\/","title":{"rendered":"Face ID\u2019ye \u0130kinci Bir Y\u00fcz Nas\u0131l Eklenir?"},"content":{"rendered":"\n<p>Face ID, Apple taraf\u0131ndan geli\u015ftirilen ve iPhone ile iPad cihazlar\u0131nda kullan\u0131lan y\u00fcz tan\u0131ma tabanl\u0131 bir biyometrik g\u00fcvenlik sistemidir. Cihaz kilidini a\u00e7ma, uygulamalara giri\u015f yapma ve \u00f6demeleri onaylama gibi i\u015flemleri g\u00fcvenli \u015fekilde ger\u00e7ekle\u015ftirmenizi sa\u011flar.<\/p>\n\n\n\n<p>Apple, tek bir Face ID\u2019ye ikinci bir y\u00fcz tan\u0131mlama imk\u00e2n\u0131 sunar. Bu \u00f6zellik sayesinde cihaz\u0131n\u0131z\u0131 farkl\u0131 bir ki\u015fiyle payla\u015fabilir ya da kendiniz i\u00e7in alternatif bir g\u00f6r\u00fcn\u00fcm (g\u00f6zl\u00fckl\u00fc, maskesiz vb.) ekleyebilirsiniz.<\/p>\n\n\n\n<h2 class=\"wp-block-heading\">Face ID\u2019ye \u0130kinci Y\u00fcz Eklemek Ne \u0130\u015fe Yarar?<\/h2>\n\n\n\n<p>Face ID\u2019ye ikinci bir y\u00fcz eklemenin sa\u011flad\u0131\u011f\u0131 avantajlar \u015funlard\u0131r:<\/p>\n\n\n\n<ul class=\"wp-block-list\">\n<li>Cihaz\u0131 bir ba\u015fka ki\u015fiyle g\u00fcvenli \u015fekilde payla\u015fma<\/li>\n\n\n\n<li>Maske, g\u00f6zl\u00fck veya farkl\u0131 sa\u00e7 stilleri i\u00e7in alternatif tan\u0131mlama<\/li>\n\n\n\n<li>Face ID\u2019nin daha h\u0131zl\u0131 ve do\u011fru \u00e7al\u0131\u015fmas\u0131<\/li>\n\n\n\n<li> \u0130\u015f veya aile kullan\u0131m\u0131nda pratiklik<\/li>\n<\/ul>\n\n\n\n<h2 class=\"wp-block-heading\">Face ID\u2019ye \u0130kinci Bir Y\u00fcz Nas\u0131l Eklenir?<\/h2>\n\n\n\n<p>A\u015fa\u011f\u0131daki ad\u0131mlar\u0131 izleyerek Face ID\u2019ye kolayca ikinci bir y\u00fcz ekleyebilirsiniz:<\/p>\n\n\n\n<h3 class=\"wp-block-heading\">1. Ayarlar Men\u00fcs\u00fcne Girin<\/h3>\n\n\n\n<p>iPhone veya iPad\u2019inizde <strong>Ayarlar<\/strong> uygulamas\u0131n\u0131 a\u00e7\u0131n.<\/p>\n\n\n\n<h3 class=\"wp-block-heading\">2. Face ID ve Parola Se\u00e7ene\u011fine Dokunun<\/h3>\n\n\n\n<p>Buradan Face ID ayarlar\u0131na ula\u015fabilirsiniz. Gerekirse cihaz parolan\u0131z\u0131 girin.<\/p>\n\n\n\n<h3 class=\"wp-block-heading\">3. Alternatif G\u00f6r\u00fcn\u00fcm Ayarla Se\u00e7ene\u011fini Se\u00e7in<\/h3>\n\n\n\n<p>Ekranda <strong>\u201cAlternatif G\u00f6r\u00fcn\u00fcm Ayarla\u201d<\/strong> se\u00e7ene\u011fini g\u00f6receksiniz. Buna dokunun.<\/p>\n\n\n\n<h3 class=\"wp-block-heading\">4. Y\u00fcz Tarama \u0130\u015flemini Tamamlay\u0131n<\/h3>\n\n\n\n<p>Ekrandaki y\u00f6nergeleri takip ederek y\u00fcz\u00fcn\u00fcz\u00fc (veya eklemek istedi\u011finiz ki\u015finin y\u00fcz\u00fcn\u00fc) tarat\u0131n.<\/p>\n\n\n\n<h3 class=\"wp-block-heading\">5. Kurulumu Tamamlay\u0131n<\/h3>\n\n\n\n<p>Tarama i\u015flemi bittikten sonra Face ID, ikinci y\u00fcz\u00fc otomatik olarak kaydeder.<\/p>\n\n\n\n<h2 class=\"wp-block-heading\">Face ID Alternatif G\u00f6r\u00fcn\u00fcm Kimler \u0130\u00e7in Uygundur?<\/h2>\n\n\n\n<ul class=\"wp-block-list\">\n<li>Ayn\u0131 telefonu kullanan <strong>e\u015fler veya aile \u00fcyeleri<\/strong><\/li>\n\n\n\n<li>Telefonunu hem <strong>i\u015f hem ki\u015fisel kullan\u0131m<\/strong> i\u00e7in ayarlamak isteyenler<\/li>\n\n\n\n<li>G\u00f6zl\u00fck, sakal, makyaj gibi <strong>fiziksel de\u011fi\u015fiklikler ya\u015fayan kullan\u0131c\u0131lar<\/strong><\/li>\n<\/ul>\n\n\n\n<hr class=\"wp-block-separator has-alpha-channel-opacity\"\/>\n\n\n\n<h2 class=\"wp-block-heading\">Face ID\u2019ye Ka\u00e7 Tane Y\u00fcz Eklenebilir?<\/h2>\n\n\n\n<p>Apple, g\u00fcvenlik nedeniyle Face ID\u2019ye <strong>yaln\u0131zca 1 adet alternatif y\u00fcz<\/strong> eklenmesine izin verir. Yani toplamda <strong>2 farkl\u0131 y\u00fcz<\/strong> tan\u0131mlanabilir.<\/p>\n\n\n\n<h2 class=\"wp-block-heading\">Face ID Alternatif Y\u00fcz Silme Nas\u0131l Yap\u0131l\u0131r?<\/h2>\n\n\n\n<p>E\u011fer ekledi\u011finiz ikinci y\u00fcz\u00fc kald\u0131rmak isterseniz:<\/p>\n\n\n\n<ol class=\"wp-block-list\">\n<li><strong>Ayarlar > Face ID ve Parola<\/strong> yolunu izleyin<\/li>\n\n\n\n<li><strong>Face ID\u2019yi S\u0131f\u0131rla<\/strong> se\u00e7ene\u011fine dokunun<\/li>\n\n\n\n<li>Face ID\u2019yi yeniden kurarak yaln\u0131zca tek y\u00fcz tan\u0131mlayabilirsiniz<\/li>\n<\/ol>\n","protected":false},"excerpt":{"rendered":"<p>Face ID, Apple taraf\u0131ndan geli\u015ftirilen ve iPhone ile iPad cihazlar\u0131nda kullan\u0131lan y\u00fcz tan\u0131ma tabanl\u0131 bir biyometrik g\u00fcvenlik sistemidir. Cihaz kilidini a\u00e7ma, uygulamalara giri\u015f yapma ve \u00f6demeleri onaylama gibi i\u015flemleri g\u00fcvenli \u015fekilde ger\u00e7ekle\u015ftirmenizi sa\u011flar. Apple, tek bir Face ID\u2019ye ikinci bir y\u00fcz tan\u0131mlama imk\u00e2n\u0131 sunar. Bu \u00f6zellik sayesinde cihaz\u0131n\u0131z\u0131 farkl\u0131 bir ki\u015fiyle payla\u015fabilir ya da kendiniz [&hellip;]<\/p>\n","protected":false},"author":60,"featured_media":82923,"comment_status":"open","ping_status":"closed","sticky":false,"template":"","format":"standard","meta":{"footnotes":""},"categories":[46,57,55],"tags":[63],"class_list":["post-82922","post","type-post","status-publish","format-standard","has-post-thumbnail","hentry","category-mobil","category-nasil-yapilir","category-rehber","tag-iphone"],"_links":{"self":[{"href":"https:\/\/www.indir.com\/haber\/wp-json\/wp\/v2\/posts\/82922","targetHints":{"allow":["GET"]}}],"collection":[{"href":"https:\/\/www.indir.com\/haber\/wp-json\/wp\/v2\/posts"}],"about":[{"href":"https:\/\/www.indir.com\/haber\/wp-json\/wp\/v2\/types\/post"}],"author":[{"embeddable":true,"href":"https:\/\/www.indir.com\/haber\/wp-json\/wp\/v2\/users\/60"}],"replies":[{"embeddable":true,"href":"https:\/\/www.indir.com\/haber\/wp-json\/wp\/v2\/comments?post=82922"}],"version-history":[{"count":1,"href":"https:\/\/www.indir.com\/haber\/wp-json\/wp\/v2\/posts\/82922\/revisions"}],"predecessor-version":[{"id":82924,"href":"https:\/\/www.indir.com\/haber\/wp-json\/wp\/v2\/posts\/82922\/revisions\/82924"}],"wp:featuredmedia":[{"embeddable":true,"href":"https:\/\/www.indir.com\/haber\/wp-json\/wp\/v2\/media\/82923"}],"wp:attachment":[{"href":"https:\/\/www.indir.com\/haber\/wp-json\/wp\/v2\/media?parent=82922"}],"wp:term":[{"taxonomy":"category","embeddable":true,"href":"https:\/\/www.indir.com\/haber\/wp-json\/wp\/v2\/categories?post=82922"},{"taxonomy":"post_tag","embeddable":true,"href":"https:\/\/www.indir.com\/haber\/wp-json\/wp\/v2\/tags?post=82922"}],"curies":[{"name":"wp","href":"https:\/\/api.w.org\/{rel}","templated":true}]}}