{"id":82894,"date":"2026-01-07T21:25:49","date_gmt":"2026-01-07T18:25:49","guid":{"rendered":"https:\/\/www.indir.com\/haber\/?p=82894"},"modified":"2026-01-07T21:25:51","modified_gmt":"2026-01-07T18:25:51","slug":"ipad-dfu-moduna-nasil-alinir","status":"publish","type":"post","link":"https:\/\/www.indir.com\/haber\/ipad-dfu-moduna-nasil-alinir\/","title":{"rendered":"iPad DFU moduna nas\u0131l al\u0131n\u0131r?"},"content":{"rendered":"\n<p>Apple\u2019\u0131n yeni cihazlar\u0131nda home butonunu kald\u0131rmas\u0131 ile beraber baz\u0131 kombinasyon ve i\u015flemlerde de\u011fi\u015fti. Bu noktada 3.nesil iPad Pro 2018 modeli de iPhone serisinde oldu\u011fu gibi Face ID deste\u011fi sunmaya ba\u015flad\u0131. Bu kapsamda Home ve Touch ID \u00f6zellikleri cihazda kalkt\u0131 ve bununla beraber DFU moduna girmenin y\u00f6ntem ve ad\u0131mlar\u0131 da de\u011fi\u015fmi\u015f oldu. Bizde sizlere bu i\u00e7eri\u011fimizde yeni nesil iPad modellerinde DFU mod nas\u0131l aktif edilir bu sorunun cevab\u0131n\u0131 vermeye \u00e7al\u0131\u015faca\u011f\u0131z.<\/p>\n\n\n\n<h2 class=\"wp-block-heading\">iPad i\u00e7in DFU mod nas\u0131l aktif edilir?<\/h2>\n\n\n\n<figure class=\"wp-block-image\"><img decoding=\"async\" src=\"https:\/\/cdn.imza.com\/indirv2\/img\/3-1580651372.jpg\" alt=\"\" title=\"\"><\/figure>\n\n\n\n<ul class=\"wp-block-list\">\n<li>iPad Pro 2018 model tabletinizi Mac veya bilgisayar\u0131na ba\u011flay\u0131n.<\/li>\n\n\n\n<li>iTunes yaz\u0131l\u0131m\u0131n\u0131 ba\u015flat\u0131n.<\/li>\n\n\n\n<li>iPad Pro modelinin kapal\u0131 oldu\u011funu kontrol edin.<\/li>\n\n\n\n<li>Daha sonra ses a\u00e7ma d\u00fc\u011fmesine h\u0131zl\u0131ca bas\u0131n ve b\u0131rak\u0131n.<\/li>\n\n\n\n<li>Ses k\u0131sma tu\u015funa h\u0131zl\u0131ca bas\u0131n ve b\u0131rak\u0131n.<\/li>\n\n\n\n<li>iPad\u2019i kapatmak i\u00e7in \u00fcst tarafta yer alan g\u00fc\u00e7 d\u00fc\u011fmesine bas\u0131l\u0131 tutun.<\/li>\n\n\n\n<li>G\u00fc\u00e7 d\u00fc\u011fmesine 3 saniye gibi bir s\u00fcre bas\u0131l\u0131 tutun.<\/li>\n\n\n\n<li>D\u00fc\u011f d\u00fc\u011fmesini bas\u0131l\u0131 tutarken ses azaltma tu\u015funa da bas\u0131l\u0131 tutun.<\/li>\n\n\n\n<li>Her iki tu\u015fa da 10 saniye boyunca bas\u0131l\u0131 tutun.<\/li>\n\n\n\n<li>Apple logosu geldi\u011fi zaman \u00e7ok uzun s\u00fcre bas\u0131l\u0131 tutunuz demektir, tekrar denemeniz gerekiyor.<\/li>\n\n\n\n<li>G\u00fc\u00e7 d\u00fc\u011fmesini b\u0131rakarak ses d\u00fc\u011fmesine 5 saniye daha bas\u0131l\u0131 tutmaya devam edin.<\/li>\n\n\n\n<li>iTunes\u2019a ba\u011flay\u0131n ekran\u0131 a\u00e7\u0131l\u0131r ise d\u00fc\u011fmeleri \u00e7ok uzun s\u00fcre bas\u0131l\u0131 tuttunuz anlam\u0131na gelecektir.<\/li>\n\n\n\n<li>Ekran siyah kal\u0131rsa ise iPad Pro modelinizi ba\u015far\u0131l\u0131 bir \u015fekilde DFU moda alm\u0131\u015f olacaks\u0131n\u0131z.<\/li>\n<\/ul>\n\n\n\n<h2 class=\"wp-block-heading\"><strong>Daha eski iPad\u2019lerde DFU moda nas\u0131l girilir?<\/strong><\/h2>\n\n\n\n<ul class=\"wp-block-list\">\n<li>Bu i\u015flemler ise home butonu bulunan t\u00fcm iPad cihazlar i\u00e7in ge\u00e7erli olacakt\u0131r.<\/li>\n\n\n\n<li>iPad tabletinizi Windows PC veya Mac cihaz\u0131na ba\u011flay\u0131n.<\/li>\n\n\n\n<li>iTunes yaz\u0131l\u0131m\u0131n\u0131 ba\u015flat\u0131n.<\/li>\n\n\n\n<li>iPad cihaz\u0131n\u0131z\u0131 kapat\u0131n.<\/li>\n\n\n\n<li>Kapatt\u0131ktan sonra \u00fcstte yer alan a\u00e7ma kapama tu\u015funa 3 saniye bas\u0131l\u0131 tutun.<\/li>\n\n\n\n<li>A\u00e7ma kapa tu\u015flar\u0131na bas\u0131l\u0131 tutarken \u00f6n y\u00fczeyde yer alan Home tu\u015funa bas\u0131l\u0131 tutun.<\/li>\n\n\n\n<li>Her iki d\u00fc\u011fmeye 10 saniye gibi bir s\u00fcre bas\u0131l\u0131 tutun. Apple logosu g\u00f6z\u00fck\u00fcr ise \u00e7ok uzun s\u00fcre bas\u0131l\u0131 tuttunuz demektir, bu noktada i\u015flemleri tekrarlay\u0131n.<\/li>\n\n\n\n<li>A\u00e7ma kapama d\u00fc\u011fmesini b\u0131rak\u0131n ve Home tu\u015funa 5 saniye kadar bas\u0131l\u0131 tutun.<\/li>\n\n\n\n<li>Ekran siyah kald\u0131\u011f\u0131 zaman DFU moda girmi\u015f oldunuz demektir.<\/li>\n<\/ul>\n","protected":false},"excerpt":{"rendered":"<p>Apple\u2019\u0131n yeni cihazlar\u0131nda home butonunu kald\u0131rmas\u0131 ile beraber baz\u0131 kombinasyon ve i\u015flemlerde de\u011fi\u015fti. Bu noktada 3.nesil iPad Pro 2018 modeli de iPhone serisinde oldu\u011fu gibi Face ID deste\u011fi sunmaya ba\u015flad\u0131. Bu kapsamda Home ve Touch ID \u00f6zellikleri cihazda kalkt\u0131 ve bununla beraber DFU moduna girmenin y\u00f6ntem ve ad\u0131mlar\u0131 da de\u011fi\u015fmi\u015f oldu. Bizde sizlere bu i\u00e7eri\u011fimizde [&hellip;]<\/p>\n","protected":false},"author":8,"featured_media":82895,"comment_status":"open","ping_status":"closed","sticky":false,"template":"","format":"standard","meta":{"footnotes":""},"categories":[57],"tags":[],"class_list":["post-82894","post","type-post","status-publish","format-standard","has-post-thumbnail","hentry","category-nasil-yapilir"],"_links":{"self":[{"href":"https:\/\/www.indir.com\/haber\/wp-json\/wp\/v2\/posts\/82894","targetHints":{"allow":["GET"]}}],"collection":[{"href":"https:\/\/www.indir.com\/haber\/wp-json\/wp\/v2\/posts"}],"about":[{"href":"https:\/\/www.indir.com\/haber\/wp-json\/wp\/v2\/types\/post"}],"author":[{"embeddable":true,"href":"https:\/\/www.indir.com\/haber\/wp-json\/wp\/v2\/users\/8"}],"replies":[{"embeddable":true,"href":"https:\/\/www.indir.com\/haber\/wp-json\/wp\/v2\/comments?post=82894"}],"version-history":[{"count":1,"href":"https:\/\/www.indir.com\/haber\/wp-json\/wp\/v2\/posts\/82894\/revisions"}],"predecessor-version":[{"id":82896,"href":"https:\/\/www.indir.com\/haber\/wp-json\/wp\/v2\/posts\/82894\/revisions\/82896"}],"wp:featuredmedia":[{"embeddable":true,"href":"https:\/\/www.indir.com\/haber\/wp-json\/wp\/v2\/media\/82895"}],"wp:attachment":[{"href":"https:\/\/www.indir.com\/haber\/wp-json\/wp\/v2\/media?parent=82894"}],"wp:term":[{"taxonomy":"category","embeddable":true,"href":"https:\/\/www.indir.com\/haber\/wp-json\/wp\/v2\/categories?post=82894"},{"taxonomy":"post_tag","embeddable":true,"href":"https:\/\/www.indir.com\/haber\/wp-json\/wp\/v2\/tags?post=82894"}],"curies":[{"name":"wp","href":"https:\/\/api.w.org\/{rel}","templated":true}]}}