{"id":82760,"date":"2026-01-06T23:39:50","date_gmt":"2026-01-06T20:39:50","guid":{"rendered":"https:\/\/www.indir.com\/haber\/?p=82760"},"modified":"2026-01-07T00:07:11","modified_gmt":"2026-01-06T21:07:11","slug":"soundcloud-hesabi-nasil-silinir","status":"publish","type":"post","link":"https:\/\/www.indir.com\/haber\/soundcloud-hesabi-nasil-silinir\/","title":{"rendered":"SoundCloud hesab\u0131 nas\u0131l silinir?"},"content":{"rendered":"\n<p>SoundCloud, kullan\u0131c\u0131lar\u0131n kendi m\u00fcziklerini ve par\u00e7alar\u0131n\u0131 payla\u015fmas\u0131na olanak tan\u0131yan pop\u00fcler bir dijital ses da\u011f\u0131t\u0131m platformudur. E\u011fer SoundCloud\u2019u art\u0131k kullanmak istemiyorsan\u0131z, hesab\u0131n\u0131z\u0131 kolayca silebilirsiniz. Peki, <strong>SoundCloud hesab\u0131 nas\u0131l silinir<\/strong> ve hangi ad\u0131mlar\u0131 izlemelisiniz? Bu rehberde t\u00fcm detaylar\u0131 bulabilirsiniz.<\/p>\n\n\n\n<hr class=\"wp-block-separator has-alpha-channel-opacity\"\/>\n\n\n\n<h2 class=\"wp-block-heading\">SoundCloud Hesap Silme Neden \u00d6nemlidir?<\/h2>\n\n\n\n<p>SoundCloud\u2019da hesap a\u00e7arken kay\u0131t zorunlulu\u011fu vard\u0131r ve her kullan\u0131c\u0131 kendine ait bir profile sahip olur. Servisi kullanmay\u0131 b\u0131rakt\u0131\u011f\u0131n\u0131zda, profilinizde yer alan bilgiler ve payla\u015f\u0131mlar platformda kalmaya devam edebilir. E\u011fer ki\u015fisel bilgilerinizin arkan\u0131zda kalmas\u0131n\u0131 istemiyorsan\u0131z, <strong>SoundCloud hesap kapatma<\/strong> i\u015flemi yapman\u0131z gerekir.<\/p>\n\n\n\n<p>Hesab\u0131n\u0131z\u0131 sildikten sonra; par\u00e7alar, yorumlar ve t\u00fcm i\u00e7erikleriniz kal\u0131c\u0131 olarak silinir ve bu i\u015flem geri al\u0131namaz.<\/p>\n\n\n\n<hr class=\"wp-block-separator has-alpha-channel-opacity\"\/>\n\n\n\n<h2 class=\"wp-block-heading\">SoundCloud Hesab\u0131 Nas\u0131l Silinir? (Ad\u0131m Ad\u0131m)<\/h2>\n\n\n\n<ol class=\"wp-block-list\">\n<li>\u00d6ncelikle <a href=\"https:\/\/soundcloud.com\" target=\"_blank\" rel=\"noopener\">SoundCloud web sitesine<\/a> eri\u015fin ve hesab\u0131n\u0131za giri\u015f yap\u0131n.<\/li>\n\n\n\n<li>Ekran\u0131n sa\u011f \u00fcst k\u00f6\u015fesinde yer alan \u00fc\u00e7 nokta simgesine t\u0131klay\u0131n ve a\u00e7\u0131lan men\u00fcden <strong>Settings (Ayarlar)<\/strong> b\u00f6l\u00fcm\u00fcne girin.<\/li>\n\n\n\n<li>Ayarlar sayfas\u0131n\u0131n alt k\u0131sm\u0131nda <strong>Delete account (Hesab\u0131 sil)<\/strong> se\u00e7ene\u011fini g\u00f6receksiniz, t\u0131klay\u0131n.<\/li>\n\n\n\n<li>Hesab\u0131n\u0131z\u0131 neden silmek istedi\u011finizi soran bir form a\u00e7\u0131lacakt\u0131r; uygun se\u00e7ene\u011fi i\u015faretleyin.<\/li>\n\n\n\n<li>\u201cEvet, hesab\u0131m\u0131 ve par\u00e7alar, yorumlar gibi t\u00fcm i\u00e7eriklerimi silmek istiyorum\u201d se\u00e7ene\u011fini onaylay\u0131n.<\/li>\n\n\n\n<li>\u0130\u015flemi tamamlamak i\u00e7in <strong>Delete my account<\/strong> butonuna t\u0131klay\u0131n.<\/li>\n<\/ol>\n\n\n\n<p>Bu ad\u0131mlar tamamland\u0131\u011f\u0131nda, hesab\u0131n\u0131z ve t\u00fcm verileriniz kal\u0131c\u0131 olarak silinmi\u015f olacakt\u0131r.<\/p>\n\n\n\n<hr class=\"wp-block-separator has-alpha-channel-opacity\"\/>\n\n\n\n<h2 class=\"wp-block-heading\">SoundCloud Hesap Silme \u0130pu\u00e7lar\u0131<\/h2>\n\n\n\n<ul class=\"wp-block-list\">\n<li>Hesap silme i\u015flemi geri al\u0131namaz; bu y\u00fczden \u00f6nemli par\u00e7alar\u0131n\u0131z\u0131 veya verilerinizi \u00f6nceden yedeklemeyi unutmay\u0131n.<\/li>\n\n\n\n<li>Mobil uygulama \u00fczerinden hesap silme se\u00e7ene\u011fi s\u0131n\u0131rl\u0131 olabilir, bu nedenle web taray\u0131c\u0131s\u0131n\u0131 kullanman\u0131z \u00f6nerilir.<\/li>\n\n\n\n<li>Hesab\u0131n\u0131z\u0131 silmek istemiyorsan\u0131z ama platformdan \u00e7\u0131kmak istiyorsan\u0131z, <strong>hesaptan \u00e7\u0131k\u0131\u015f<\/strong> yapabilir veya payla\u015f\u0131mlar\u0131 gizleyebilirsiniz.<\/li>\n<\/ul>\n","protected":false},"excerpt":{"rendered":"<p>SoundCloud, kullan\u0131c\u0131lar\u0131n kendi m\u00fcziklerini ve par\u00e7alar\u0131n\u0131 payla\u015fmas\u0131na olanak tan\u0131yan pop\u00fcler bir dijital ses da\u011f\u0131t\u0131m platformudur. E\u011fer SoundCloud\u2019u art\u0131k kullanmak istemiyorsan\u0131z, hesab\u0131n\u0131z\u0131 kolayca silebilirsiniz. Peki, SoundCloud hesab\u0131 nas\u0131l silinir ve hangi ad\u0131mlar\u0131 izlemelisiniz? Bu rehberde t\u00fcm detaylar\u0131 bulabilirsiniz. SoundCloud Hesap Silme Neden \u00d6nemlidir? SoundCloud\u2019da hesap a\u00e7arken kay\u0131t zorunlulu\u011fu vard\u0131r ve her kullan\u0131c\u0131 kendine ait bir profile [&hellip;]<\/p>\n","protected":false},"author":8,"featured_media":82761,"comment_status":"open","ping_status":"closed","sticky":false,"template":"","format":"standard","meta":{"footnotes":""},"categories":[57,1],"tags":[],"class_list":["post-82760","post","type-post","status-publish","format-standard","has-post-thumbnail","hentry","category-nasil-yapilir","category-teknoloji"],"_links":{"self":[{"href":"https:\/\/www.indir.com\/haber\/wp-json\/wp\/v2\/posts\/82760","targetHints":{"allow":["GET"]}}],"collection":[{"href":"https:\/\/www.indir.com\/haber\/wp-json\/wp\/v2\/posts"}],"about":[{"href":"https:\/\/www.indir.com\/haber\/wp-json\/wp\/v2\/types\/post"}],"author":[{"embeddable":true,"href":"https:\/\/www.indir.com\/haber\/wp-json\/wp\/v2\/users\/8"}],"replies":[{"embeddable":true,"href":"https:\/\/www.indir.com\/haber\/wp-json\/wp\/v2\/comments?post=82760"}],"version-history":[{"count":1,"href":"https:\/\/www.indir.com\/haber\/wp-json\/wp\/v2\/posts\/82760\/revisions"}],"predecessor-version":[{"id":82762,"href":"https:\/\/www.indir.com\/haber\/wp-json\/wp\/v2\/posts\/82760\/revisions\/82762"}],"wp:featuredmedia":[{"embeddable":true,"href":"https:\/\/www.indir.com\/haber\/wp-json\/wp\/v2\/media\/82761"}],"wp:attachment":[{"href":"https:\/\/www.indir.com\/haber\/wp-json\/wp\/v2\/media?parent=82760"}],"wp:term":[{"taxonomy":"category","embeddable":true,"href":"https:\/\/www.indir.com\/haber\/wp-json\/wp\/v2\/categories?post=82760"},{"taxonomy":"post_tag","embeddable":true,"href":"https:\/\/www.indir.com\/haber\/wp-json\/wp\/v2\/tags?post=82760"}],"curies":[{"name":"wp","href":"https:\/\/api.w.org\/{rel}","templated":true}]}}