{"id":8263,"date":"2021-11-19T14:30:00","date_gmt":"2021-11-19T11:30:00","guid":{"rendered":"https:\/\/www.indir.com\/haber\/?p=8263"},"modified":"2021-11-19T14:29:50","modified_gmt":"2021-11-19T11:29:50","slug":"oppo-reno-7-yeni-kameralari-ve-dimensity-920-ile-goruntulendi","status":"publish","type":"post","link":"https:\/\/www.indir.com\/haber\/oppo-reno-7-yeni-kameralari-ve-dimensity-920-ile-goruntulendi\/","title":{"rendered":"Oppo Reno 7 yeni kameralar\u0131 ve Dimensity 920 ile g\u00f6r\u00fcnt\u00fclendi"},"content":{"rendered":"\n<p>Oppo Reno serisinin yeni modeli olacak Oppo Reno 7 i\u00e7in kamera tasar\u0131m\u0131 ve ilk g\u00f6r\u00fcnt\u00fcler s\u0131zd\u0131r\u0131ld\u0131.<\/p>\n\n\n\n<p>Oppo, Reno ad\u0131 ile bug\u00fcne kadar piyasaya sunulan ak\u0131ll\u0131 telefon modellerinde kamera sens\u00f6rlerindeki y\u00fcksek kalite ile dikkat \u00e7ekmi\u015f ve telefonlarda kamera \u00f6zelliklerini \u00f6nemseyenler i\u00e7in yeni bir se\u00e7enek sunmu\u015ftu. Yeni modeli olacak Reno 7 i\u00e7in ya\u015fanan son s\u0131z\u0131nt\u0131 ise telefondaki yeni detaylar\u0131n \u015fimdiden \u00f6\u011frenilmesini sa\u011flad\u0131.<\/p>\n\n\n\n<h2 class=\"wp-block-heading\">Oppo Reno 7 tasar\u0131m\u0131 nas\u0131l?<\/h2>\n\n\n\n<p>Oppo Reno 7 modelinin tasar\u0131m\u0131nda \u00f6zellikle iPhone 13 ile benzerlik dikkat \u00e7ekiyor. iPhone 13 ile Xiaomi Mi 11 aras\u0131ndaki bir ara model olarak tasarlanan Reno 7, payla\u015f\u0131lan canl\u0131 foto\u011fraf ile birlikte net bir \u015fekilde g\u00f6r\u00fcnt\u00fclendi.<\/p>\n\n\n\n<p>Orta s\u0131n\u0131f bir model olarak geli\u015ftirilen yeni ak\u0131ll\u0131 telefonda kenarlar\u0131 keskinle\u015ftiri\u015fmi\u015f d\u00fcz bir kasa kullan\u0131l\u0131yor. Kamera b\u00f6lmesinde ise 2 seviyeli bir yap\u0131n\u0131n kullan\u0131lmas\u0131 ve renkler ile yakalanan hareketlilik telefonda dikkat \u00e7ekiyor. Telefonun 4 arka kamera kurulumuna sahip olmas\u0131 bekleniyor. \u00d6n tarafta ise selfie kameras\u0131n\u0131n yerle\u015ftirilebilmesi ad\u0131na k\u00fc\u00e7\u00fck bir delik bulunuyor. \u00d6nceki nesilde \u00e7ok ince \u00e7er\u00e7evelerin kullan\u0131lmas\u0131 Reno serisinin en dikkat \u00e7eken \u00f6zelliklerinden birisi olurken yeni modelde de bu gelenek devam ettiriliyor. 6.5 in\u00e7 b\u00fcy\u00fckl\u00fc\u011f\u00fcnde bir ekran ile kullan\u0131ma sunulacak olan telefonda ekran yenileme h\u0131z\u0131 ise 90 Hz.\u00a0<\/p>\n\n\n\n<h2 class=\"wp-block-heading\">Oppo Reno 7 \u00f6zellikleri neler?<\/h2>\n\n\n\n<p>Yeni modelin donan\u0131m ve teknik \u00f6zelliklerinde ise 4500 mAh kapasiteli daha b\u00fcy\u00fck bir pil dikkat \u00e7ekiyor. \u0130\u015flemci cephesinde ise MediaTek taraf\u0131ndan g\u00fcncellenen yeni Dimensity 920 i\u015flemci yer al\u0131yor.&nbsp; Modelin ilk olarak \u00c7in&#8217;de piyasaya sunulaca\u011f\u0131 ve global versiyonun 2-3 ay i\u00e7erisinde piyasaya da yer alaca\u011f\u0131 belirtildi. Yeni modelin selefine g\u00f6re ciddi de\u011fi\u015fiklikler getirmeyecek olmas\u0131, Reno serisinin yeni amiral gemisi ile d\u00fc\u015f\u00fck sat\u0131\u015f rakamlar\u0131nda kalmas\u0131na neden olabilir. Reno 7 i\u00e7in s\u0131zd\u0131r\u0131lan g\u00f6r\u00fcnt\u00fc \u015f\u00f6yle;<\/p>\n\n\n\n<div class=\"wp-block-image\"><figure class=\"aligncenter size-large\"><img loading=\"lazy\" decoding=\"async\" width=\"689\" height=\"960\" src=\"https:\/\/www.indir.com\/haber\/wp-content\/uploads\/2021\/11\/reno7-689x960.jpg\" alt=\"\" class=\"wp-image-8264\" title=\"\" srcset=\"https:\/\/www.indir.com\/haber\/wp-content\/uploads\/2021\/11\/reno7-689x960.jpg 689w, https:\/\/www.indir.com\/haber\/wp-content\/uploads\/2021\/11\/reno7-129x180.jpg 129w, https:\/\/www.indir.com\/haber\/wp-content\/uploads\/2021\/11\/reno7.jpg 735w\" sizes=\"auto, (max-width: 689px) 100vw, 689px\" \/><\/figure><\/div>\n\n\n\n<p>\u015eirketin, Reno 7 modeli \u00f6ncesinde katlanabilir \u00f6zel bir modeli de piyasaya sunmas\u0131 m\u00fcmk\u00fcn. Kitap gibi katlanmas\u0131 beklenen yeni model Oppo Fold olarak adland\u0131r\u0131lacak ve \u015firketin ak\u0131ll\u0131 telefon sekt\u00f6r\u00fcndeki yeni kozu olacak. Ancak \u015fu ana kadar gelen raporlarda daha fazla detay belirtilmemi\u015f durumda.\u00a0<\/p>\n","protected":false},"excerpt":{"rendered":"<p>Oppo Reno serisinin yeni modeli olacak Oppo Reno 7 i\u00e7in kamera tasar\u0131m\u0131 ve ilk g\u00f6r\u00fcnt\u00fcler s\u0131zd\u0131r\u0131ld\u0131. Oppo, Reno ad\u0131 ile bug\u00fcne kadar piyasaya sunulan ak\u0131ll\u0131 telefon modellerinde kamera sens\u00f6rlerindeki y\u00fcksek kalite ile dikkat \u00e7ekmi\u015f ve telefonlarda kamera \u00f6zelliklerini \u00f6nemseyenler i\u00e7in yeni bir se\u00e7enek sunmu\u015ftu. Yeni modeli olacak Reno 7 i\u00e7in ya\u015fanan son s\u0131z\u0131nt\u0131 ise telefondaki [&hellip;]<\/p>\n","protected":false},"author":6,"featured_media":8265,"comment_status":"open","ping_status":"closed","sticky":false,"template":"","format":"standard","meta":{"footnotes":""},"categories":[46],"tags":[584],"class_list":["post-8263","post","type-post","status-publish","format-standard","has-post-thumbnail","hentry","category-mobil","tag-oppo-reno-7"],"_links":{"self":[{"href":"https:\/\/www.indir.com\/haber\/wp-json\/wp\/v2\/posts\/8263","targetHints":{"allow":["GET"]}}],"collection":[{"href":"https:\/\/www.indir.com\/haber\/wp-json\/wp\/v2\/posts"}],"about":[{"href":"https:\/\/www.indir.com\/haber\/wp-json\/wp\/v2\/types\/post"}],"author":[{"embeddable":true,"href":"https:\/\/www.indir.com\/haber\/wp-json\/wp\/v2\/users\/6"}],"replies":[{"embeddable":true,"href":"https:\/\/www.indir.com\/haber\/wp-json\/wp\/v2\/comments?post=8263"}],"version-history":[{"count":0,"href":"https:\/\/www.indir.com\/haber\/wp-json\/wp\/v2\/posts\/8263\/revisions"}],"wp:featuredmedia":[{"embeddable":true,"href":"https:\/\/www.indir.com\/haber\/wp-json\/wp\/v2\/media\/8265"}],"wp:attachment":[{"href":"https:\/\/www.indir.com\/haber\/wp-json\/wp\/v2\/media?parent=8263"}],"wp:term":[{"taxonomy":"category","embeddable":true,"href":"https:\/\/www.indir.com\/haber\/wp-json\/wp\/v2\/categories?post=8263"},{"taxonomy":"post_tag","embeddable":true,"href":"https:\/\/www.indir.com\/haber\/wp-json\/wp\/v2\/tags?post=8263"}],"curies":[{"name":"wp","href":"https:\/\/api.w.org\/{rel}","templated":true}]}}