{"id":81159,"date":"2025-09-04T12:01:37","date_gmt":"2025-09-04T09:01:37","guid":{"rendered":"https:\/\/www.indir.com\/haber\/?p=81159"},"modified":"2025-09-04T12:01:49","modified_gmt":"2025-09-04T09:01:49","slug":"google-servislerinde-erisim-sorunu-1-saatten-uzun-surdu","status":"publish","type":"post","link":"https:\/\/www.indir.com\/haber\/google-servislerinde-erisim-sorunu-1-saatten-uzun-surdu\/","title":{"rendered":"Google Servislerinde Eri\u015fim Sorunu: 1 Saatten Uzun S\u00fcrd\u00fc"},"content":{"rendered":"\n<p>Google\u2019\u0131n pop\u00fcler servislerinde sabah saatlerinde ya\u015fanan eri\u015fim problemi, T\u00fcrkiye ba\u015fta olmak \u00fczere bir\u00e7ok \u00fclkede milyonlarca kullan\u0131c\u0131y\u0131 etkiledi. YouTube, Gmail, Google Drive ve Play Store gibi platformlara giri\u015f yap\u0131lamazken, sorun yakla\u015f\u0131k bir saatlik kesintinin ard\u0131ndan \u00e7\u00f6z\u00fclmeye ba\u015flad\u0131.<\/p>\n\n\n\n<h2 class=\"wp-block-heading\">Servisler \u00c7\u00f6kt\u00fc, Kullan\u0131c\u0131lar \u015eik\u00e2yet Ya\u011fd\u0131rd\u0131<\/h2>\n\n\n\n<p>Kesinti, T\u00fcrkiye\u2019de saat 09:43 civar\u0131nda ba\u015flad\u0131. Downdetector verilerine g\u00f6re k\u0131sa s\u00fcre i\u00e7inde 5 binden fazla rapor olu\u015fturuldu. Google\u2019\u0131n neredeyse t\u00fcm servislerinde sorun ya\u015fan\u0131rken kullan\u0131c\u0131lar video oynatma, dosya y\u00fckleme ve e-posta g\u00f6nderiminde zorluk \u00e7ekti. Sorun yaln\u0131zca Google\u2019\u0131 etkilemedi; ayn\u0131 zamanlarda Spotify, Cloudflare ve baz\u0131 yapay zek\u00e2 platformlar\u0131nda da eri\u015fim g\u00fc\u00e7l\u00fckleri bildirildi.<\/p>\n\n\n\n<h2 class=\"wp-block-heading\">Kesinti Avrupa\u2019ya da Yay\u0131ld\u0131<\/h2>\n\n\n\n<p>Ba\u015flang\u0131\u00e7ta T\u00fcrkiye\u2019ye \u00f6zel gibi g\u00f6r\u00fcnen problem k\u0131sa s\u00fcrede geni\u015f bir co\u011frafyaya yay\u0131ld\u0131. Yunanistan, Bulgaristan, S\u0131rbistan ve H\u0131rvatistan gibi \u00fclkelerde de binlerce kullan\u0131c\u0131 ayn\u0131 sorunlar\u0131 rapor etti. ABD ve Avrupa\u2019da da d\u00fc\u015f\u00fck yo\u011funlukta bildirimler gelmesi, kesintinin k\u00fcresel boyuta ula\u015ft\u0131\u011f\u0131n\u0131 g\u00f6sterdi.<\/p>\n\n\n\n<figure class=\"wp-block-image size-full\"><img loading=\"lazy\" decoding=\"async\" width=\"1600\" height=\"900\" src=\"http:\/\/www.indir.com\/haber\/wp-content\/uploads\/2025\/09\/gorsel-6.jpg\" alt=\"Google Servislerinde Eri\u015fim Sorunu: 1 Saatten Uzun S\u00fcrd\u00fc\" class=\"wp-image-81160\" title=\"\"><\/figure>\n\n\n\n<h2 class=\"wp-block-heading\">Bakanl\u0131ktan A\u00e7\u0131klama Geldi<\/h2>\n\n\n\n<p>Ula\u015ft\u0131rma ve Altyap\u0131 Bakan Yard\u0131mc\u0131s\u0131 \u00d6mer Fatih Sayan, sosyal medya hesab\u0131 \u00fczerinden yapt\u0131\u011f\u0131 a\u00e7\u0131klamada s\u00fcrecin yak\u0131ndan takip edildi\u011fini duyurdu. Ulusal Siber Olaylara M\u00fcdahale Merkezi\u2019nin Google\u2019dan rapor talep etti\u011fini belirten Sayan, \u201cYa\u015fanan bu kesintiler yerli ve milli yaz\u0131l\u0131m ve donan\u0131mlar\u0131n \u00f6nemini bir kez daha ortaya koydu\u201d ifadesini kulland\u0131. Ayr\u0131ca 5G teknolojisinde yerlilik oran\u0131n\u0131 art\u0131rmak i\u00e7in \u00e7al\u0131\u015fmalar\u0131n s\u00fcrd\u00fc\u011f\u00fcn\u00fc vurgulad\u0131.<\/p>\n\n\n\n<h2 class=\"wp-block-heading\">Sorun 1 Saatten Uzun S\u00fcrd\u00fc&nbsp;<\/h2>\n\n\n\n<p>Kesinti, bir saatten biraz fazla s\u00fcren aran\u0131n ard\u0131ndan sona erdi ve servisler 10:55 itibar\u0131yla kademeli olarak normale d\u00f6nmeye ba\u015flad\u0131. Ancak baz\u0131 kullan\u0131c\u0131lar h\u00e2l\u00e2 eri\u015fim sorunlar\u0131 ya\u015fayabildi. Google\u2019dan resmi bir a\u00e7\u0131klama yap\u0131lmam\u0131\u015f olsa da sistemlerin b\u00fcy\u00fck \u00f6l\u00e7\u00fcde d\u00fczeldi\u011fi bildirildi.<\/p>\n","protected":false},"excerpt":{"rendered":"<p>Google\u2019\u0131n pop\u00fcler servislerinde sabah saatlerinde ya\u015fanan eri\u015fim problemi, T\u00fcrkiye ba\u015fta olmak \u00fczere bir\u00e7ok \u00fclkede milyonlarca kullan\u0131c\u0131y\u0131 etkiledi. YouTube, Gmail, Google Drive ve Play Store gibi platformlara giri\u015f yap\u0131lamazken, sorun yakla\u015f\u0131k bir saatlik kesintinin ard\u0131ndan \u00e7\u00f6z\u00fclmeye ba\u015flad\u0131. Servisler \u00c7\u00f6kt\u00fc, Kullan\u0131c\u0131lar \u015eik\u00e2yet Ya\u011fd\u0131rd\u0131 Kesinti, T\u00fcrkiye\u2019de saat 09:43 civar\u0131nda ba\u015flad\u0131. Downdetector verilerine g\u00f6re k\u0131sa s\u00fcre i\u00e7inde 5 binden [&hellip;]<\/p>\n","protected":false},"author":80,"featured_media":81161,"comment_status":"open","ping_status":"closed","sticky":false,"template":"","format":"standard","meta":{"footnotes":""},"categories":[1],"tags":[386,769,2481,130],"class_list":["post-81159","post","type-post","status-publish","format-standard","has-post-thumbnail","hentry","category-teknoloji","tag-gmail","tag-google-drive","tag-play-store","tag-youtube"],"_links":{"self":[{"href":"https:\/\/www.indir.com\/haber\/wp-json\/wp\/v2\/posts\/81159","targetHints":{"allow":["GET"]}}],"collection":[{"href":"https:\/\/www.indir.com\/haber\/wp-json\/wp\/v2\/posts"}],"about":[{"href":"https:\/\/www.indir.com\/haber\/wp-json\/wp\/v2\/types\/post"}],"author":[{"embeddable":true,"href":"https:\/\/www.indir.com\/haber\/wp-json\/wp\/v2\/users\/80"}],"replies":[{"embeddable":true,"href":"https:\/\/www.indir.com\/haber\/wp-json\/wp\/v2\/comments?post=81159"}],"version-history":[{"count":1,"href":"https:\/\/www.indir.com\/haber\/wp-json\/wp\/v2\/posts\/81159\/revisions"}],"predecessor-version":[{"id":81162,"href":"https:\/\/www.indir.com\/haber\/wp-json\/wp\/v2\/posts\/81159\/revisions\/81162"}],"wp:featuredmedia":[{"embeddable":true,"href":"https:\/\/www.indir.com\/haber\/wp-json\/wp\/v2\/media\/81161"}],"wp:attachment":[{"href":"https:\/\/www.indir.com\/haber\/wp-json\/wp\/v2\/media?parent=81159"}],"wp:term":[{"taxonomy":"category","embeddable":true,"href":"https:\/\/www.indir.com\/haber\/wp-json\/wp\/v2\/categories?post=81159"},{"taxonomy":"post_tag","embeddable":true,"href":"https:\/\/www.indir.com\/haber\/wp-json\/wp\/v2\/tags?post=81159"}],"curies":[{"name":"wp","href":"https:\/\/api.w.org\/{rel}","templated":true}]}}