{"id":80656,"date":"2025-08-14T10:30:00","date_gmt":"2025-08-14T07:30:00","guid":{"rendered":"https:\/\/www.indir.com\/haber\/?p=80656"},"modified":"2025-08-14T10:02:07","modified_gmt":"2025-08-14T07:02:07","slug":"iphone-17-sahneye-cikiyor-tanitim-tarihi-ortaya-cikti","status":"publish","type":"post","link":"https:\/\/www.indir.com\/haber\/iphone-17-sahneye-cikiyor-tanitim-tarihi-ortaya-cikti\/","title":{"rendered":"iPhone 17 Sahneye \u00c7\u0131k\u0131yor: Tan\u0131t\u0131m Tarihi Ortaya \u00c7\u0131kt\u0131"},"content":{"rendered":"\n<p>Apple\u2019\u0131n yeni nesil ak\u0131ll\u0131 telefonlar\u0131 olan <strong>iPhone 17 serisi<\/strong> i\u00e7in geri say\u0131m ba\u015flad\u0131. Son gelen bilgilere g\u00f6re tan\u0131t\u0131m tarihi kesinle\u015fti. Bu y\u0131lki etkinlikte d\u00f6rt farkl\u0131 model kullan\u0131c\u0131larla bulu\u015facak. iPhone 17 ailesinde yer alacak cihazlar, hem tasar\u0131m hem de donan\u0131m taraf\u0131nda \u00f6nemli yenilikler getiriyor.<\/p>\n\n\n\n<h3 class=\"wp-block-heading\">iPhone 17 Tan\u0131t\u0131m Tarihi S\u0131zd\u0131<\/h3>\n\n\n\n<p>G\u00fcvenilir bilgiler, Apple\u2019\u0131n <strong>iPhone 17<\/strong> serisini 9 Eyl\u00fcl 2025\u2019te d\u00fczenleyece\u011fi \u00f6zel etkinlikte duyurmay\u0131 hedefledi\u011fini g\u00f6steriyor. Bu y\u0131l piyasaya \u00e7\u0131kmas\u0131 beklenen modeller aras\u0131nda iPhone 17, iPhone 17 Air, iPhone 17 Pro ve iPhone 17 Pro Max bulunuyor. Daha \u00f6nce iddia edilen iPhone 17 Ultra modelinin ise bu y\u0131lki planlamada bulunmad\u0131\u011f\u0131 belirtiliyor.<\/p>\n\n\n\n<h3 class=\"wp-block-heading\">iPhone 17: Dengeli Donan\u0131m, Geni\u015f Kitlelere Hitap<\/h3>\n\n\n\n<p>iPhone 17, \u00f6nceki modelin izinden giderek 6.3 in\u00e7 boyutunda, 120Hz yenileme h\u0131z\u0131na sahip bir ekranla geliyor. Cihazda <strong>Apple A19 i\u015flemci<\/strong>, 8 GB RAM, 48 MP ana kamera + 12 MP ultra geni\u015f a\u00e7\u0131 lens yer al\u0131yor. \u00d6n y\u00fczde ise 24 MP TrueDepth kamera bulunuyor. Al\u00fcminyum ve cam\u0131n birle\u015fiminden olu\u015fan g\u00f6vdeye sahip cihaz, 7,8 mm kal\u0131nl\u0131\u011f\u0131nda olup ba\u015flang\u0131\u00e7 fiyat\u0131 799 dolar olarak belirlenmi\u015f.<\/p>\n\n\n\n<figure class=\"wp-block-image size-full\"><img loading=\"lazy\" decoding=\"async\" width=\"1600\" height=\"900\" src=\"http:\/\/www.indir.com\/haber\/wp-content\/uploads\/2025\/08\/Adsiz-tasarim207.jpg\" alt=\"iphone 17\" class=\"wp-image-80657\" title=\"\"><\/figure>\n\n\n\n<h3 class=\"wp-block-heading\">iPhone 17 Air: \u015eimdiye Kadarki En \u0130nce iPhone<\/h3>\n\n\n\n<p>Bu y\u0131l\u0131n serisinde \u00f6ne \u00e7\u0131kan en b\u00fcy\u00fck yenilik, <strong>iPhone 17 Air <\/strong>modeliyle birlikte sunuluyor. Sadece 5,5 mm kal\u0131nl\u0131\u011f\u0131yla Apple\u2019\u0131n bug\u00fcne kadarki en ince iPhone\u2019u olan Air, tasar\u0131m odakl\u0131 yap\u0131s\u0131yla dikkat \u00e7ekiyor. 2900 mAh batarya kapasitesine ve 48 MP tek arka kameraya sahip olan model, 12 GB RAM ile \u00e7al\u0131\u015f\u0131yor. Titanyum ve cam birle\u015fimli g\u00f6vdesiyle sunulan Air, 949 dolardan ba\u015flayan fiyatla sat\u0131\u015fa \u00e7\u0131kacak.<\/p>\n\n\n\n<h3 class=\"wp-block-heading\">iPhone 17 Pro ve Pro Max: Yatay Kameral\u0131, 2 TB Depolama Se\u00e7ene\u011fi<\/h3>\n\n\n\n<p>Serinin \u00fcst segmentini olu\u015fturan iPhone 17 Pro ve Pro Max modelleri, \u00f6zellikle kamera taraf\u0131nda b\u00fcy\u00fck yenilikler sunuyor.<strong> Apple<\/strong>, bu y\u0131l ilk kez yatay arka kamera tasar\u0131m\u0131na ge\u00e7erek her iki modelde de 48 MP ana, 48 MP ultra geni\u015f ve 48 MP telefoto lens kullan\u0131yor. So\u011futma sistemi olarak buhar odas\u0131 teknolojisine ge\u00e7i\u015f yap\u0131l\u0131rken, Pro Max modeli <strong>5000 mAh <\/strong>bataryas\u0131yla \u00f6ne \u00e7\u0131k\u0131yor. Fiyatlar s\u0131ras\u0131yla 1049 ve 1249 dolar.<\/p>\n\n\n\n<h3 class=\"wp-block-heading\">Yeni Apple Watch\u2019lar da Geliyor<\/h3>\n\n\n\n<p>Etkinlikte ayr\u0131ca <strong>Apple Watch Series 11<\/strong> ve<strong> Apple Watch Ultra 3 <\/strong>modellerinin tan\u0131t\u0131m\u0131 da yap\u0131lacak. iPhone 17 serisiyle birlikte bu cihazlar da 9 Eyl\u00fcl\u2019de resmi olarak kullan\u0131c\u0131larla bulu\u015facak.<\/p>\n\n\n\n<p><\/p>\n","protected":false},"excerpt":{"rendered":"<p>Apple\u2019\u0131n yeni nesil ak\u0131ll\u0131 telefonlar\u0131 olan iPhone 17 serisi i\u00e7in geri say\u0131m ba\u015flad\u0131. Son gelen bilgilere g\u00f6re tan\u0131t\u0131m tarihi kesinle\u015fti. Bu y\u0131lki etkinlikte d\u00f6rt farkl\u0131 model kullan\u0131c\u0131larla bulu\u015facak. iPhone 17 ailesinde yer alacak cihazlar, hem tasar\u0131m hem de donan\u0131m taraf\u0131nda \u00f6nemli yenilikler getiriyor. iPhone 17 Tan\u0131t\u0131m Tarihi S\u0131zd\u0131 G\u00fcvenilir bilgiler, Apple\u2019\u0131n iPhone 17 serisini 9 [&hellip;]<\/p>\n","protected":false},"author":78,"featured_media":80658,"comment_status":"open","ping_status":"closed","sticky":false,"template":"","format":"standard","meta":{"footnotes":""},"categories":[61,46],"tags":[104,63,9668],"class_list":["post-80656","post","type-post","status-publish","format-standard","has-post-thumbnail","hentry","category-ios","category-mobil","tag-apple","tag-iphone","tag-iphone-17"],"_links":{"self":[{"href":"https:\/\/www.indir.com\/haber\/wp-json\/wp\/v2\/posts\/80656","targetHints":{"allow":["GET"]}}],"collection":[{"href":"https:\/\/www.indir.com\/haber\/wp-json\/wp\/v2\/posts"}],"about":[{"href":"https:\/\/www.indir.com\/haber\/wp-json\/wp\/v2\/types\/post"}],"author":[{"embeddable":true,"href":"https:\/\/www.indir.com\/haber\/wp-json\/wp\/v2\/users\/78"}],"replies":[{"embeddable":true,"href":"https:\/\/www.indir.com\/haber\/wp-json\/wp\/v2\/comments?post=80656"}],"version-history":[{"count":2,"href":"https:\/\/www.indir.com\/haber\/wp-json\/wp\/v2\/posts\/80656\/revisions"}],"predecessor-version":[{"id":80682,"href":"https:\/\/www.indir.com\/haber\/wp-json\/wp\/v2\/posts\/80656\/revisions\/80682"}],"wp:featuredmedia":[{"embeddable":true,"href":"https:\/\/www.indir.com\/haber\/wp-json\/wp\/v2\/media\/80658"}],"wp:attachment":[{"href":"https:\/\/www.indir.com\/haber\/wp-json\/wp\/v2\/media?parent=80656"}],"wp:term":[{"taxonomy":"category","embeddable":true,"href":"https:\/\/www.indir.com\/haber\/wp-json\/wp\/v2\/categories?post=80656"},{"taxonomy":"post_tag","embeddable":true,"href":"https:\/\/www.indir.com\/haber\/wp-json\/wp\/v2\/tags?post=80656"}],"curies":[{"name":"wp","href":"https:\/\/api.w.org\/{rel}","templated":true}]}}