{"id":79809,"date":"2025-07-25T11:00:00","date_gmt":"2025-07-25T08:00:00","guid":{"rendered":"https:\/\/www.indir.com\/haber\/?p=79809"},"modified":"2025-07-25T10:06:11","modified_gmt":"2025-07-25T07:06:11","slug":"elektrikli-ve-hibritlerde-4-otv-zam-seviyesi","status":"publish","type":"post","link":"https:\/\/www.indir.com\/haber\/elektrikli-ve-hibritlerde-4-otv-zam-seviyesi\/","title":{"rendered":"Elektrikli ve Hibritlerde 4 \u00d6TV Zam Seviyesi"},"content":{"rendered":"\n<p>T\u00fcrkiye otomotiv sekt\u00f6r\u00fc \u00f6nemli vergi d\u00fczenlemeleriyle kar\u015f\u0131 kar\u015f\u0131ya. Yerli \u00fcretimi korumak ve cari a\u00e7\u0131\u011f\u0131 azaltmak amac\u0131yla binek otomobillere uygulanan \u00d6zel T\u00fcketim Vergisi <a href=\"https:\/\/www.indir.com\/haber\/elektrikli-otomobillerde-yeni-donem-otv-sistemi-degisiyor\/\">(\u00d6TV<\/a>) matrah ve oranlar\u0131 yeniden d\u00fczenlendi.Yap\u0131lan bu d\u00fczenlemeler, t\u00fcketici tercihleriyle birlikte sekt\u00f6r\u00fcn \u00fcretim ve yat\u0131r\u0131m planlar\u0131nda da de\u011fi\u015fimlere neden olabilir. \u00d6zellikle elektrikli ve hibrit ara\u00e7lara ili\u015fkin g\u00fcncellemeler, otomotiv sekt\u00f6r\u00fcn\u00fcn gelece\u011fine dair \u00f6nemli i\u015faretler sunuyor. \u00d6n\u00fcm\u00fczdeki d\u00f6nemde bu vergi politikalar\u0131n\u0131n piyasa dinamikleri \u00fczerindeki etkisi yak\u0131ndan takip edilecek.<\/p>\n\n\n\n<h2 class=\"wp-block-heading\">Yeni Yetkiler ve G\u00fcncellenen Matrahlar<\/h2>\n\n\n\n<p>Yasayla birlikte, 2010 ve sonras\u0131 model ara\u00e7larda motor silindir hacmi, menzil ve batarya kapasitesi gibi \u00f6zelliklere g\u00f6re farkl\u0131 \u00d6TV oranlar\u0131 belirleme yetkisi Cumhurba\u015fkan\u0131na tan\u0131nd\u0131. Bu yetki, piyasa ko\u015fullar\u0131na ve teknolojik geli\u015fmelere daha h\u0131zl\u0131 uyum sa\u011flanmas\u0131na imkan tan\u0131yacak. Bunun yan\u0131 s\u0131ra, binek otomobillerde uygulanan <a href=\"https:\/\/www.indir.com\/haber\/elektrikli-otomobillerde-yeni-donem-otv-sistemi-degisiyor\/\">\u00d6TV<\/a> matrahlar\u0131 da yenilendi.<\/p>\n\n\n\n<p>D\u00fczenlemenin dikkat \u00e7eken bir di\u011fer noktas\u0131 ise l\u00fcks arazi ara\u00e7lar\u0131na y\u00f6nelik oldu. L\u00fcks arazi ara\u00e7lar\u0131nda \u00d6TV oranlar\u0131 ciddi oranda art\u0131r\u0131l\u0131rken, kamyonet ve panelvan gibi belirli ticari ara\u00e7lar\u0131n \u00d6TV\u2019si ise y\u00fczde 4\u2019ten y\u00fczde 50\u2019ye \u00e7\u0131kar\u0131ld\u0131. Bu d\u00fczenleme, s\u00f6z konusu ara\u00e7 grubunda \u00f6nemli bir vergi y\u00fck\u00fcn\u00fcn artmas\u0131 demek.<\/p>\n\n\n\n<h2 class=\"wp-block-heading\">Yerli ve \u0130thal L\u00fcks Ara\u00e7larda \u00d6TV Oranlar\u0131<\/h2>\n\n\n\n<p>Yeni Cumhurba\u015fkan\u0131 Karar\u0131 ile temel hedef yerli \u00fcretimi te\u015fvik etmek ve cari a\u00e7\u0131\u011f\u0131 azaltmak. Bu \u00e7er\u00e7evede, yerli \u00fcretim binek otomobillerde \u00d6TV oranlar\u0131 5 ila 10 puan d\u00fc\u015f\u00fcr\u00fcl\u00fcrken, ithal l\u00fcks binek otomobillerde ise 10 ila 20 puan art\u0131r\u0131ld\u0131.<\/p>\n\n\n\n<p>&nbsp;Bu uygulama, t\u00fcketicilerin yerli ara\u00e7lara y\u00f6nelmesini te\u015fvik etmeyi ve l\u00fcks ithal ara\u00e7 talebini azaltmay\u0131 ama\u00e7l\u0131yor.<\/p>\n\n\n\n<figure class=\"wp-block-image size-full\"><img loading=\"lazy\" decoding=\"async\" width=\"1600\" height=\"900\" src=\"http:\/\/www.indir.com\/haber\/wp-content\/uploads\/2025\/07\/Adsiz-tasarim-33.png\" alt=\"Elektrikli ve Hibritlerde 4 \u00d6TV Zam Seviyesi\n\" class=\"wp-image-79812\" title=\"\"><\/figure>\n\n\n\n<h2 class=\"wp-block-heading\">Elektrikli ve \u015earjl\u0131 Hibrit Ara\u00e7larda G\u00fcncellenen \u00d6TV Oranlar\u0131<\/h2>\n\n\n\n<p>\u00c7evre dostu teknolojilere sahip elektrikli ara\u00e7larda \u00d6TV oranlar\u0131 daha \u00f6nce y\u00fczde 10, 40, 50 ve 60 \u015feklindeydi. \u00d6TV matrah s\u0131n\u0131rlar\u0131n\u0131n y\u00fckseltilmesiyle birlikte, her kademedeki oranlar 15 puan art\u0131r\u0131ld\u0131. Bunun sonucunda, elektrikli ara\u00e7lar\u0131n \u00d6TV oranlar\u0131 y\u00fczde 25, 55, 65 ve 75 seviyelerine ula\u015ft\u0131.&nbsp; Bu art\u0131\u015f, elektrikli ara\u00e7 pazar\u0131nda \u00f6nemli bir de\u011fi\u015fim yaratabilir.<\/p>\n\n\n\n<p>Plug-in hibrit ara\u00e7larda da ayn\u0131 oranda bir art\u0131\u015f ger\u00e7ekle\u015ftirildi. \u00d6nceden y\u00fczde 30, 60 ve 70 olan \u00d6TV oranlar\u0131, yap\u0131lan yeni d\u00fczenlemeyle s\u0131ras\u0131yla y\u00fczde 45, 75 ve 85 seviyelerine \u00e7\u0131kar\u0131ld\u0131.<\/p>\n\n\n\n<h2 class=\"wp-block-heading\">D\u00fczenlemenin Olas\u0131 Etkileri<\/h2>\n\n\n\n<p>Bu \u00d6TV d\u00fczenlemesi, hem yerli hem de ithal ara\u00e7lar\u0131n fiyatlar\u0131n\u0131 do\u011frudan etkileyerek piyasada de\u011fi\u015fimlere yol a\u00e7acak. Fiyatlar\u0131n yerli binek otomobillerde d\u00fc\u015fmesi beklenirken, ithal l\u00fcks ara\u00e7lar ile elektrikli ve hibrit modellerde \u00f6nemli oranda art\u0131\u015f g\u00f6r\u00fclecek. Bu ad\u0131m, devletin yerli otomotiv \u00fcretimine verdi\u011fi deste\u011fi a\u00e7\u0131k\u00e7a g\u00f6steriyor. Cari a\u00e7\u0131\u011f\u0131n azalt\u0131lmas\u0131 hedefi do\u011frultusunda ithalat\u0131 k\u0131s\u0131tlamak ve yerli \u00fcretimi desteklemek makroekonomik istikrar a\u00e7\u0131s\u0131ndan b\u00fcy\u00fck \u00f6nem ta\u015f\u0131yor. Elektrikli ve hibrit ara\u00e7larda artan \u00d6TV oranlar\u0131, \u00e7evre dostu ula\u015f\u0131m teknolojilerinin benimsenme h\u0131z\u0131n\u0131 yava\u015flatabilir. Yeni d\u00fczenlemenin t\u00fcketici tercihleri ve sekt\u00f6r\u00fcn yat\u0131r\u0131m planlar\u0131 \u00fczerindeki etkileri \u00f6n\u00fcm\u00fczdeki d\u00f6nemde daha net g\u00f6r\u00fclecek.<\/p>\n","protected":false},"excerpt":{"rendered":"<p>T\u00fcrkiye otomotiv sekt\u00f6r\u00fc \u00f6nemli vergi d\u00fczenlemeleriyle kar\u015f\u0131 kar\u015f\u0131ya. Yerli \u00fcretimi korumak ve cari a\u00e7\u0131\u011f\u0131 azaltmak amac\u0131yla binek otomobillere uygulanan \u00d6zel T\u00fcketim Vergisi (\u00d6TV) matrah ve oranlar\u0131 yeniden d\u00fczenlendi.Yap\u0131lan bu d\u00fczenlemeler, t\u00fcketici tercihleriyle birlikte sekt\u00f6r\u00fcn \u00fcretim ve yat\u0131r\u0131m planlar\u0131nda da de\u011fi\u015fimlere neden olabilir. \u00d6zellikle elektrikli ve hibrit ara\u00e7lara ili\u015fkin g\u00fcncellemeler, otomotiv sekt\u00f6r\u00fcn\u00fcn gelece\u011fine dair \u00f6nemli i\u015faretler [&hellip;]<\/p>\n","protected":false},"author":93,"featured_media":79811,"comment_status":"open","ping_status":"closed","sticky":false,"template":"","format":"standard","meta":{"footnotes":""},"categories":[56],"tags":[3860,8651],"class_list":["post-79809","post","type-post","status-publish","format-standard","has-post-thumbnail","hentry","category-nedir","tag-otv","tag-zam"],"_links":{"self":[{"href":"https:\/\/www.indir.com\/haber\/wp-json\/wp\/v2\/posts\/79809","targetHints":{"allow":["GET"]}}],"collection":[{"href":"https:\/\/www.indir.com\/haber\/wp-json\/wp\/v2\/posts"}],"about":[{"href":"https:\/\/www.indir.com\/haber\/wp-json\/wp\/v2\/types\/post"}],"author":[{"embeddable":true,"href":"https:\/\/www.indir.com\/haber\/wp-json\/wp\/v2\/users\/93"}],"replies":[{"embeddable":true,"href":"https:\/\/www.indir.com\/haber\/wp-json\/wp\/v2\/comments?post=79809"}],"version-history":[{"count":1,"href":"https:\/\/www.indir.com\/haber\/wp-json\/wp\/v2\/posts\/79809\/revisions"}],"predecessor-version":[{"id":79824,"href":"https:\/\/www.indir.com\/haber\/wp-json\/wp\/v2\/posts\/79809\/revisions\/79824"}],"wp:featuredmedia":[{"embeddable":true,"href":"https:\/\/www.indir.com\/haber\/wp-json\/wp\/v2\/media\/79811"}],"wp:attachment":[{"href":"https:\/\/www.indir.com\/haber\/wp-json\/wp\/v2\/media?parent=79809"}],"wp:term":[{"taxonomy":"category","embeddable":true,"href":"https:\/\/www.indir.com\/haber\/wp-json\/wp\/v2\/categories?post=79809"},{"taxonomy":"post_tag","embeddable":true,"href":"https:\/\/www.indir.com\/haber\/wp-json\/wp\/v2\/tags?post=79809"}],"curies":[{"name":"wp","href":"https:\/\/api.w.org\/{rel}","templated":true}]}}