{"id":79754,"date":"2025-07-24T15:15:00","date_gmt":"2025-07-24T12:15:00","guid":{"rendered":"https:\/\/www.indir.com\/haber\/?p=79754"},"modified":"2025-07-24T13:08:26","modified_gmt":"2025-07-24T10:08:26","slug":"yerli-sosyal-medya-projesi-next-teknofest-sosyal-yayinlandi","status":"publish","type":"post","link":"https:\/\/www.indir.com\/haber\/yerli-sosyal-medya-projesi-next-teknofest-sosyal-yayinlandi\/","title":{"rendered":"Yerli Sosyal Medya Projesi NEXT Teknofest Sosyal Yay\u0131nland\u0131"},"content":{"rendered":"\n<p>Sel\u00e7uk Bayraktar, yapay zeka teknolojisinden destek alacak olan NEXT Teknofest Sosyal\u2019i&nbsp; resmi olarak duyurdu. TEKNOFEST giri\u015fimcilerinin geli\u015ftirdi\u011fi yeni yerli sosyal medya platformu olarak kullan\u0131c\u0131lara sunulaca\u011f\u0131 belirtildi. Bu yeni uygulama, App Strore\u2019daki \u201csosyal a\u011f\u201d kategorisi s\u0131ralamas\u0131nda en pop\u00fcler \u00fccretsiz uygulamalarda birinci s\u0131raya yerle\u015fti. K\u00fcresel \u00e7apta pop\u00fcler olan Telegram, OmeTV ve Facebook gibi platformlar\u0131 arkas\u0131nda b\u0131rakarak zirveye y\u00fckseldi.&nbsp;<\/p>\n\n\n\n<figure class=\"wp-block-image size-full\"><img loading=\"lazy\" decoding=\"async\" width=\"1600\" height=\"900\" src=\"http:\/\/www.indir.com\/haber\/wp-content\/uploads\/2025\/07\/lqd-14.jpg\" alt=\"NEXT Teknofest Sosyal T\u00fcrkiye Sahnesinde\" class=\"wp-image-79756\" title=\"\"><figcaption class=\"wp-element-caption\">NEXT Teknofest Sosyal T\u00fcrkiye Sahnesinde<\/figcaption><\/figure>\n\n\n\n<h2 class=\"wp-block-heading\">Yerli Sosyal Medya At\u0131l\u0131m\u0131: NEXT Teknofest Sosyal T\u00fcrkiye Sahnesinde<\/h2>\n\n\n\n<p>NEXT Teknofest Sosyal, dijital giri\u015fimcilik ekosisteminde T\u00fcrkiye&#8217;de h\u0131zla \u00f6ne \u00e7\u0131kmaya ba\u015flad\u0131. Bu platformun \u00f6ne \u00e7\u0131kan \u00f6zellikleri aras\u0131nda T3 AI\u2019n\u0131n entegre edilmi\u015f olmas\u0131 durumu bulunuyor. Bu \u00f6nemli dil modeli, T\u00fcrkiye Teknoloji Tak\u0131m\u0131 Vakf\u0131 ve Baykar i\u015f birli\u011fiyle ortaya \u00e7\u0131kar\u0131ld\u0131. Geli\u015ftirilen bu yapay zekan\u0131n \u201cahlakl\u0131 yapay zeka\u201d anlay\u0131\u015f\u0131 oda\u011f\u0131nda ilerletildi\u011fi biliniyor. Bu yapay zeka \u00fcr\u00fcn\u00fc, kullan\u0131c\u0131 etiketli i\u00e7eriklere kar\u015f\u0131l\u0131k verebilme yetene\u011fine sahip ve ayn\u0131 zamanda \u00e7ok dilli i\u00e7erikleri de anlayabiliyor. Bu sayede yerli teknolojinin sosyal medya etkile\u015fiminde aktif kullan\u0131m\u0131 konusunda bir \u00f6rnek te\u015fkil ediyor.<\/p>\n\n\n\n<p>Kullan\u0131c\u0131lar bu uygulamay\u0131 reklams\u0131z bir \u015fekilde deneyimleyebilecek. Sel\u00e7uk Bayraktar payla\u015f\u0131lan tan\u0131t\u0131m videosunda uygulama hakk\u0131nda; reklam ve sans\u00fcr olmad\u0131\u011f\u0131n\u0131, yapay zeka robotu oldu\u011funu vurgulad\u0131. Haberden teknolojiye, ya\u015famdan g\u00fcndeme kadar pek \u00e7ok alanda i\u00e7erik \u00fcreten kullan\u0131c\u0131lar, NEXT Teknofest Sosyal \u00e7at\u0131s\u0131 alt\u0131nda bir araya gelecek. Bu projede geleneksel sosyal medya uygulamalar\u0131n\u0131n \u00f6tesine yapay zeka ile ge\u00e7mek planlan\u0131yor.<\/p>\n\n\n\n<figure class=\"wp-block-image size-full\"><img loading=\"lazy\" decoding=\"async\" width=\"1600\" height=\"900\" src=\"http:\/\/www.indir.com\/haber\/wp-content\/uploads\/2025\/07\/lqd-15.jpg\" alt=\"NEXT Teknofest Sosyal, Tamamen Yerli Altyap\u0131 \u0130le Resmen Tan\u0131t\u0131ld\u0131\" class=\"wp-image-79755\" title=\"\"><figcaption class=\"wp-element-caption\">NEXT Teknofest Sosyal, Tamamen Yerli Altyap\u0131 \u0130le Resmen Tan\u0131t\u0131ld\u0131<\/figcaption><\/figure>\n\n\n\n<h2 class=\"wp-block-heading\">NEXT Teknofest Sosyal, Tamamen Yerli Altyap\u0131 \u0130le Resmen Tan\u0131t\u0131ld\u0131<\/h2>\n\n\n\n<p>Uygulama, hem Android hem de iOS i\u015fletim sistemlerine sahip cihazlara indirilebiliyor. Giri\u015f yaparken kullan\u0131c\u0131lar, TEKNOFEST Sosyal sunucusunu se\u00e7ecek ve T3 SSO ile platforma eri\u015fim sa\u011flayacak. Yap\u0131lan a\u00e7\u0131klamalara g\u00f6re, NEXT Teknofest Sosyal\u2019in teknik altyap\u0131s\u0131 tamamen yerli kaynaklara dayan\u0131yor. TEKNOFEST \u00e7at\u0131s\u0131 alt\u0131nda geli\u015ftirilen bir\u00e7ok projenin sosyal medya alan\u0131ndaki bir yans\u0131mas\u0131 olarak g\u00f6r\u00fclen NEXT Teknofest Sosyal, olduk\u00e7a dikkat \u00e7ekiyor. T\u00fcrkiye\u2019nin gen\u00e7 giri\u015fimci potansiyelini dijitale ta\u015f\u0131yan bu uygulama, yapay zeka ve yerli yaz\u0131l\u0131m deste\u011fiyle sosyal medya sahnesinde fark yarat\u0131yor.<\/p>\n","protected":false},"excerpt":{"rendered":"<p>Sel\u00e7uk Bayraktar, yapay zeka teknolojisinden destek alacak olan NEXT Teknofest Sosyal\u2019i&nbsp; resmi olarak duyurdu. TEKNOFEST giri\u015fimcilerinin geli\u015ftirdi\u011fi yeni yerli sosyal medya platformu olarak kullan\u0131c\u0131lara sunulaca\u011f\u0131 belirtildi. Bu yeni uygulama, App Strore\u2019daki \u201csosyal a\u011f\u201d kategorisi s\u0131ralamas\u0131nda en pop\u00fcler \u00fccretsiz uygulamalarda birinci s\u0131raya yerle\u015fti. K\u00fcresel \u00e7apta pop\u00fcler olan Telegram, OmeTV ve Facebook gibi platformlar\u0131 arkas\u0131nda b\u0131rakarak zirveye [&hellip;]<\/p>\n","protected":false},"author":82,"featured_media":79757,"comment_status":"open","ping_status":"closed","sticky":false,"template":"","format":"standard","meta":{"footnotes":""},"categories":[1],"tags":[],"class_list":["post-79754","post","type-post","status-publish","format-standard","has-post-thumbnail","hentry","category-teknoloji"],"_links":{"self":[{"href":"https:\/\/www.indir.com\/haber\/wp-json\/wp\/v2\/posts\/79754","targetHints":{"allow":["GET"]}}],"collection":[{"href":"https:\/\/www.indir.com\/haber\/wp-json\/wp\/v2\/posts"}],"about":[{"href":"https:\/\/www.indir.com\/haber\/wp-json\/wp\/v2\/types\/post"}],"author":[{"embeddable":true,"href":"https:\/\/www.indir.com\/haber\/wp-json\/wp\/v2\/users\/82"}],"replies":[{"embeddable":true,"href":"https:\/\/www.indir.com\/haber\/wp-json\/wp\/v2\/comments?post=79754"}],"version-history":[{"count":1,"href":"https:\/\/www.indir.com\/haber\/wp-json\/wp\/v2\/posts\/79754\/revisions"}],"predecessor-version":[{"id":79774,"href":"https:\/\/www.indir.com\/haber\/wp-json\/wp\/v2\/posts\/79754\/revisions\/79774"}],"wp:featuredmedia":[{"embeddable":true,"href":"https:\/\/www.indir.com\/haber\/wp-json\/wp\/v2\/media\/79757"}],"wp:attachment":[{"href":"https:\/\/www.indir.com\/haber\/wp-json\/wp\/v2\/media?parent=79754"}],"wp:term":[{"taxonomy":"category","embeddable":true,"href":"https:\/\/www.indir.com\/haber\/wp-json\/wp\/v2\/categories?post=79754"},{"taxonomy":"post_tag","embeddable":true,"href":"https:\/\/www.indir.com\/haber\/wp-json\/wp\/v2\/tags?post=79754"}],"curies":[{"name":"wp","href":"https:\/\/api.w.org\/{rel}","templated":true}]}}