{"id":73132,"date":"2025-03-28T10:36:06","date_gmt":"2025-03-28T07:36:06","guid":{"rendered":"https:\/\/www.indir.com\/haber\/?p=73132"},"modified":"2025-03-28T11:25:51","modified_gmt":"2025-03-28T08:25:51","slug":"realme-14-5g-fiyatiyla-sinirlari-zorluyor","status":"publish","type":"post","link":"https:\/\/www.indir.com\/haber\/realme-14-5g-fiyatiyla-sinirlari-zorluyor\/","title":{"rendered":"Realme 14 5G Fiyat\u0131yla S\u0131n\u0131rlar\u0131 Zorluyor"},"content":{"rendered":"\n<p>\u00c7inli teknoloji markas\u0131 Realme, orta segmentte iddial\u0131 bir ad\u0131m atarak yeni ak\u0131ll\u0131 telefonu Realme 14 5G\u2019yi tan\u0131tt\u0131. G\u00fcnl\u00fck kullan\u0131ma y\u00f6nelik ihtiya\u00e7lar\u0131 kar\u015f\u0131lamay\u0131 hedefleyen bu model, sundu\u011fu \u00f6zelliklerle dikkat \u00e7ekiyor. Ancak fiyat\u0131, baz\u0131 kullan\u0131c\u0131lar i\u00e7in biraz y\u00fcksek bulunabilir. D\u00fczenlenen etkinlikte duyurulan Realme 14 5G, teknik donan\u0131m\u0131 ve modern tasar\u0131m\u0131yla sat\u0131\u015fa sunuldu\u011fu pazarlarda ad\u0131ndan s\u00f6z ettirecek gibi g\u00f6r\u00fcn\u00fcyor.<\/p>\n\n\n\n<h2 class=\"wp-block-heading\">Realme 14 5G\u2019nin Ekran ve Tasar\u0131m \u00d6zellikleri<\/h2>\n\n\n\n<p>Realme 14 5G, 6.67 in\u00e7lik FHD+ \u00e7\u00f6z\u00fcn\u00fcrl\u00fckl\u00fc bir ekranla geliyor. 120 Hz tazeleme h\u0131z\u0131 sunan bu ekran, ak\u0131c\u0131 bir g\u00f6rsel deneyim sa\u011flarken, 2.000 nit tepe parlakl\u0131k de\u011feri ile parlak \u0131\u015f\u0131k alt\u0131nda bile net g\u00f6r\u00fcnt\u00fcler vadediyor. Ayr\u0131ca IP69 sertifikas\u0131 sayesinde suya ve toza kar\u015f\u0131 \u00fcst d\u00fczey dayan\u0131kl\u0131l\u0131k sunan telefon, sa\u011flaml\u0131k arayanlar i\u00e7in ideal bir se\u00e7enek. \u00d6n kamera taraf\u0131nda ise 16 MP \u00e7\u00f6z\u00fcn\u00fcrl\u00fck sunan bir selfie sens\u00f6r\u00fc yer al\u0131yor, bu da g\u00fcnl\u00fck foto\u011fraf ihtiya\u00e7lar\u0131n\u0131 kar\u015f\u0131layacak d\u00fczeyde bir performans sunuyor.<\/p>\n\n\n\n<h2 class=\"wp-block-heading\">Realme 14 5G\u2019nin Performans ve Batarya G\u00fcc\u00fc<\/h2>\n\n\n\n<p>Realme 14 5G, Qualcomm\u2019un Snapdragon 6 Gen 4 i\u015flemcisiyle g\u00fc\u00e7lendirilmi\u015f. Bu yonga seti, orta segment bir telefonda ak\u0131c\u0131 bir performans sunmak i\u00e7in yeterli g\u00fcc\u00fc sa\u011fl\u0131yor. Cihaz, 12 GB RAM ve 512 GB\u2019ye kadar depolama alan\u0131 se\u00e7enekleriyle donat\u0131lm\u0131\u015f; bu da multitasking ve y\u00fcksek depolama ihtiyac\u0131 olan kullan\u0131c\u0131lar i\u00e7in b\u00fcy\u00fck avantaj. Pil taraf\u0131nda ise 6.000 mAh kapasiteli bir batarya bulunuyor ve 45W h\u0131zl\u0131 \u015farj deste\u011fiyle k\u0131sa s\u00fcrede tam dolum imk\u00e2n\u0131 sunuyor. Telefon, kutudan Android 15 tabanl\u0131 Realme UI 6.0 aray\u00fcz\u00fc ile \u00e7\u0131k\u0131yor, b\u00f6ylece g\u00fcncel bir yaz\u0131l\u0131m deneyimi garanti ediliyor.<\/p>\n\n\n\n<h3 class=\"wp-block-heading\">Realme 14 5G\u2019nin Kamera Yetenekleri<\/h3>\n\n\n\n<p>Realme 14 5G\u2019nin arka k\u0131sm\u0131nda dikey bir kamera dizilimi dikkat \u00e7ekiyor. \u015eirket, bu kurulumda \u00f6ne \u00e7\u0131kan 50 MP\u2019lik ana kameray\u0131 Sony \u00fcretimi bir sens\u00f6rle desteklemi\u015f. Yapay zek\u00e2 destekli \u00f6zelliklerle zenginle\u015ftirilen bu kamera, kaliteli foto\u011fraflar \u00e7ekme potansiyeline sahip. Ancak di\u011fer kamera detaylar\u0131 hen\u00fcz payla\u015f\u0131lmad\u0131, bu da ultra geni\u015f a\u00e7\u0131l\u0131 veya makro lens gibi ek se\u00e7eneklerin olup olmad\u0131\u011f\u0131 konusunda merak uyand\u0131r\u0131yor.<\/p>\n\n\n\n<figure class=\"wp-block-image size-full\"><img loading=\"lazy\" decoding=\"async\" width=\"1600\" height=\"900\" src=\"http:\/\/www.indir.com\/haber\/wp-content\/uploads\/2025\/03\/1600x900-13.jpg\" alt=\"Realme 14 5G\" class=\"wp-image-73134\" title=\"\"><\/figure>\n\n\n\n<h3 class=\"wp-block-heading\">Realme 14 5G: Teknik \u00d6zellikler ve De\u011ferlendirme<\/h3>\n\n\n\n<p>Realme 14 5G, orta segmentte dengeli bir performans sunmay\u0131 hedeflese de fiyat\u0131, sundu\u011fu \u00f6zelliklere k\u0131yasla biraz y\u00fcksek alg\u0131lanabilir. Snapdragon 6 Gen 4 i\u015flemci, geni\u015f depolama, b\u00fcy\u00fck batarya ve IP69 dayan\u0131kl\u0131l\u0131k gibi \u00f6zellikler, telefonu rakiplerinden ay\u0131r\u0131yor. Ancak kamera taraf\u0131nda tek bir lensin vurgulanmas\u0131, \u00e7oklu kamera kurulumuna al\u0131\u015fk\u0131n kullan\u0131c\u0131lar\u0131 d\u00fc\u015f\u00fcnd\u00fcrebilir. Orta s\u0131n\u0131f bir model olarak Realme 14 5G, g\u00fcnl\u00fck kullan\u0131mda tatmin edici bir deneyim sunarken, fiyat\/performans s\u0131n\u0131rlar\u0131n\u0131 zorlayarak dikkatleri \u00fczerine \u00e7ekiyor. Bu telefon, \u00f6zellikle dayan\u0131kl\u0131l\u0131k ve batarya \u00f6mr\u00fc arayanlar i\u00e7in g\u00fc\u00e7l\u00fc bir alternatif olabilir.<\/p>\n","protected":false},"excerpt":{"rendered":"<p>\u00c7inli teknoloji markas\u0131 Realme, orta segmentte iddial\u0131 bir ad\u0131m atarak yeni ak\u0131ll\u0131 telefonu Realme 14 5G\u2019yi tan\u0131tt\u0131. G\u00fcnl\u00fck kullan\u0131ma y\u00f6nelik ihtiya\u00e7lar\u0131 kar\u015f\u0131lamay\u0131 hedefleyen bu model, sundu\u011fu \u00f6zelliklerle dikkat \u00e7ekiyor. Ancak fiyat\u0131, baz\u0131 kullan\u0131c\u0131lar i\u00e7in biraz y\u00fcksek bulunabilir. D\u00fczenlenen etkinlikte duyurulan Realme 14 5G, teknik donan\u0131m\u0131 ve modern tasar\u0131m\u0131yla sat\u0131\u015fa sunuldu\u011fu pazarlarda ad\u0131ndan s\u00f6z ettirecek gibi [&hellip;]<\/p>\n","protected":false},"author":56,"featured_media":73133,"comment_status":"open","ping_status":"closed","sticky":false,"template":"","format":"standard","meta":{"footnotes":""},"categories":[46],"tags":[],"class_list":["post-73132","post","type-post","status-publish","format-standard","has-post-thumbnail","hentry","category-mobil"],"_links":{"self":[{"href":"https:\/\/www.indir.com\/haber\/wp-json\/wp\/v2\/posts\/73132","targetHints":{"allow":["GET"]}}],"collection":[{"href":"https:\/\/www.indir.com\/haber\/wp-json\/wp\/v2\/posts"}],"about":[{"href":"https:\/\/www.indir.com\/haber\/wp-json\/wp\/v2\/types\/post"}],"author":[{"embeddable":true,"href":"https:\/\/www.indir.com\/haber\/wp-json\/wp\/v2\/users\/56"}],"replies":[{"embeddable":true,"href":"https:\/\/www.indir.com\/haber\/wp-json\/wp\/v2\/comments?post=73132"}],"version-history":[{"count":1,"href":"https:\/\/www.indir.com\/haber\/wp-json\/wp\/v2\/posts\/73132\/revisions"}],"predecessor-version":[{"id":73135,"href":"https:\/\/www.indir.com\/haber\/wp-json\/wp\/v2\/posts\/73132\/revisions\/73135"}],"wp:featuredmedia":[{"embeddable":true,"href":"https:\/\/www.indir.com\/haber\/wp-json\/wp\/v2\/media\/73133"}],"wp:attachment":[{"href":"https:\/\/www.indir.com\/haber\/wp-json\/wp\/v2\/media?parent=73132"}],"wp:term":[{"taxonomy":"category","embeddable":true,"href":"https:\/\/www.indir.com\/haber\/wp-json\/wp\/v2\/categories?post=73132"},{"taxonomy":"post_tag","embeddable":true,"href":"https:\/\/www.indir.com\/haber\/wp-json\/wp\/v2\/tags?post=73132"}],"curies":[{"name":"wp","href":"https:\/\/api.w.org\/{rel}","templated":true}]}}