{"id":68963,"date":"2024-10-17T09:48:28","date_gmt":"2024-10-17T06:48:28","guid":{"rendered":"https:\/\/www.indir.com\/haber\/?p=68963"},"modified":"2024-10-17T09:48:33","modified_gmt":"2024-10-17T06:48:33","slug":"yeni-ipad-mini-7-tanitildi-intelligence-desteklenecek","status":"publish","type":"post","link":"https:\/\/www.indir.com\/haber\/yeni-ipad-mini-7-tanitildi-intelligence-desteklenecek\/","title":{"rendered":"Yeni iPad Mini 7 Tan\u0131t\u0131ld\u0131! Intelligence Desteklenecek"},"content":{"rendered":"\n<p>Apple, i\u00e7erisinde yapay zeka modeli olan Intelligence\u2019\u0131n da yer ald\u0131\u011f\u0131 yeni iPad Mini 7 Tableti tan\u0131tt\u0131.&nbsp;<\/p>\n\n\n\n<p>Ge\u00e7ti\u011fimiz ay tan\u0131tt\u0131\u011f\u0131 iPhone 16 serisi ile b\u00fct\u00fcn dikkatleri \u00fczerine \u00e7eken d\u00fcnyan\u0131n en b\u00fcy\u00fck teknoloji firmalar\u0131ndan bir tanesi olan Apple, k\u0131sa bir s\u00fcre \u00f6nce b\u00fcy\u00fck bir s\u00fcrprize imza atarak yeni iPad modelini tan\u0131tt\u0131. \u00d6n sipari\u015fe a\u00e7\u0131lan yeni iPad Mini\u2019nin T\u00fcrkiye fiyat\u0131 ve \u00f6zellikleri ortaya \u00e7\u0131kt\u0131.\u00a0<\/p>\n\n\n\n<figure class=\"wp-block-image size-full\"><img loading=\"lazy\" decoding=\"async\" width=\"1600\" height=\"900\" src=\"https:\/\/www.indir.com\/haber\/wp-content\/uploads\/2024\/10\/1-20.png\" alt=\"Yeni iPad Mini 7 Tan\u0131t\u0131ld\u0131! Intelligence Desteklenecek\n\" class=\"wp-image-68965\" title=\"\"><figcaption class=\"wp-element-caption\">Yeni iPad Mini 7 Tan\u0131t\u0131ld\u0131! Intelligence Desteklenecek\n<\/figcaption><\/figure>\n\n\n\n<h2 class=\"wp-block-heading\">Yeni iPad Mini\u2019nin \u00d6zellikleri<\/h2>\n\n\n\n<p>D\u00fcnyan\u0131n en b\u00fcy\u00fck teknoloji firmalar\u0131ndan bir tanesi olan Apple, yeni iPad modellerinde ge\u00e7ti\u011fimiz sene tan\u0131tt\u0131\u011f\u0131 iPhone 15 Pro ve iPhone 15 Pro Max modellerinin i\u00e7erisinde yer alan A17 Pro Bionic \u00e7ipini kulland\u0131. 3nm mimariye sahip olan A17 Pro yonga seti; daha \u00f6nceki versiyonun da yer alan 5 \u00e7ekirdekli GPU\u2019nun aksine y\u00fczde 20 daha h\u0131zl\u0131 6 \u00e7ekirdekli grafik i\u015flemci birimi ile birlikte \u00f6zellikle oyun, yapay zeka ve makine i\u015fleme gibi konularda daha fazla h\u0131z ya\u015fat\u0131yor.&nbsp;<\/p>\n\n\n\n<p>19 Milyar transist\u00f6r\u00fcn yer ald\u0131\u011f\u0131 yonga, rakiplerinden y\u00fczde 10 daha h\u0131zl\u0131 olmas\u0131n\u0131n yan\u0131 s\u0131ra ikisi y\u00fcksek frekansl\u0131 \u00e7ekirdek ve rakiplerinden daha d\u00fc\u015f\u00fck g\u00fc\u00e7 t\u00fcketimine sahip olan d\u00f6rt adet verimlilik \u00e7ekirde\u011finden olu\u015fan 6 \u00e7ekirdek i\u00e7erisinde yer al\u0131yor. Bunlar\u0131n yan\u0131 s\u0131ra cihazda 5G Qualcomm modem ve W\u0130-F\u0130 6E teknolojisi b\u00fcnyesinde yer al\u0131yor.&nbsp;<\/p>\n\n\n\n<figure class=\"wp-block-image size-full\"><img loading=\"lazy\" decoding=\"async\" width=\"1600\" height=\"900\" src=\"https:\/\/www.indir.com\/haber\/wp-content\/uploads\/2024\/10\/2-11.png\" alt=\"Yeni iPad Mini 7 Tan\u0131t\u0131ld\u0131! Intelligence Desteklenecek\n\" class=\"wp-image-68966\" title=\"\"><figcaption class=\"wp-element-caption\"> Yeni iPad Intelligence Destekleyecek.<\/figcaption><\/figure>\n\n\n\n<p>Bu yeni iPad Mini modelinde 8.3 in\u00e7lik Liquid Retina ekran bizleri kar\u015f\u0131l\u0131yor. Bunlar\u0131n yan\u0131 s\u0131ra, P3 geni\u015f renk yelpazesi ve True Tone gibi teknolojileri i\u00e7erisinde bar\u0131nd\u0131r\u0131yor. 4K video kayd\u0131 yapabilmek \u00f6zelli\u011fi i\u00e7erisinde yer alan 12 Megapiksellik geni\u015f kamerayla gelen tablette 12 Megapiksellik bir selfie kameras\u0131 ile kar\u015f\u0131m\u0131za \u00e7\u0131k\u0131yor.&nbsp;<\/p>\n\n\n\n<p>An itibariyle \u00f6n sipari\u015f s\u00fcrecinde yer alan yeni Apple iPad Mini, Uzay Grisi, Mavi, Mor ve Y\u0131ld\u0131z I\u015f\u0131\u011f\u0131 se\u00e7enekleri ile sat\u0131\u015fa \u00e7\u0131k\u0131yor. Yeni Apple iPad Mini modeli 23 Ekim tarihi itibariyle genel sat\u0131\u015fa \u00e7\u0131k\u0131yor. \u0130\u015fte yeni Apple iPad Mini\u2019nin \u00fclkemizdeki fiyatlar\u0131 \u015fu \u015fekilde:<\/p>\n\n\n\n<ul class=\"wp-block-list\">\n<li><strong>128 GB<\/strong>\n<ul class=\"wp-block-list\">\n<li>Wi-Fi \u2013 23 bin 99 TL<\/li>\n\n\n\n<li>Wi-Fi + Cellular \u2013 30 bin 999 TL<\/li>\n<\/ul>\n<\/li>\n\n\n\n<li><strong>256 GB<\/strong>\n<ul class=\"wp-block-list\">\n<li>Wi-Fi \u2013 28 bin 499 TL<\/li>\n\n\n\n<li>Wi-Fi + Cellular \u2013 35 bin 499 TL<\/li>\n<\/ul>\n<\/li>\n\n\n\n<li><strong>512 GB<\/strong>\n<ul class=\"wp-block-list\">\n<li>Wi-Fi \u2013 36 bin 999 TL<\/li>\n\n\n\n<li>Wi-Fi + Cellular \u2013 43 bin 999 TL<\/li>\n<\/ul>\n<\/li>\n<\/ul>\n","protected":false},"excerpt":{"rendered":"<p>Apple, i\u00e7erisinde yapay zeka modeli olan Intelligence\u2019\u0131n da yer ald\u0131\u011f\u0131 yeni iPad Mini 7 Tableti tan\u0131tt\u0131.&nbsp; Ge\u00e7ti\u011fimiz ay tan\u0131tt\u0131\u011f\u0131 iPhone 16 serisi ile b\u00fct\u00fcn dikkatleri \u00fczerine \u00e7eken d\u00fcnyan\u0131n en b\u00fcy\u00fck teknoloji firmalar\u0131ndan bir tanesi olan Apple, k\u0131sa bir s\u00fcre \u00f6nce b\u00fcy\u00fck bir s\u00fcrprize imza atarak yeni iPad modelini tan\u0131tt\u0131. \u00d6n sipari\u015fe a\u00e7\u0131lan yeni iPad Mini\u2019nin [&hellip;]<\/p>\n","protected":false},"author":79,"featured_media":68964,"comment_status":"open","ping_status":"closed","sticky":false,"template":"","format":"standard","meta":{"footnotes":""},"categories":[1],"tags":[104,357,10204],"class_list":["post-68963","post","type-post","status-publish","format-standard","has-post-thumbnail","hentry","category-teknoloji","tag-apple","tag-ipad-mini","tag-ipad-mini-7"],"_links":{"self":[{"href":"https:\/\/www.indir.com\/haber\/wp-json\/wp\/v2\/posts\/68963","targetHints":{"allow":["GET"]}}],"collection":[{"href":"https:\/\/www.indir.com\/haber\/wp-json\/wp\/v2\/posts"}],"about":[{"href":"https:\/\/www.indir.com\/haber\/wp-json\/wp\/v2\/types\/post"}],"author":[{"embeddable":true,"href":"https:\/\/www.indir.com\/haber\/wp-json\/wp\/v2\/users\/79"}],"replies":[{"embeddable":true,"href":"https:\/\/www.indir.com\/haber\/wp-json\/wp\/v2\/comments?post=68963"}],"version-history":[{"count":0,"href":"https:\/\/www.indir.com\/haber\/wp-json\/wp\/v2\/posts\/68963\/revisions"}],"wp:featuredmedia":[{"embeddable":true,"href":"https:\/\/www.indir.com\/haber\/wp-json\/wp\/v2\/media\/68964"}],"wp:attachment":[{"href":"https:\/\/www.indir.com\/haber\/wp-json\/wp\/v2\/media?parent=68963"}],"wp:term":[{"taxonomy":"category","embeddable":true,"href":"https:\/\/www.indir.com\/haber\/wp-json\/wp\/v2\/categories?post=68963"},{"taxonomy":"post_tag","embeddable":true,"href":"https:\/\/www.indir.com\/haber\/wp-json\/wp\/v2\/tags?post=68963"}],"curies":[{"name":"wp","href":"https:\/\/api.w.org\/{rel}","templated":true}]}}