{"id":68306,"date":"2024-09-20T09:45:38","date_gmt":"2024-09-20T06:45:38","guid":{"rendered":"https:\/\/www.indir.com\/haber\/?p=68306"},"modified":"2024-09-20T09:45:43","modified_gmt":"2024-09-20T06:45:43","slug":"apple-ve-samsung-ikinci-el-telefon-pazarinda-zirvede","status":"publish","type":"post","link":"https:\/\/www.indir.com\/haber\/apple-ve-samsung-ikinci-el-telefon-pazarinda-zirvede\/","title":{"rendered":"Apple ve Samsung \u0130kinci El Telefon Pazar\u0131nda Zirvede"},"content":{"rendered":"\n<p>2024&#8217;\u00fcn ikinci \u00e7eyre\u011finde, ikinci el telefon pazar\u0131nda \u00f6zellikle Apple ve Samsung&#8217;un hakimiyeti dikkat \u00e7ekiyor. CCI Insight&#8217;\u0131n yay\u0131mlad\u0131\u011f\u0131 verilere g\u00f6re, bu iki dev marka pazar\u0131n y\u00fczde 80&#8217;ini kontrol ediyor. Xiaomi, Huawei, vivo, OPPO ve realme gibi di\u011fer \u00fcreticiler ise geri kalan y\u00fczde 20&#8217;yi payla\u015f\u0131yor. Bu tablo, ikinci el pazar\u0131n\u0131n neredeyse tamamen bu iki markan\u0131n h\u00e2kimiyetinde oldu\u011funu g\u00f6steriyor.<\/p>\n\n\n\n<figure class=\"wp-block-gallery has-nested-images columns-default is-cropped wp-block-gallery-1 is-layout-flex wp-block-gallery-is-layout-flex\">\n<figure class=\"wp-block-image size-large\"><img loading=\"lazy\" decoding=\"async\" width=\"1600\" height=\"900\" data-id=\"68310\" src=\"https:\/\/www.indir.com\/haber\/wp-content\/uploads\/2024\/09\/661cc617e5b04405__w1200xh675_1600x900-1.jpg\" alt=\"\" class=\"wp-image-68310\" title=\"\"><figcaption class=\"wp-element-caption\">Raporda dikkat \u00e7eken en \u00f6nemli nokta, Apple&#8217;\u0131n sekt\u00f6rdeki mutlak \u00fcst\u00fcnl\u00fc\u011f\u00fc oldu.<\/figcaption><\/figure>\n<\/figure>\n\n\n\n<h2 class=\"wp-block-heading\">\u0130kinci El Telefon Pazar\u0131nda Apple Zirveyi Kapt\u0131rm\u0131yor<\/h2>\n\n\n\n<p>Raporda dikkat \u00e7eken en \u00f6nemli nokta, Apple&#8217;\u0131n sekt\u00f6rdeki mutlak \u00fcst\u00fcnl\u00fc\u011f\u00fc oldu. \u0130kinci el telefon pazar\u0131nda en \u00e7ok tercih edilen marka olan Apple, rakiplerini geride b\u0131rakmay\u0131 s\u00fcrd\u00fcr\u00fcyor. Samsung ise Apple&#8217;\u0131n ard\u0131ndan ikinci s\u0131rada yer alsa da, aradaki fark olduk\u00e7a b\u00fcy\u00fck. Apple&#8217;\u0131n ikinci el piyasas\u0131ndaki cazibesi, \u00f6zellikle iPhone modellerinin y\u00fcksek talep g\u00f6rmesiyle ba\u011flant\u0131l\u0131.<\/p>\n\n\n\n<p>Xiaomi, Huawei, OPPO gibi \u00c7in merkezli markalar her ne kadar yeni cihaz sat\u0131\u015flar\u0131nda dikkat \u00e7ekici bir b\u00fcy\u00fcme kaydetse de, ikinci el telefon pazar\u0131nda ayn\u0131 ba\u015far\u0131y\u0131 yakalayabilmi\u015f de\u011filler. Toplamda y\u00fczde 20&#8217;lik bir paya sahip olan bu markalar, ikinci el cihazlar aras\u0131nda t\u00fcketicilerin ilk tercihleri aras\u0131nda yer alm\u0131yor.<\/p>\n\n\n\n<h2 class=\"wp-block-heading\">\u0130kinci El Telefon Fiyatlar\u0131nda D\u00fc\u015f\u00fc\u015f Ya\u015fand\u0131<\/h2>\n\n\n\n<p>2024&#8217;\u00fcn ikinci \u00e7eyre\u011fine ait rapor, sadece pazar paylar\u0131n\u0131 de\u011fil, ayn\u0131 zamanda fiyatlardaki de\u011fi\u015fimleri de ortaya koydu. \u0130kinci el telefon fiyatlar\u0131, k\u00fcresel \u00e7apta ortalama y\u00fczde 13 oran\u0131nda geriledi. Bu d\u00fc\u015f\u00fc\u015f, hem t\u00fcketiciler hem de sat\u0131c\u0131lar a\u00e7\u0131s\u0131ndan \u00f6nemli bir geli\u015fme olarak dikkat \u00e7ekiyor. Daha uygun fiyatlarla al\u0131nabilir hale gelen ikinci el telefonlar, \u00f6zellikle ekonomik ko\u015fullar\u0131n zorlu oldu\u011fu d\u00f6nemlerde cazip bir alternatif olu\u015fturuyor.<\/p>\n\n\n\n<p>Fiyatlardaki d\u00fc\u015f\u00fc\u015fe ra\u011fmen, ikinci el telefon pazar\u0131n\u0131n b\u00fcy\u00fckl\u00fc\u011f\u00fc k\u00fc\u00e7\u00fclmek yerine geni\u015fledi. 2024&#8217;\u00fcn ikinci \u00e7eyre\u011fi itibar\u0131yla, k\u00fcresel ikinci el telefon pazar\u0131n\u0131n toplam hacmi 7,7 milyar dolar olarak kaydedildi. Bu durum, ikinci el cihazlar\u0131n hala yo\u011fun bir \u015fekilde talep g\u00f6rd\u00fc\u011f\u00fcn\u00fc ve pazar\u0131n b\u00fcy\u00fcmeye devam etti\u011fini g\u00f6steriyor.<\/p>\n\n\n\n<p>Sonu\u00e7 olarak, ikinci el telefon pazar\u0131ndaki bu veriler, Apple ve Samsung&#8217;un sekt\u00f6rdeki bask\u0131n konumunu korudu\u011funu ortaya koyuyor. Di\u011fer markalar ise bu iki devle rekabet etmekte zorlan\u0131yor. Fiyatlardaki d\u00fc\u015f\u00fc\u015f ve pazar\u0131n geni\u015flemeye devam etmesi, bu alandaki hareketlili\u011fin \u00f6n\u00fcm\u00fczdeki d\u00f6nemlerde de s\u00fcrece\u011fini i\u015faret ediyor.<\/p>\n\n\n\n<p><\/p>\n","protected":false},"excerpt":{"rendered":"<p>2024&#8217;\u00fcn ikinci \u00e7eyre\u011finde, ikinci el telefon pazar\u0131nda \u00f6zellikle Apple ve Samsung&#8217;un hakimiyeti dikkat \u00e7ekiyor. CCI Insight&#8217;\u0131n yay\u0131mlad\u0131\u011f\u0131 verilere g\u00f6re, bu iki dev marka pazar\u0131n y\u00fczde 80&#8217;ini kontrol ediyor. Xiaomi, Huawei, vivo, OPPO ve realme gibi di\u011fer \u00fcreticiler ise geri kalan y\u00fczde 20&#8217;yi payla\u015f\u0131yor. Bu tablo, ikinci el pazar\u0131n\u0131n neredeyse tamamen bu iki markan\u0131n h\u00e2kimiyetinde oldu\u011funu [&hellip;]<\/p>\n","protected":false},"author":78,"featured_media":68311,"comment_status":"open","ping_status":"closed","sticky":false,"template":"","format":"standard","meta":{"footnotes":""},"categories":[46],"tags":[104,10098,10099,174],"class_list":["post-68306","post","type-post","status-publish","format-standard","has-post-thumbnail","hentry","category-mobil","tag-apple","tag-ikinci-el-iphone","tag-ikinci-el-samsung","tag-samsung"],"_links":{"self":[{"href":"https:\/\/www.indir.com\/haber\/wp-json\/wp\/v2\/posts\/68306","targetHints":{"allow":["GET"]}}],"collection":[{"href":"https:\/\/www.indir.com\/haber\/wp-json\/wp\/v2\/posts"}],"about":[{"href":"https:\/\/www.indir.com\/haber\/wp-json\/wp\/v2\/types\/post"}],"author":[{"embeddable":true,"href":"https:\/\/www.indir.com\/haber\/wp-json\/wp\/v2\/users\/78"}],"replies":[{"embeddable":true,"href":"https:\/\/www.indir.com\/haber\/wp-json\/wp\/v2\/comments?post=68306"}],"version-history":[{"count":0,"href":"https:\/\/www.indir.com\/haber\/wp-json\/wp\/v2\/posts\/68306\/revisions"}],"wp:featuredmedia":[{"embeddable":true,"href":"https:\/\/www.indir.com\/haber\/wp-json\/wp\/v2\/media\/68311"}],"wp:attachment":[{"href":"https:\/\/www.indir.com\/haber\/wp-json\/wp\/v2\/media?parent=68306"}],"wp:term":[{"taxonomy":"category","embeddable":true,"href":"https:\/\/www.indir.com\/haber\/wp-json\/wp\/v2\/categories?post=68306"},{"taxonomy":"post_tag","embeddable":true,"href":"https:\/\/www.indir.com\/haber\/wp-json\/wp\/v2\/tags?post=68306"}],"curies":[{"name":"wp","href":"https:\/\/api.w.org\/{rel}","templated":true}]}}