{"id":67352,"date":"2024-08-09T17:55:33","date_gmt":"2024-08-09T14:55:33","guid":{"rendered":"https:\/\/www.indir.com\/haber\/?p=67352"},"modified":"2024-08-09T17:55:37","modified_gmt":"2024-08-09T14:55:37","slug":"instagram-kaydirmali-gonderide-sinirlama-artti-10-dan-20-ye","status":"publish","type":"post","link":"https:\/\/www.indir.com\/haber\/instagram-kaydirmali-gonderide-sinirlama-artti-10-dan-20-ye\/","title":{"rendered":"Instagram Kayd\u0131rmal\u0131 G\u00f6nderide S\u0131n\u0131rlama Artt\u0131: 10&#8217;dan 20\u2019ye"},"content":{"rendered":"\n<p>Instagram\u2019a gelen yeni bir \u00f6zellik ile, kayd\u0131rmal\u0131 g\u00f6nderilerdeki 10 foto\u011fraf ve video ekleme s\u0131n\u0131r\u0131 g\u00fcncellendi. Eskiden 10 olan bu s\u0131n\u0131r, artarak 20\u2019ye \u00e7\u0131kt\u0131.<\/p>\n\n\n\n<h2 class=\"wp-block-heading\">Kullan\u0131c\u0131lar An\u0131lar\u0131n\u0131 Ve Hikayelerini Doya Doya Payla\u015facak<\/h2>\n\n\n\n<p>Kullan\u0131c\u0131 deneyimini art\u0131rmak isteyen Instagram\u2019dan yeni bir g\u00fcncelleme haberi geldi.&nbsp;<\/p>\n\n\n\n<p>Platform, kullan\u0131c\u0131lar\u0131n\u0131n doya doya foto\u011fraf ve video ekleyebilmeleri i\u00e7in g\u00f6nderilerdeki 10 s\u0131n\u0131r\u0131n\u0131 art\u0131rarak 20\u2019ye \u00e7\u0131kard\u0131.Bu de\u011fi\u015fime gitme sebepleri ise, i\u00e7erik \u00fcreticilerinin \u00e7al\u0131\u015fma alanlar\u0131n\u0131 geli\u015ftirmek ve kullan\u0131c\u0131lar\u0131n daha \u00e7e\u015fitli payla\u015f\u0131mlar yapmas\u0131na yard\u0131mc\u0131 olmak.<\/p>\n\n\n\n<h2 class=\"wp-block-heading\">Instagram\u2019da G\u00fcncellemeler Bitmiyor<\/h2>\n\n\n\n<p>Tek bir g\u00f6nderide eklenebilecek i\u00e7erik serisinde art\u0131\u015fa giden Instagram uygulamas\u0131n\u0131n di\u011fer sosyal medya mecralar\u0131 ile rekabet i\u00e7erisinde oldu\u011fu konu\u015fuluyor. Kullan\u0131c\u0131 ba\u011fl\u0131l\u0131\u011f\u0131n\u0131 art\u0131rmak isteyen Instagram di\u011fer sosyal medya hesaplar\u0131 ile olan rekabetinde g\u00fcc\u00fc elinde tutmak istiyor. Bu yeni \u00f6zellik b\u00fct\u00fcn cihaz ve \u00fclkelerde eri\u015fime a\u00e7\u0131ld\u0131 ama baz\u0131 cihazlara biraz daha ge\u00e7 gelebilir. Herkes g\u00f6nderilerine 20 kayd\u0131rmal\u0131 i\u00e7erik ekleyebilecek. Bu \u00f6zellik, d\u00fcnya genelinde t\u00fcm kullan\u0131c\u0131lar i\u00e7in eri\u015filebilir hale geldi.Uygulaman\u0131n kullan\u0131c\u0131lar\u0131, bu g\u00fcncelleme sayesinde kapsaml\u0131 bir \u015fekilde an\u0131lar\u0131n\u0131 payla\u015facaklar ve hikayelerini daha iyi anlatabilecekler.&nbsp;<\/p>\n\n\n\n<figure class=\"wp-block-image size-full\"><img loading=\"lazy\" decoding=\"async\" width=\"1600\" height=\"900\" src=\"https:\/\/www.indir.com\/haber\/wp-content\/uploads\/2024\/08\/WhatsApp-Image-2024-08-09-at-5.45.59-PM.jpeg\" alt=\"\u00dclkemizde Ayl\u0131k 50 Milyon Ki\u015fi Instagram\u2019\u0131 Ziyaret Ediyor\" class=\"wp-image-67356\" title=\"\"><figcaption class=\"wp-element-caption\">\u00dclkemizde Ayl\u0131k 50 Milyon Ki\u015fi Instagram\u2019\u0131 Ziyaret Ediyor<\/figcaption><\/figure>\n\n\n\n<h2 class=\"wp-block-heading\">\u0130\u00e7erik \u00dcreticilerinin Potansiyellerini Desteklemek \u0130stiyor<\/h2>\n\n\n\n<p>\u0130\u00e7erik \u00fcreticileri, i\u00e7eriklerini \u00fcretirken \u00e7ok daha \u00f6zg\u00fcr hareket edebilecekler ve foto\u011fraf ve video se\u00e7imlerini yaparken zaman ve fikir k\u0131s\u0131tlamalar\u0131na tak\u0131lmayacaklar. Instagram kullan\u0131c\u0131lar\u0131n yarat\u0131c\u0131 potansiyellerine g\u00fcvendi\u011fini bu g\u00fcncelleme ile de g\u00f6stermi\u015f oldu. Bu yenilik, \u00f6zellikle markalar ve i\u015fletmeler i\u00e7in avantajl\u0131 bir esneklik sunuyor.<\/p>\n\n\n\n<h2 class=\"wp-block-heading\">\u00dclkemizde Ayl\u0131k 50 Milyon Ki\u015fi Instagram\u2019\u0131 Ziyaret Ediyor<\/h2>\n\n\n\n<p>\u00dclkemizdeki sosyal medya ve dijital platformlar aras\u0131nda \u00e7ok de\u011ferli bir yer tutan Instagram, T\u00fcrkiye\u2019nin en \u00f6nemli 4. platformu olarak ge\u00e7iyor. Eri\u015fim engelinden \u00f6nce uygulamay\u0131 2024 y\u0131l\u0131n\u0131n herhangi bir ay\u0131nda ortalama 50 milyon ki\u015fi ziyaret ediyor. Bu g\u00fcncelleme, geni\u015f kitlelere \u00e7al\u0131\u015fan ve \u00f6nemli i\u015fler yapan firmalar i\u00e7in \u00e7ok b\u00fcy\u00fck bir potansiyel olu\u015fturuyor.&nbsp;<\/p>\n","protected":false},"excerpt":{"rendered":"<p>Instagram\u2019a gelen yeni bir \u00f6zellik ile, kayd\u0131rmal\u0131 g\u00f6nderilerdeki 10 foto\u011fraf ve video ekleme s\u0131n\u0131r\u0131 g\u00fcncellendi. Eskiden 10 olan bu s\u0131n\u0131r, artarak 20\u2019ye \u00e7\u0131kt\u0131. Kullan\u0131c\u0131lar An\u0131lar\u0131n\u0131 Ve Hikayelerini Doya Doya Payla\u015facak Kullan\u0131c\u0131 deneyimini art\u0131rmak isteyen Instagram\u2019dan yeni bir g\u00fcncelleme haberi geldi.&nbsp; Platform, kullan\u0131c\u0131lar\u0131n\u0131n doya doya foto\u011fraf ve video ekleyebilmeleri i\u00e7in g\u00f6nderilerdeki 10 s\u0131n\u0131r\u0131n\u0131 art\u0131rarak 20\u2019ye \u00e7\u0131kard\u0131.Bu [&hellip;]<\/p>\n","protected":false},"author":69,"featured_media":67354,"comment_status":"open","ping_status":"closed","sticky":false,"template":"","format":"standard","meta":{"footnotes":""},"categories":[54],"tags":[113],"class_list":["post-67352","post","type-post","status-publish","format-standard","has-post-thumbnail","hentry","category-internet","tag-instagram"],"_links":{"self":[{"href":"https:\/\/www.indir.com\/haber\/wp-json\/wp\/v2\/posts\/67352","targetHints":{"allow":["GET"]}}],"collection":[{"href":"https:\/\/www.indir.com\/haber\/wp-json\/wp\/v2\/posts"}],"about":[{"href":"https:\/\/www.indir.com\/haber\/wp-json\/wp\/v2\/types\/post"}],"author":[{"embeddable":true,"href":"https:\/\/www.indir.com\/haber\/wp-json\/wp\/v2\/users\/69"}],"replies":[{"embeddable":true,"href":"https:\/\/www.indir.com\/haber\/wp-json\/wp\/v2\/comments?post=67352"}],"version-history":[{"count":0,"href":"https:\/\/www.indir.com\/haber\/wp-json\/wp\/v2\/posts\/67352\/revisions"}],"wp:featuredmedia":[{"embeddable":true,"href":"https:\/\/www.indir.com\/haber\/wp-json\/wp\/v2\/media\/67354"}],"wp:attachment":[{"href":"https:\/\/www.indir.com\/haber\/wp-json\/wp\/v2\/media?parent=67352"}],"wp:term":[{"taxonomy":"category","embeddable":true,"href":"https:\/\/www.indir.com\/haber\/wp-json\/wp\/v2\/categories?post=67352"},{"taxonomy":"post_tag","embeddable":true,"href":"https:\/\/www.indir.com\/haber\/wp-json\/wp\/v2\/tags?post=67352"}],"curies":[{"name":"wp","href":"https:\/\/api.w.org\/{rel}","templated":true}]}}