{"id":67082,"date":"2024-08-02T10:47:51","date_gmt":"2024-08-02T07:47:51","guid":{"rendered":"https:\/\/www.indir.com\/haber\/?p=67082"},"modified":"2024-08-02T10:47:56","modified_gmt":"2024-08-02T07:47:56","slug":"rusyada-youtubea-erisim-yavasladi-eylulde-engellenebilir","status":"publish","type":"post","link":"https:\/\/www.indir.com\/haber\/rusyada-youtubea-erisim-yavasladi-eylulde-engellenebilir\/","title":{"rendered":"Rusya\u2019da Youtube\u2019a Eri\u015fim Yava\u015flad\u0131: Eyl\u00fcl\u2019de Engellenebilir"},"content":{"rendered":"\n<p>Rusya&#8217;da YouTube&#8217;a eri\u015fimin k\u0131s\u0131tland\u0131. Baz\u0131 videolar\u0131n hi\u00e7 a\u00e7\u0131lmad\u0131\u011f\u0131n\u0131 s\u00f6yleyen vatanda\u015flar mesai saatinden beri devlet dairelerini aray\u0131p \u015fikayette bulundu.\u00a0<\/p>\n\n\n\n<h2 class=\"wp-block-heading\">Baz\u0131 Vatanda\u015flar Sitedeki Videolar\u0131n Engellendi\u011fini Duyurdu<\/h2>\n\n\n\n<p>Eri\u015fim engeli Moskova saatiyle 00:00 da ba\u015flad\u0131. Sitedeki videolar\u0131n baz\u0131lar\u0131na eri\u015fimin t\u00fcm\u00fcyle engellendi\u011fini bildiren vatanda\u015flar buna neyin sebep oldu\u011funu \u00f6\u011frenmek i\u00e7in devlet dairelerine \u00e7ok say\u0131da bildirim ve \u015fikayet g\u00f6nderdi.<\/p>\n\n\n\n<p>Downradar\u2019dan al\u0131nan verilere g\u00f6re Moskova\u2019n\u0131n yan\u0131nda ayn\u0131 zamanda Vladivostok, \u0130rkutsk, Krasnoyarsk, Murmansk, Rostov-na-Donu, Tver, Ufa, \u00c7elyabinsk ve Rusya Federasyonu&#8217;nun di\u011fer b\u00f6lgelerinden de \u015fikayetler geldi.<\/p>\n\n\n\n<figure class=\"wp-block-image size-full\"><img loading=\"lazy\" decoding=\"async\" width=\"1600\" height=\"900\" src=\"https:\/\/www.indir.com\/haber\/wp-content\/uploads\/2024\/08\/Adsiz-tasarim-8.png\" alt=\"Youtube\u2019un, Rusya\u2019ya y\u00f6nelik tutumu sebebiyle h\u0131z\u0131n\u0131 %70 oran\u0131nda yava\u015flataca\u011f\u0131n\u0131 s\u00f6ylemi\u015fti.\" class=\"wp-image-67116\" title=\"\"><figcaption class=\"wp-element-caption\">Youtube\u2019un, Rusya\u2019ya y\u00f6nelik tutumu sebebiyle h\u0131z\u0131n\u0131 %70 oran\u0131nda yava\u015flataca\u011f\u0131n\u0131 s\u00f6ylemi\u015fti.<\/figcaption><\/figure>\n\n\n\n<h2 class=\"wp-block-heading\">Dmitriy \u0130nkar Etti, Hin\u015fteyn Haberdard\u0131<\/h2>\n\n\n\n<p>Kremlin S\u00f6zc\u00fcs\u00fc Dmitriy Peskov, bu konuyla ilgili a\u00e7\u0131klamas\u0131yla herkesi \u015fa\u015f\u0131rtt\u0131: &#8220;Hi\u00e7bir yorum yapamam.&#8221; Telefonda normal \u00e7al\u0131\u015f\u0131yor, her \u015fey y\u00fckleniyor.\u201d dedi.<\/p>\n\n\n\n<p>Rus parlamentosunun alt grubu Duma\u2019n\u0131n Dan\u0131\u015fma Politikas\u0131 Komitesi Ba\u015fkan\u0131 Aleksandr Hin\u015fteyn, 26 Temmuz tarihinde de\u011findi\u011fi bir bilgiye g\u00f6re Youtube\u2019un, Rusya\u2019ya y\u00f6nelik tutumu sebebiyle h\u0131z\u0131n\u0131 %70 oran\u0131nda yava\u015flataca\u011f\u0131n\u0131 s\u00f6ylemi\u015fti.<\/p>\n\n\n\n<h2 class=\"wp-block-heading\">Eyl\u00fcl Ay\u0131nda Tamamen Eri\u015fim Engeli Gelebilir<\/h2>\n\n\n\n<p>Rusya&#8217;n\u0131n, sava\u015fa ili\u015fkin s\u00f6ylemleriyle \u00e7eli\u015fen bilgiler payla\u015f\u0131ld\u0131\u011f\u0131nda, Rusya h\u00fck\u00fcmetinin ifade \u00f6zg\u00fcrl\u00fc\u011f\u00fcne y\u00f6nelik bask\u0131s\u0131, 2022&#8217;den bu yana yo\u011funla\u015ft\u0131.<\/p>\n\n\n\n<p>Rusya, son y\u0131llarda sosyal medya platformlar\u0131na getirilen engelleriyle s\u0131k s\u0131k g\u00fcndeme geliyor. Bilirki\u015filerin verdi\u011fi bilgilere g\u00f6re \u015fimdilik sadece yava\u015flama olarak seyreden bu k\u0131s\u0131tlama, Eyl\u00fcl ay\u0131nda tamamen eri\u015fim engeline d\u00f6n\u00fc\u015febilir.<\/p>\n","protected":false},"excerpt":{"rendered":"<p>Rusya&#8217;da YouTube&#8217;a eri\u015fimin k\u0131s\u0131tland\u0131. Baz\u0131 videolar\u0131n hi\u00e7 a\u00e7\u0131lmad\u0131\u011f\u0131n\u0131 s\u00f6yleyen vatanda\u015flar mesai saatinden beri devlet dairelerini aray\u0131p \u015fikayette bulundu.\u00a0 Baz\u0131 Vatanda\u015flar Sitedeki Videolar\u0131n Engellendi\u011fini Duyurdu Eri\u015fim engeli Moskova saatiyle 00:00 da ba\u015flad\u0131. Sitedeki videolar\u0131n baz\u0131lar\u0131na eri\u015fimin t\u00fcm\u00fcyle engellendi\u011fini bildiren vatanda\u015flar buna neyin sebep oldu\u011funu \u00f6\u011frenmek i\u00e7in devlet dairelerine \u00e7ok say\u0131da bildirim ve \u015fikayet g\u00f6nderdi. Downradar\u2019dan al\u0131nan [&hellip;]<\/p>\n","protected":false},"author":69,"featured_media":67117,"comment_status":"open","ping_status":"closed","sticky":false,"template":"","format":"standard","meta":{"footnotes":""},"categories":[54],"tags":[3040],"class_list":["post-67082","post","type-post","status-publish","format-standard","has-post-thumbnail","hentry","category-internet","tag-rusya"],"_links":{"self":[{"href":"https:\/\/www.indir.com\/haber\/wp-json\/wp\/v2\/posts\/67082","targetHints":{"allow":["GET"]}}],"collection":[{"href":"https:\/\/www.indir.com\/haber\/wp-json\/wp\/v2\/posts"}],"about":[{"href":"https:\/\/www.indir.com\/haber\/wp-json\/wp\/v2\/types\/post"}],"author":[{"embeddable":true,"href":"https:\/\/www.indir.com\/haber\/wp-json\/wp\/v2\/users\/69"}],"replies":[{"embeddable":true,"href":"https:\/\/www.indir.com\/haber\/wp-json\/wp\/v2\/comments?post=67082"}],"version-history":[{"count":0,"href":"https:\/\/www.indir.com\/haber\/wp-json\/wp\/v2\/posts\/67082\/revisions"}],"wp:featuredmedia":[{"embeddable":true,"href":"https:\/\/www.indir.com\/haber\/wp-json\/wp\/v2\/media\/67117"}],"wp:attachment":[{"href":"https:\/\/www.indir.com\/haber\/wp-json\/wp\/v2\/media?parent=67082"}],"wp:term":[{"taxonomy":"category","embeddable":true,"href":"https:\/\/www.indir.com\/haber\/wp-json\/wp\/v2\/categories?post=67082"},{"taxonomy":"post_tag","embeddable":true,"href":"https:\/\/www.indir.com\/haber\/wp-json\/wp\/v2\/tags?post=67082"}],"curies":[{"name":"wp","href":"https:\/\/api.w.org\/{rel}","templated":true}]}}