{"id":66087,"date":"2024-07-03T18:00:00","date_gmt":"2024-07-03T15:00:00","guid":{"rendered":"https:\/\/www.indir.com\/haber\/?p=66087"},"modified":"2024-07-03T17:46:22","modified_gmt":"2024-07-03T14:46:22","slug":"netflix-reklamsiz-aboneligini-kaldiriyor","status":"publish","type":"post","link":"https:\/\/www.indir.com\/haber\/netflix-reklamsiz-aboneligini-kaldiriyor\/","title":{"rendered":"Netflix Reklams\u0131z Aboneli\u011fini Kald\u0131r\u0131yor"},"content":{"rendered":"\n<p>Netflix, halihaz\u0131rdaki aboneleri i\u00e7in en ucuz reklams\u0131z se\u00e7ene\u011fini ad\u0131m ad\u0131m kald\u0131rmaya ba\u015flam\u0131\u015f durumda. Reddit\u2019te payla\u015f\u0131lan resimlerde, Netflix\u2019in baz\u0131 temel plan abonelerinden aboneliklerine devam edebilmeleri i\u00e7in yeni bir plan belirlemeleri gerekti\u011fini istedi\u011fi g\u00f6r\u00fcl\u00fcyor.<\/p>\n\n\n\n<p>Bir Reddit kullan\u0131c\u0131s\u0131n\u0131n payla\u015ft\u0131\u011f\u0131 resimde, \u201cNetflix\u2019i izlemek i\u00e7in son g\u00fcn\u00fcn\u00fcz 13 Temmuz. \u0130zlemeye devam etmek i\u00e7in yeni bir plan se\u00e7in\u201d uyar\u0131s\u0131 yer almakta.<\/p>\n\n\n\n<p>Temel plan i\u00e7in ayda $11,99  \u00f6deyen aboneler, ya $6.99 reklaml\u0131 plan\u0131, ya $15.49 reklams\u0131z plan\u0131 ya da $22.99 reklams\u0131z 4K premium plan\u0131 se\u00e7mek durumunda kalacak.<\/p>\n\n\n\n<figure class=\"wp-block-image size-full\"><img loading=\"lazy\" decoding=\"async\" width=\"1600\" height=\"900\" src=\"https:\/\/www.indir.com\/haber\/wp-content\/uploads\/2024\/07\/1600x900-8.jpg\" alt=\"Netflix Reklams\u0131z Aboneli\u011fini Kald\u0131r\u0131yor\" class=\"wp-image-66088\" title=\"\"><figcaption class=\"wp-element-caption\">Netflix Reklams\u0131z Aboneli\u011fini Kald\u0131r\u0131yor<\/figcaption><\/figure>\n\n\n\n<h2 class=\"wp-block-heading\">Netflix Plan\u0131 Ad\u0131m Ad\u0131m Kalk\u0131yor<\/h2>\n\n\n\n<p>Reddit\u2019teki g\u00f6nderilere g\u00f6re uyar\u0131y\u0131 alan kullan\u0131c\u0131lar\u0131n \u00e7o\u011fu Kanada ve \u0130ngiltere\u2019de bulunuyor. Bu durum Netflix\u2019in temel plan\u0131 ad\u0131m ad\u0131m kald\u0131rma plan\u0131n\u0131 do\u011fruluyor. Ge\u00e7ti\u011fimiz y\u0131l, Netflix Kanada ABD ve \u0130ngiltere&#8217;de yeni aboneler i\u00e7in uygun fiyatl\u0131 reklams\u0131z abonelik se\u00e7ene\u011fini kald\u0131rm\u0131\u015ft\u0131. Ocak ay\u0131nda ise, Kanada ve \u0130ngiltere&#8217;den ba\u015flayarak bu y\u0131l\u0131n ikinci \u00e7eyre\u011finde mevcut aboneler i\u00e7in temel plan\u0131 sona erdirece\u011fini duyurmu\u015ftu.<\/p>\n\n\n\n<p>Di\u011fer bir\u00e7ok \u00e7evrim i\u00e7i yay\u0131n platformu gibi Netflix de kullan\u0131c\u0131lar\u0131, May\u0131s ay\u0131ndan itibaren 40 milyondan fazla kullan\u0131c\u0131ya ula\u015fan reklaml\u0131 plan\u0131na y\u00f6nlendirmeye devam ediyor. <\/p>\n","protected":false},"excerpt":{"rendered":"<p>Netflix, halihaz\u0131rdaki aboneleri i\u00e7in en ucuz reklams\u0131z se\u00e7ene\u011fini ad\u0131m ad\u0131m kald\u0131rmaya ba\u015flam\u0131\u015f durumda. Reddit\u2019te payla\u015f\u0131lan resimlerde, Netflix\u2019in baz\u0131 temel plan abonelerinden aboneliklerine devam edebilmeleri i\u00e7in yeni bir plan belirlemeleri gerekti\u011fini istedi\u011fi g\u00f6r\u00fcl\u00fcyor. Bir Reddit kullan\u0131c\u0131s\u0131n\u0131n payla\u015ft\u0131\u011f\u0131 resimde, \u201cNetflix\u2019i izlemek i\u00e7in son g\u00fcn\u00fcn\u00fcz 13 Temmuz. \u0130zlemeye devam etmek i\u00e7in yeni bir plan se\u00e7in\u201d uyar\u0131s\u0131 yer almakta. [&hellip;]<\/p>\n","protected":false},"author":56,"featured_media":66089,"comment_status":"open","ping_status":"closed","sticky":false,"template":"","format":"standard","meta":{"footnotes":""},"categories":[54],"tags":[10022],"class_list":["post-66087","post","type-post","status-publish","format-standard","has-post-thumbnail","hentry","category-internet","tag-netflix-reklamsiz-aboneligini-kaldiriyor"],"_links":{"self":[{"href":"https:\/\/www.indir.com\/haber\/wp-json\/wp\/v2\/posts\/66087","targetHints":{"allow":["GET"]}}],"collection":[{"href":"https:\/\/www.indir.com\/haber\/wp-json\/wp\/v2\/posts"}],"about":[{"href":"https:\/\/www.indir.com\/haber\/wp-json\/wp\/v2\/types\/post"}],"author":[{"embeddable":true,"href":"https:\/\/www.indir.com\/haber\/wp-json\/wp\/v2\/users\/56"}],"replies":[{"embeddable":true,"href":"https:\/\/www.indir.com\/haber\/wp-json\/wp\/v2\/comments?post=66087"}],"version-history":[{"count":0,"href":"https:\/\/www.indir.com\/haber\/wp-json\/wp\/v2\/posts\/66087\/revisions"}],"wp:featuredmedia":[{"embeddable":true,"href":"https:\/\/www.indir.com\/haber\/wp-json\/wp\/v2\/media\/66089"}],"wp:attachment":[{"href":"https:\/\/www.indir.com\/haber\/wp-json\/wp\/v2\/media?parent=66087"}],"wp:term":[{"taxonomy":"category","embeddable":true,"href":"https:\/\/www.indir.com\/haber\/wp-json\/wp\/v2\/categories?post=66087"},{"taxonomy":"post_tag","embeddable":true,"href":"https:\/\/www.indir.com\/haber\/wp-json\/wp\/v2\/tags?post=66087"}],"curies":[{"name":"wp","href":"https:\/\/api.w.org\/{rel}","templated":true}]}}