{"id":65906,"date":"2024-06-27T16:00:00","date_gmt":"2024-06-27T13:00:00","guid":{"rendered":"https:\/\/www.indir.com\/haber\/?p=65906"},"modified":"2024-06-27T15:28:31","modified_gmt":"2024-06-27T12:28:31","slug":"disney-plus-turkiye-pazarina-geri-mi-donuyor","status":"publish","type":"post","link":"https:\/\/www.indir.com\/haber\/disney-plus-turkiye-pazarina-geri-mi-donuyor\/","title":{"rendered":"Disney Plus, T\u00fcrkiye Pazar\u0131na Geri Mi D\u00f6n\u00fcyor?"},"content":{"rendered":"\n<p>2022 Haziran\u0131&#8217;\u0131nda T\u00fcrkiye pazar\u0131na giri\u015f yapan ve ses getiren b\u00fcy\u00fck olaylar neticesinde T\u00fcrkiye\u2019ye \u00f6zel i\u00e7erik eklemem karar\u0131 alan Disney Plus tekrar karar de\u011fi\u015ftirmi\u015f gibi g\u00f6r\u00fcn\u00fcyor. Disney&#8217;in \u00f6n\u00fcm\u00fczdeki s\u00fcre\u00e7te T\u00fcrkiye\u2019ye \u00f6zel i\u00e7erikler \u00fcretip yay\u0131nlamas\u0131 bekleniyor.<\/p>\n\n\n\n<p>14 Haziran 2022 tarihinde b\u00fcy\u00fck bir yat\u0131r\u0131mla T\u00fcrkiye pazar\u0131na giri\u015f yapan Disney Plus, platforma \u00f6zg\u00fc; Recep \u0130vedik 7, Bursa B\u00fclb\u00fcl\u00fc gibi yerel yap\u0131mlarla ve Star Wars, Marvel dizi ve filmleri de dahil olmak \u00fczere bir\u00e7ok k\u00fclt yap\u0131mla k\u0131sa s\u00fcrede ilgiyi \u00fcst\u00fcne \u00e7ekmi\u015fti.<\/p>\n\n\n\n<figure class=\"wp-block-image size-full\"><img loading=\"lazy\" decoding=\"async\" width=\"1600\" height=\"900\" src=\"https:\/\/www.indir.com\/haber\/wp-content\/uploads\/2024\/06\/1600x900-8-3.jpg\" alt=\"Disney Plus, T\u00fcrkiye Pazar\u0131na Geri Mi D\u00f6n\u00fcyor?\" class=\"wp-image-65908\" title=\"\"><figcaption class=\"wp-element-caption\">Disney Plus, T\u00fcrkiye Pazar\u0131na Geri Mi D\u00f6n\u00fcyor?<\/figcaption><\/figure>\n\n\n\n<h2 class=\"wp-block-heading\" id=\"h-disney-plus-icerikleri-neden-sildi-simdi-neden-donuyor\">Disney Plus T\u00fcrk\u00e7e \u0130\u00e7erikleri Neden Sildi?<\/h2>\n\n\n\n<p>Netflix ve Amazon Prime gibi dev rakipleri kar\u015f\u0131s\u0131nda beklenmeyen bir ivme yakalayan Disney Plus, Atat\u00fcrk dizisini duyurmas\u0131 ve sonras\u0131nda \u00e7e\u015fitli camialardan gelen bask\u0131larla iptal etmesi gibi s\u00fcre\u00e7lerin ve T\u00fcrk halk\u0131n\u0131n aboneliklerini iptal etmesinin ard\u0131ndan 1 Temmuz 2023 tarihinde platformdaki t\u00fcm T\u00fcrk yap\u0131mlar\u0131n\u0131 kald\u0131rm\u0131\u015ft\u0131.<\/p>\n\n\n\n<p>Aradan ge\u00e7en zaman\u0131n ard\u0131ndan,\u00a0Disney+\u00a0yeniden T\u00fcrkiye pazar\u0131na \u00f6zel i\u00e7erikler \u00fcretmeye ba\u015flamaya karar verdi\u011fi g\u00f6r\u00fcl\u00fcyor. Gazeteci Birsen Altunta\u015f\u2019\u0131n haberine g\u00f6re, Disney T\u00fcrkiye yetkilileri T\u00fcrkan Yurdam, G\u00fcl\u00e7in \u00c7elik, Naz Yi\u011fit ve Cenk Soner, T\u00fcrkiye\u2019deki bilinen dizi ve film yap\u0131mc\u0131lar\u0131 \/ senaristlerle toplant\u0131lar yapmaya ba\u015flam\u0131\u015f durumda.<\/p>\n","protected":false},"excerpt":{"rendered":"<p>2022 Haziran\u0131&#8217;\u0131nda T\u00fcrkiye pazar\u0131na giri\u015f yapan ve ses getiren b\u00fcy\u00fck olaylar neticesinde T\u00fcrkiye\u2019ye \u00f6zel i\u00e7erik eklemem karar\u0131 alan Disney Plus tekrar karar de\u011fi\u015ftirmi\u015f gibi g\u00f6r\u00fcn\u00fcyor. Disney&#8217;in \u00f6n\u00fcm\u00fczdeki s\u00fcre\u00e7te T\u00fcrkiye\u2019ye \u00f6zel i\u00e7erikler \u00fcretip yay\u0131nlamas\u0131 bekleniyor. 14 Haziran 2022 tarihinde b\u00fcy\u00fck bir yat\u0131r\u0131mla T\u00fcrkiye pazar\u0131na giri\u015f yapan Disney Plus, platforma \u00f6zg\u00fc; Recep \u0130vedik 7, Bursa B\u00fclb\u00fcl\u00fc gibi [&hellip;]<\/p>\n","protected":false},"author":56,"featured_media":65907,"comment_status":"open","ping_status":"closed","sticky":false,"template":"","format":"standard","meta":{"footnotes":""},"categories":[54],"tags":[2319,10012],"class_list":["post-65906","post","type-post","status-publish","format-standard","has-post-thumbnail","hentry","category-internet","tag-disney-plus","tag-turkiye-pazarina-geri-mi-donuyor"],"_links":{"self":[{"href":"https:\/\/www.indir.com\/haber\/wp-json\/wp\/v2\/posts\/65906","targetHints":{"allow":["GET"]}}],"collection":[{"href":"https:\/\/www.indir.com\/haber\/wp-json\/wp\/v2\/posts"}],"about":[{"href":"https:\/\/www.indir.com\/haber\/wp-json\/wp\/v2\/types\/post"}],"author":[{"embeddable":true,"href":"https:\/\/www.indir.com\/haber\/wp-json\/wp\/v2\/users\/56"}],"replies":[{"embeddable":true,"href":"https:\/\/www.indir.com\/haber\/wp-json\/wp\/v2\/comments?post=65906"}],"version-history":[{"count":0,"href":"https:\/\/www.indir.com\/haber\/wp-json\/wp\/v2\/posts\/65906\/revisions"}],"wp:featuredmedia":[{"embeddable":true,"href":"https:\/\/www.indir.com\/haber\/wp-json\/wp\/v2\/media\/65907"}],"wp:attachment":[{"href":"https:\/\/www.indir.com\/haber\/wp-json\/wp\/v2\/media?parent=65906"}],"wp:term":[{"taxonomy":"category","embeddable":true,"href":"https:\/\/www.indir.com\/haber\/wp-json\/wp\/v2\/categories?post=65906"},{"taxonomy":"post_tag","embeddable":true,"href":"https:\/\/www.indir.com\/haber\/wp-json\/wp\/v2\/tags?post=65906"}],"curies":[{"name":"wp","href":"https:\/\/api.w.org\/{rel}","templated":true}]}}