{"id":65834,"date":"2024-06-24T15:00:00","date_gmt":"2024-06-24T12:00:00","guid":{"rendered":"https:\/\/www.indir.com\/haber\/?p=65834"},"modified":"2024-06-24T14:34:46","modified_gmt":"2024-06-24T11:34:46","slug":"galaxy-z-flip-6-z-flip-5ten-daha-pahali","status":"publish","type":"post","link":"https:\/\/www.indir.com\/haber\/galaxy-z-flip-6-z-flip-5ten-daha-pahali\/","title":{"rendered":"Galaxy Z Flip 6, Z Flip 5\u2019ten Daha Pahal\u0131  Fiyatla Sat\u0131\u015fa Sunulacak"},"content":{"rendered":"\n<p>Samsung Galaxy\u00a0Z Flip 6, 10 Temmuz\u2019da vitrinlere \u00e7\u0131kmaya haz\u0131rlan\u0131yor. Yeni gelen duyumlara g\u00f6re telefonun ABD\u2019de selefine k\u0131yasla Avrupa&#8217;da daha y\u00fcksek bir fiyata sahip olaca\u011f\u0131 g\u00f6r\u00fcl\u00fcyor. <\/p>\n\n\n\n<p>Bu duyuma g\u00f6re, Z Flip 6\u2019n\u0131n fiyat\u0131 selefine k\u0131yasla \u20ac130 civar\u0131nda daha fazla olacak. Katlanabilir ak\u0131ll\u0131 telefonun 256 GB versiyonu \u20ac1340 kar\u015f\u0131l\u0131\u011f\u0131nda sat\u0131\u015fa sunulacak. Z Flip 5\u2019in 256 GB versiyonu \u20ac1200  kar\u015f\u0131l\u0131\u011f\u0131nda vitrinlerde yerini alm\u0131\u015ft\u0131.<\/p>\n\n\n\n<p>512 GB versiyonun fiyat etiketinde  \u20ac1467  yazaca\u011f\u0131 s\u00f6yleniyor. Z Flip 5\u2019in 512 GB versiyonunun fiyat\u0131 \u20ac1320 olarak belirlenmi\u015fti.<\/p>\n\n\n\n<figure class=\"wp-block-image size-full\"><img loading=\"lazy\" decoding=\"async\" width=\"1600\" height=\"900\" src=\"https:\/\/www.indir.com\/haber\/wp-content\/uploads\/2024\/06\/1600x900-26.jpg\" alt=\"Galaxy\u00a0Z Flip 6\" class=\"wp-image-65836\" title=\"\"><figcaption class=\"wp-element-caption\">Galaxy\u00a0Z Flip 6<\/figcaption><\/figure>\n\n\n\n<h2 class=\"wp-block-heading\">Galaxy Z Flip 6, 12 GB RAM \u0130le Mi Geliyor?<\/h2>\n\n\n\n<p>Samsung\u2019un bir ilk imza atarak Z Flip serisi ak\u0131ll\u0131 telefonlar\u0131nda 12 GB RAM\u2019e yer verece\u011fi di\u011fer  konu\u015fulanlar aras\u0131nda yer al\u0131yor. \u015eirketin Galaxy S24 serinde oldu\u011fu gibi bu modelde de 50 mp ana kameray\u0131 tercih edece\u011fi s\u00f6ylenirken, batarya kapasitesinin de 4000 mAh olabilece\u011fi belirtiliyor.<\/p>\n","protected":false},"excerpt":{"rendered":"<p>Samsung Galaxy\u00a0Z Flip 6, 10 Temmuz\u2019da vitrinlere \u00e7\u0131kmaya haz\u0131rlan\u0131yor. Yeni gelen duyumlara g\u00f6re telefonun ABD\u2019de selefine k\u0131yasla Avrupa&#8217;da daha y\u00fcksek bir fiyata sahip olaca\u011f\u0131 g\u00f6r\u00fcl\u00fcyor. Bu duyuma g\u00f6re, Z Flip 6\u2019n\u0131n fiyat\u0131 selefine k\u0131yasla \u20ac130 civar\u0131nda daha fazla olacak. Katlanabilir ak\u0131ll\u0131 telefonun 256 GB versiyonu \u20ac1340 kar\u015f\u0131l\u0131\u011f\u0131nda sat\u0131\u015fa sunulacak. Z Flip 5\u2019in 256 GB versiyonu [&hellip;]<\/p>\n","protected":false},"author":56,"featured_media":65835,"comment_status":"open","ping_status":"closed","sticky":false,"template":"","format":"standard","meta":{"footnotes":""},"categories":[46],"tags":[10003],"class_list":["post-65834","post","type-post","status-publish","format-standard","has-post-thumbnail","hentry","category-mobil","tag-galaxy-z-flip-6"],"_links":{"self":[{"href":"https:\/\/www.indir.com\/haber\/wp-json\/wp\/v2\/posts\/65834","targetHints":{"allow":["GET"]}}],"collection":[{"href":"https:\/\/www.indir.com\/haber\/wp-json\/wp\/v2\/posts"}],"about":[{"href":"https:\/\/www.indir.com\/haber\/wp-json\/wp\/v2\/types\/post"}],"author":[{"embeddable":true,"href":"https:\/\/www.indir.com\/haber\/wp-json\/wp\/v2\/users\/56"}],"replies":[{"embeddable":true,"href":"https:\/\/www.indir.com\/haber\/wp-json\/wp\/v2\/comments?post=65834"}],"version-history":[{"count":0,"href":"https:\/\/www.indir.com\/haber\/wp-json\/wp\/v2\/posts\/65834\/revisions"}],"wp:featuredmedia":[{"embeddable":true,"href":"https:\/\/www.indir.com\/haber\/wp-json\/wp\/v2\/media\/65835"}],"wp:attachment":[{"href":"https:\/\/www.indir.com\/haber\/wp-json\/wp\/v2\/media?parent=65834"}],"wp:term":[{"taxonomy":"category","embeddable":true,"href":"https:\/\/www.indir.com\/haber\/wp-json\/wp\/v2\/categories?post=65834"},{"taxonomy":"post_tag","embeddable":true,"href":"https:\/\/www.indir.com\/haber\/wp-json\/wp\/v2\/tags?post=65834"}],"curies":[{"name":"wp","href":"https:\/\/api.w.org\/{rel}","templated":true}]}}