{"id":65498,"date":"2024-06-06T11:30:00","date_gmt":"2024-06-06T08:30:00","guid":{"rendered":"https:\/\/www.indir.com\/haber\/?p=65498"},"modified":"2024-06-06T11:11:47","modified_gmt":"2024-06-06T08:11:47","slug":"iphone-16-pro-ve-pro-max-cerceve-boyutlari","status":"publish","type":"post","link":"https:\/\/www.indir.com\/haber\/iphone-16-pro-ve-pro-max-cerceve-boyutlari\/","title":{"rendered":"iPhone 16 Pro ve Pro Max \u00c7er\u00e7eve Boyutlar\u0131 A\u00e7\u0131kland\u0131"},"content":{"rendered":"\n<p>iPhone 16 Pro ve Pro Max modellerinin \u00e7er\u00e7eve boyutlar\u0131 kesinle\u015fti. ABD merkezli Apple\u2019\u0131n birka\u00e7 ay i\u00e7inde piyasaya s\u00fcrece\u011fi iPhone 16 Pro ve iPhone 16 Pro Max, yenilik\u00e7i ekran \u00f6zellikleriyle dikkat \u00e7ekiyor. Apple bu modellerde ekran boyutlar\u0131n\u0131 artt\u0131rarak \u00e7er\u00e7eveleri inceltecek.<\/p>\n\n\n\n<p>\u0130phone Pro Max \u00e7er\u00e7eve kal\u0131nl\u0131\u011f\u0131 1.15 mm\u2019ye kadar d\u00fc\u015fecek. Hat\u0131rlanaca\u011f\u0131 \u00fczere, iPhone 15 Pro Max\u2019te bu kal\u0131nl\u0131k 1.70 mm seviyesindeydi. iPhone 16 Pro\u2019da ise \u00e7er\u00e7eve kal\u0131nl\u0131\u011f\u0131n\u0131n 1,20 mm olaca\u011f\u0131 belirtiliyor.&nbsp;<\/p>\n\n\n\n<h2 class=\"wp-block-heading\">iPhone 16 Pro ve Pro Max \u00d6zellikleri&nbsp;<\/h2>\n\n\n\n<p>iPhone 16 Pro ve iPhone 15 Pro telefon \u00f6zellikleri a\u015fa\u011f\u0131daki tabloda detayl\u0131 bir \u015fekilde verilmi\u015ftir;<\/p>\n\n\n\n<figure class=\"wp-block-image size-full\"><img loading=\"lazy\" decoding=\"async\" width=\"1600\" height=\"900\" src=\"https:\/\/www.indir.com\/haber\/wp-content\/uploads\/2024\/06\/Adsiz-tasarim-62.jpg\" alt=\"iPhone 16 Pro ve Pro Max \u00d6zellikleri\u00a0\" class=\"wp-image-65500\" title=\"\"><figcaption class=\"wp-element-caption\">iPhone 16 Pro ve Pro Max \u00d6zellikleri\u00a0<\/figcaption><\/figure>\n\n\n\n<figure class=\"wp-block-table\"><table><tbody><tr><td><strong>\u00d6zellikleri<\/strong><\/td><td><strong>iPhone 16 Pro<\/strong><\/td><td><strong>iPhone 15 Pro<\/strong><\/td><\/tr><tr><td>Kal\u0131nl\u0131k<\/td><td>8,25 mm<\/td><td>8,25 mm<\/td><\/tr><tr><td>Y\u00fckseklik<\/td><td>149,6 mm<\/td><td>146,6 mm<\/td><\/tr><tr><td>Geni\u015flik<\/td><td>71,45 mm<\/td><td>70,60 mm<\/td><\/tr><tr><td>Ekran Alan\u0131<\/td><td>6.7 in\u00e7<\/td><td>6.1 in\u00e7<\/td><\/tr><tr><td>Ekran \u00c7er\u00e7evesi<\/td><td>1,2 mm<\/td><td>1,71 mm<\/td><\/tr><tr><td>A\u011f\u0131rl\u0131k<\/td><td>194 gram<\/td><td>187 gram<\/td><\/tr><\/tbody><\/table><\/figure>\n\n\n\n<p>Payla\u015f\u0131lan ekran boyutlar\u0131, iPhone 16 Pro ile iPhone 16 Pro Max\u2019i d\u00fcnyan\u0131n en ince \u00e7er\u00e7evesine sahip ak\u0131ll\u0131 telefonlar\u0131 olarak tarihe ge\u00e7meyi hedefliyor.<\/p>\n","protected":false},"excerpt":{"rendered":"<p>iPhone 16 Pro ve Pro Max modellerinin \u00e7er\u00e7eve boyutlar\u0131 kesinle\u015fti. ABD merkezli Apple\u2019\u0131n birka\u00e7 ay i\u00e7inde piyasaya s\u00fcrece\u011fi iPhone 16 Pro ve iPhone 16 Pro Max, yenilik\u00e7i ekran \u00f6zellikleriyle dikkat \u00e7ekiyor. Apple bu modellerde ekran boyutlar\u0131n\u0131 artt\u0131rarak \u00e7er\u00e7eveleri inceltecek. \u0130phone Pro Max \u00e7er\u00e7eve kal\u0131nl\u0131\u011f\u0131 1.15 mm\u2019ye kadar d\u00fc\u015fecek. Hat\u0131rlanaca\u011f\u0131 \u00fczere, iPhone 15 Pro Max\u2019te bu [&hellip;]<\/p>\n","protected":false},"author":60,"featured_media":65499,"comment_status":"open","ping_status":"closed","sticky":false,"template":"","format":"standard","meta":{"footnotes":""},"categories":[61,46],"tags":[104,63],"class_list":["post-65498","post","type-post","status-publish","format-standard","has-post-thumbnail","hentry","category-ios","category-mobil","tag-apple","tag-iphone"],"_links":{"self":[{"href":"https:\/\/www.indir.com\/haber\/wp-json\/wp\/v2\/posts\/65498","targetHints":{"allow":["GET"]}}],"collection":[{"href":"https:\/\/www.indir.com\/haber\/wp-json\/wp\/v2\/posts"}],"about":[{"href":"https:\/\/www.indir.com\/haber\/wp-json\/wp\/v2\/types\/post"}],"author":[{"embeddable":true,"href":"https:\/\/www.indir.com\/haber\/wp-json\/wp\/v2\/users\/60"}],"replies":[{"embeddable":true,"href":"https:\/\/www.indir.com\/haber\/wp-json\/wp\/v2\/comments?post=65498"}],"version-history":[{"count":0,"href":"https:\/\/www.indir.com\/haber\/wp-json\/wp\/v2\/posts\/65498\/revisions"}],"wp:featuredmedia":[{"embeddable":true,"href":"https:\/\/www.indir.com\/haber\/wp-json\/wp\/v2\/media\/65499"}],"wp:attachment":[{"href":"https:\/\/www.indir.com\/haber\/wp-json\/wp\/v2\/media?parent=65498"}],"wp:term":[{"taxonomy":"category","embeddable":true,"href":"https:\/\/www.indir.com\/haber\/wp-json\/wp\/v2\/categories?post=65498"},{"taxonomy":"post_tag","embeddable":true,"href":"https:\/\/www.indir.com\/haber\/wp-json\/wp\/v2\/tags?post=65498"}],"curies":[{"name":"wp","href":"https:\/\/api.w.org\/{rel}","templated":true}]}}