{"id":64708,"date":"2024-05-20T12:00:00","date_gmt":"2024-05-20T09:00:00","guid":{"rendered":"https:\/\/www.indir.com\/haber\/?p=64708"},"modified":"2024-05-20T11:51:28","modified_gmt":"2024-05-20T08:51:28","slug":"iphone-16-serisinde-yeni-titanyum-rengi","status":"publish","type":"post","link":"https:\/\/www.indir.com\/haber\/iphone-16-serisinde-yeni-titanyum-rengi\/","title":{"rendered":"iPhone 16 Serisinde Yeni Titanyum Rengi"},"content":{"rendered":"\n<p>Analist Ming-Chi Kuo\u2019nun payla\u015ft\u0131\u011f\u0131 tahminlere g\u00f6re, iPhone 16&#8217;da mavi titanyum se\u00e7ene\u011fi rose titanyuma b\u0131rakacak yerini. Bu yeni renk se\u00e7ene\u011fi farkl\u0131l\u0131k arayanlar i\u00e7in g\u00fczel bir se\u00e7enek gibi duruyor. <\/p>\n\n\n\n<p>Yeni iPhone Pro serisiyle beraber; siyah, beyaz,g\u00fcm\u00fc\u015f, rose ve do\u011fal titanyum renk se\u00e7enekleri sunulacak. iPhone 16 ve iPhone 16 Plus modelleri ise siyah, beyaz, ye\u015fil, pembe ve mavi renk se\u00e7enekleri ile sunulacak. <\/p>\n\n\n\n<figure class=\"wp-block-image size-full\"><img loading=\"lazy\" decoding=\"async\" width=\"1600\" height=\"900\" src=\"https:\/\/www.indir.com\/haber\/wp-content\/uploads\/2024\/05\/Find-By-3-1.jpg\" alt=\"iPhone 16 Serisinde Yeni Titanyum Rengi\" class=\"wp-image-64709\" title=\"\"><figcaption class=\"wp-element-caption\">iPhone 16 Serisinde Yeni Titanyum Rengi<\/figcaption><\/figure>\n\n\n\n<p>Daha \u00f6nceki s\u00f6ylentilerde, mor renk se\u00e7ene\u011finin de iPhone 16 serisinde yer alabilece\u011fi duyurulmu\u015ftu. Ancak, Ming-Chi Kuo\u2019nun son tahminlerinde mor renkten bahsedetmemesi, bu se\u00e7ene\u011fin iptal edilmi\u015f olabilece\u011fi ihtimalini d\u00fc\u015f\u00fcnd\u00fcr\u00fcyor. <\/p>\n\n\n\n<p> iPhone 16 serisinin resmi tan\u0131t\u0131m\u0131 sonbaharda yap\u0131lacak bir etkinlikte ger\u00e7ekle\u015fecek. Cihazlar\u0131n tasar\u0131m\u0131n\u0131n\u00a0iPhone 15\u00a0modellerine benzeyece\u011fi d\u00fc\u015f\u00fcn\u00fcl\u00fcyor. Pro modellerin ekran boyutlar\u0131nda k\u00fc\u00e7\u00fck bir art\u0131\u015f beklendi\u011fi de ihtimaller aras\u0131nda. <\/p>\n\n\n\n<p>\u00d6zellikle dikkat \u00e7ekecek yeni \u00f6zelliklerden biri \u00a0Capture Button\u00a0olacak. \u00a0Capture Button\u00a0video ve foto\u011fraf \u00e7ekiminde kullan\u0131c\u0131s\u0131na yard\u0131mc\u0131 olacak. Kapasitif olacak bu buton, farkl\u0131 bas\u0131n\u00e7 seviyelerine duyarl\u0131 olacak. \u00d6rne\u011fin, yar\u0131m bas\u0131n\u00e7la kameray\u0131 odaklarken, tam bas\u0131n\u00e7la ise foto\u011fraf \u00e7ekme imkan\u0131 sunulacak. <\/p>\n\n\n\n<p>iPhone\u00a016 serisinde, 15 ve 15 Plus modellerinde diyagonal olan \u00e7ift kamera mod\u00fcl\u00fcn\u00fcn, dikey \u2018trafik \u0131\u015f\u0131\u011f\u0131\u2019 \u015fekline ge\u00e7ece\u011fi tahmin ediliyor. Bu d\u00fczenlemeyle cihazlar\u0131n arka tasar\u0131m\u0131nda belirgin bir de\u011fi\u015fikliker yarat\u0131lacak.<\/p>\n\n\n\n<p><\/p>\n","protected":false},"excerpt":{"rendered":"<p>Analist Ming-Chi Kuo\u2019nun payla\u015ft\u0131\u011f\u0131 tahminlere g\u00f6re, iPhone 16&#8217;da mavi titanyum se\u00e7ene\u011fi rose titanyuma b\u0131rakacak yerini. Bu yeni renk se\u00e7ene\u011fi farkl\u0131l\u0131k arayanlar i\u00e7in g\u00fczel bir se\u00e7enek gibi duruyor. Yeni iPhone Pro serisiyle beraber; siyah, beyaz,g\u00fcm\u00fc\u015f, rose ve do\u011fal titanyum renk se\u00e7enekleri sunulacak. iPhone 16 ve iPhone 16 Plus modelleri ise siyah, beyaz, ye\u015fil, pembe ve mavi [&hellip;]<\/p>\n","protected":false},"author":56,"featured_media":64710,"comment_status":"open","ping_status":"closed","sticky":false,"template":"","format":"standard","meta":{"footnotes":""},"categories":[61,46],"tags":[5851],"class_list":["post-64708","post","type-post","status-publish","format-standard","has-post-thumbnail","hentry","category-ios","category-mobil","tag-iphone-16"],"_links":{"self":[{"href":"https:\/\/www.indir.com\/haber\/wp-json\/wp\/v2\/posts\/64708","targetHints":{"allow":["GET"]}}],"collection":[{"href":"https:\/\/www.indir.com\/haber\/wp-json\/wp\/v2\/posts"}],"about":[{"href":"https:\/\/www.indir.com\/haber\/wp-json\/wp\/v2\/types\/post"}],"author":[{"embeddable":true,"href":"https:\/\/www.indir.com\/haber\/wp-json\/wp\/v2\/users\/56"}],"replies":[{"embeddable":true,"href":"https:\/\/www.indir.com\/haber\/wp-json\/wp\/v2\/comments?post=64708"}],"version-history":[{"count":0,"href":"https:\/\/www.indir.com\/haber\/wp-json\/wp\/v2\/posts\/64708\/revisions"}],"wp:featuredmedia":[{"embeddable":true,"href":"https:\/\/www.indir.com\/haber\/wp-json\/wp\/v2\/media\/64710"}],"wp:attachment":[{"href":"https:\/\/www.indir.com\/haber\/wp-json\/wp\/v2\/media?parent=64708"}],"wp:term":[{"taxonomy":"category","embeddable":true,"href":"https:\/\/www.indir.com\/haber\/wp-json\/wp\/v2\/categories?post=64708"},{"taxonomy":"post_tag","embeddable":true,"href":"https:\/\/www.indir.com\/haber\/wp-json\/wp\/v2\/tags?post=64708"}],"curies":[{"name":"wp","href":"https:\/\/api.w.org\/{rel}","templated":true}]}}