{"id":64702,"date":"2024-05-17T13:02:24","date_gmt":"2024-05-17T10:02:24","guid":{"rendered":"https:\/\/www.indir.com\/haber\/?p=64702"},"modified":"2024-05-17T13:04:19","modified_gmt":"2024-05-17T10:04:19","slug":"iphone-16-serisinin-ozellikleri-belli-oldu","status":"publish","type":"post","link":"https:\/\/www.indir.com\/haber\/iphone-16-serisinin-ozellikleri-belli-oldu\/","title":{"rendered":"iPhone 16 Serisinin \u00d6zellikleri Belli Oldu"},"content":{"rendered":"\n<p>Apple, yeni iPhone 16 \u00fczerinde \u00e7al\u0131\u015f\u0131rken, serinin ekran \u00f6zellikleri ve \u00fcretimi s\u0131zd\u0131r\u0131ld\u0131.Her sene oldu\u011fu gibi bu sene de Apple, iPhone 16 serisi ile kullan\u0131c\u0131lar\u0131n ilgisini \u00e7ekmeyi ama\u00e7l\u0131yor. <\/p>\n\n\n\n<p>Hen\u00fcz resmi bir duyuru bulunmayan seri hakk\u0131nda, s\u0131z\u0131nt\u0131lar sayesinde bir\u00e7ok \u00f6zellik ile s\u00fcrekli g\u00fcndemde yer buluyor. Yeni ortaya \u00e7\u0131kan iddialara g\u00f6re iPhone 16 ekran \u00fcretimi Haziran ay\u0131nda ba\u015flayacak.<\/p>\n\n\n\n<figure class=\"wp-block-image size-full\"><img loading=\"lazy\" decoding=\"async\" width=\"1600\" height=\"900\" src=\"https:\/\/www.indir.com\/haber\/wp-content\/uploads\/2024\/05\/Find-By-14-1.jpg\" alt=\"iPhone 16&#039;n\u0131n \u00d6zellikleri\" class=\"wp-image-64703\" title=\"\"><figcaption class=\"wp-element-caption\">iPhone 16&#8217;n\u0131n \u00d6zellikleri<\/figcaption><\/figure>\n\n\n\n<h2 class=\"wp-block-heading\">iPhone 16 Serisinde Ekran Boyutlar\u0131 De\u011fi\u015fiyor<\/h2>\n\n\n\n<p>Pop\u00fcler bir duyumcu taraf\u0131ndan yap\u0131lan payla\u015f\u0131mlarda, iPhone 16, iPhone 16 Plus, iPhone 16 Pro, ve iPhone 16 Pro Max modellerinin ekran \u00fcretim tarihi belli oldu. Haziran ay\u0131nda ba\u015flanmas\u0131 beklenen ilk \u00fcretim iPhone 16 ve iPhone 16 Pro i\u00e7in yap\u0131lacak.<\/p>\n\n\n\n<p>Haziran ay\u0131ndaki \u00fcretim, iPhone\u2019lar\u0131n her zaman ki gibi yine Eyl\u00fcl ay\u0131nda tan\u0131t\u0131laca\u011f\u0131n\u0131n garantisini veriyor. Tasar\u0131m olacak 15 serisine benzeyecek yeni iPhone 16 serisi, iPhone 16 Pro ve iPhone 16 Pro Max g\u00fcncellenmi\u015f ekran boyutu ile gelecek.<\/p>\n\n\n\n<p>Gelen duyumlara g\u00f6re iPhone 16 Pro&#8217;nun, 6.1 in\u00e7 yerine 6.3 in\u00e7lik bir ekrana, ve iPhone 16 Pro Max&#8217;in de 6.7 in\u00e7 yerine 6.9 in\u00e7lik bir ekrana sahip olmas\u0131 bekleniyor. \u00d6nceki modellere g\u00f6re daha b\u00fcy\u00fck ekran vadedilirken, iPhone 16 ve iPhone 16 Plus&#8217;\u0131n s\u0131rayla 6.1 in\u00e7 ve 6.7 in\u00e7 olmak \u00fczere ayn\u0131 \u00f6l\u00e7\u00fclerde devam etmesi bekleniyor.<\/p>\n\n\n\n<p>Yeni iPhone 16 serisinin bir\u00e7ok \u00f6zelli\u011fe sahip olmas\u0131 beklenirken, yeni \u201cYakala\u201d butonu ile daha h\u0131zl\u0131 A serisi i\u015flemciler, kamera geli\u015ftirmeleri, ve Wi-Fi 7 ba\u015fl\u0131ca \u00f6zellikler olarak biliniyor.<\/p>\n\n\n\n<h3 class=\"wp-block-heading\">iPhone 16 \u00d6zellikleri:<\/h3>\n\n\n\n<figure class=\"wp-block-table\"><table><thead><tr><th><strong>\u00d6zellik<\/strong><\/th><th><strong>Detaylar<\/strong><\/th><\/tr><\/thead><tbody><tr><td><strong>Ekran Boyutu<\/strong><\/td><td>6,1 in\u00e7<\/td><\/tr><tr><td><strong>Ekran Teknolojisi<\/strong><\/td><td>Super Retina XDR OLED<\/td><\/tr><tr><td><strong>Ekran \u00c7\u00f6z\u00fcn\u00fcrl\u00fc\u011f\u00fc<\/strong><\/td><td>1179 x 2556 piksel<\/td><\/tr><tr><td><strong>Ekran Yenileme H\u0131z\u0131<\/strong><\/td><td>60Hz<\/td><\/tr><tr><td><strong>Piksel Yo\u011funlu\u011fu<\/strong><\/td><td>Yakla\u015f\u0131k 465 PPI<\/td><\/tr><tr><td><strong>\u0130\u015flemci<\/strong><\/td><td>Apple A18<\/td><\/tr><tr><td><strong>RAM<\/strong><\/td><td>8 GB<\/td><\/tr><tr><td><strong>Depolama<\/strong><\/td><td>128 GB \/ 256 GB \/ 512 GB<\/td><\/tr><tr><td><strong>Arka Kamera<\/strong><\/td><td>48 Megapiksel + 12 Megapiksel<\/td><\/tr><tr><td><strong>Arka Kamera Video Kayd\u0131<\/strong><\/td><td>4K \/ 1080p<\/td><\/tr><tr><td><strong>\u00d6n Kamera<\/strong><\/td><td>12 Megapiksel<\/td><\/tr><tr><td><strong>\u00d6n Kamera Video Kayd\u0131<\/strong><\/td><td>4K \/ 1080p<\/td><\/tr><tr><td><strong>Yaz\u0131l\u0131m<\/strong><\/td><td>IOS\u00a018<\/td><\/tr><tr><td><strong>Batarya Kapasitesi<\/strong><\/td><td>3.561 mAh<\/td><\/tr><\/tbody><\/table><\/figure>\n","protected":false},"excerpt":{"rendered":"<p>Apple, yeni iPhone 16 \u00fczerinde \u00e7al\u0131\u015f\u0131rken, serinin ekran \u00f6zellikleri ve \u00fcretimi s\u0131zd\u0131r\u0131ld\u0131.Her sene oldu\u011fu gibi bu sene de Apple, iPhone 16 serisi ile kullan\u0131c\u0131lar\u0131n ilgisini \u00e7ekmeyi ama\u00e7l\u0131yor. Hen\u00fcz resmi bir duyuru bulunmayan seri hakk\u0131nda, s\u0131z\u0131nt\u0131lar sayesinde bir\u00e7ok \u00f6zellik ile s\u00fcrekli g\u00fcndemde yer buluyor. Yeni ortaya \u00e7\u0131kan iddialara g\u00f6re iPhone 16 ekran \u00fcretimi Haziran ay\u0131nda ba\u015flayacak. [&hellip;]<\/p>\n","protected":false},"author":56,"featured_media":64704,"comment_status":"open","ping_status":"closed","sticky":false,"template":"","format":"standard","meta":{"footnotes":""},"categories":[61,46],"tags":[9824],"class_list":["post-64702","post","type-post","status-publish","format-standard","has-post-thumbnail","hentry","category-ios","category-mobil","tag-iphone-16nin-ozellikleri"],"_links":{"self":[{"href":"https:\/\/www.indir.com\/haber\/wp-json\/wp\/v2\/posts\/64702","targetHints":{"allow":["GET"]}}],"collection":[{"href":"https:\/\/www.indir.com\/haber\/wp-json\/wp\/v2\/posts"}],"about":[{"href":"https:\/\/www.indir.com\/haber\/wp-json\/wp\/v2\/types\/post"}],"author":[{"embeddable":true,"href":"https:\/\/www.indir.com\/haber\/wp-json\/wp\/v2\/users\/56"}],"replies":[{"embeddable":true,"href":"https:\/\/www.indir.com\/haber\/wp-json\/wp\/v2\/comments?post=64702"}],"version-history":[{"count":0,"href":"https:\/\/www.indir.com\/haber\/wp-json\/wp\/v2\/posts\/64702\/revisions"}],"wp:featuredmedia":[{"embeddable":true,"href":"https:\/\/www.indir.com\/haber\/wp-json\/wp\/v2\/media\/64704"}],"wp:attachment":[{"href":"https:\/\/www.indir.com\/haber\/wp-json\/wp\/v2\/media?parent=64702"}],"wp:term":[{"taxonomy":"category","embeddable":true,"href":"https:\/\/www.indir.com\/haber\/wp-json\/wp\/v2\/categories?post=64702"},{"taxonomy":"post_tag","embeddable":true,"href":"https:\/\/www.indir.com\/haber\/wp-json\/wp\/v2\/tags?post=64702"}],"curies":[{"name":"wp","href":"https:\/\/api.w.org\/{rel}","templated":true}]}}