{"id":63250,"date":"2024-04-19T20:30:00","date_gmt":"2024-04-19T17:30:00","guid":{"rendered":"https:\/\/www.indir.com\/haber\/?p=63250"},"modified":"2024-04-19T15:20:43","modified_gmt":"2024-04-19T12:20:43","slug":"vivo-v30-lite-turkiyede-satisa-cikacak","status":"publish","type":"post","link":"https:\/\/www.indir.com\/haber\/vivo-v30-lite-turkiyede-satisa-cikacak\/","title":{"rendered":"Vivo V30 Lite, T\u00fcrkiye&#8217;de Sat\u0131\u015fa \u00c7\u0131kacak"},"content":{"rendered":"\n<p>Vivo markas\u0131n\u0131n 80W h\u0131zl\u0131 \u015farj \u00f6zelli\u011fiyle \u00f6ne \u00e7\u0131kan ak\u0131ll\u0131 telefonu Vivo V30 Lite, 4 sene pil garantisi ile T\u00fcrkiye&#8217;de de sat\u0131\u015fa sunulacak. Vivo V30 Lite telefon modelinin a\u00e7\u0131klanan t\u00fcm \u00f6zelliklerini sizler i\u00e7in derledik.<\/p>\n\n\n\n<p>Firma, yak\u0131n zamanda sat\u0131\u015fa sundu\u011fu V30 5G&#8217;nin ard\u0131ndan, 80W h\u0131zl\u0131 \u015farj \u00f6zelli\u011fi ile \u00f6ne \u00e7\u0131kan serinin yeni \u00fcyesi Vivo V30 Lite&#8217;\u0131 T\u00fcrkiye&#8217;de sat\u0131\u015fa sunmak i\u00e7in g\u00fcn say\u0131yor.<\/p>\n\n\n\n<p>Vivo, yapt\u0131\u011f\u0131 t\u00fcketici ara\u015ft\u0131rma sonu\u00e7lar\u0131na g\u00f6re kullan\u0131c\u0131lar\u0131n % 73&#8217;\u00fcn\u00fcn pilinin daha h\u0131zl\u0131 dolmas\u0131n\u0131 istedi\u011fini belirtti. Bu yan\u0131tlardan yola \u00e7\u0131kan Vivo, kullan\u0131c\u0131lara segmentinde en h\u0131zl\u0131 \u015farja sahip telefonlardan birini sunmak amac\u0131yla V30 Lite&#8217;\u0131 tasarlad\u0131\u011f\u0131n\u0131 aktar\u0131yor.<\/p>\n\n\n\n<h2 class=\"wp-block-heading\">Vivo, V30 Lite Telefonunda 4 Sene Garanti Sunuyor<\/h2>\n\n\n\n<p>\u00c7inli \u015firket, 80W H\u0131zl\u0131 \u015earj teknolojisi ile telefonun yakla\u015f\u0131k 30 dakikada % 80&#8217;e kadar \u015farj edilebildi\u011finin iddias\u0131n\u0131 ortaya koyuyor. \u2018Ak\u0131ll\u0131 \u015earj Motoru\u2019 2.0 \u00f6zelli\u011finin ise \u015farj i\u015flemini optimize ederek pilin a\u015f\u0131r\u0131 \u0131s\u0131nmas\u0131n\u0131 ve a\u015f\u0131nmas\u0131n\u0131 \u00f6nledi\u011fi vurgulan\u0131yor. Yine \u2018Gece \u015earj Korumas\u0131\u2019 ile telefonun \u015farj\u0131n\u0131n % 80&#8217;e ula\u015ft\u0131\u011f\u0131nda otomatik olarak \u015farj\u0131n kesilmesi \u00f6zelli\u011fi dikkat \u00e7ekiyor. Firma, bu sayede pilin a\u015f\u0131r\u0131 \u015farj olmas\u0131n\u0131n \u00f6n\u00fcne ge\u00e7ilerek pil \u00f6mr\u00fcn\u00fcn uzat\u0131ld\u0131\u011f\u0131n\u0131 aktar\u0131yor.<\/p>\n\n\n\n<figure class=\"wp-block-image size-full\"><img loading=\"lazy\" decoding=\"async\" width=\"1600\" height=\"900\" src=\"https:\/\/www.indir.com\/haber\/wp-content\/uploads\/2024\/04\/nothing-air-ear-a-9.jpg\" alt=\"vivo markas\u0131n\u0131n 80W h\u0131zl\u0131 \u015farj \u00f6zelli\u011fiyle \u00f6ne \u00e7\u0131kan ak\u0131ll\u0131 telefonu vivo V30 Lite, 4 sene pil garantisi ile T\u00fcrkiye&#039;de de sat\u0131\u015fa sunulacak.\" class=\"wp-image-63255\" title=\"\"><\/figure>\n\n\n\n<p>Bununla beraber vivo, V30 Serisi i\u00e7in lansmana sundu\u011fu garanti hizmetini V30 Lite modele de vermeye devam edece\u011fini s\u00f6yl\u00fcyor. vivo, T\u00fcrkiye&#8217;de pil sa\u011fl\u0131\u011f\u0131 takip fonksiyonuna sahip ilk Android ak\u0131ll\u0131 telefonlar biri olan V30 Serisi i\u00e7in 4 sene boyunca ge\u00e7erli, pil sa\u011fl\u0131\u011f\u0131 % 80&#8217;in alt\u0131na d\u00fc\u015ferse \u00fccretsiz de\u011fi\u015fim garantisi sa\u011fl\u0131yor.<\/p>\n\n\n\n<p>Bu \u00f6zelliklerin yan\u0131 s\u0131ra cihazda 120 Hz h\u0131z\u0131nda Ultra Vision AMOLED ekran bulunmakta. Ekran parlakl\u0131\u011f\u0131nda ise 1200 nit olan belirlenmi\u015f halde ve HBM Parlakl\u0131k Modu sayesinde g\u00fcne\u015f \u0131\u015f\u0131\u011f\u0131 alt\u0131nda g\u00f6r\u00fcn\u00fcrl\u00fc\u011f\u00fcn art\u0131r\u0131lmas\u0131 ama\u00e7lan\u0131yor. Ayr\u0131ca \u015firket, daha iyi bir g\u00f6r\u00fcnt\u00fcleme deneyimi sunmak amac\u0131yla ak\u0131ll\u0131 telefonun % 91,90 ekran-g\u00f6vde oran\u0131na sahip oldu\u011funun alt\u0131n\u0131 \u00e7iziyor.<\/p>\n","protected":false},"excerpt":{"rendered":"<p>Vivo markas\u0131n\u0131n 80W h\u0131zl\u0131 \u015farj \u00f6zelli\u011fiyle \u00f6ne \u00e7\u0131kan ak\u0131ll\u0131 telefonu Vivo V30 Lite, 4 sene pil garantisi ile T\u00fcrkiye&#8217;de de sat\u0131\u015fa sunulacak. Vivo V30 Lite telefon modelinin a\u00e7\u0131klanan t\u00fcm \u00f6zelliklerini sizler i\u00e7in derledik. Firma, yak\u0131n zamanda sat\u0131\u015fa sundu\u011fu V30 5G&#8217;nin ard\u0131ndan, 80W h\u0131zl\u0131 \u015farj \u00f6zelli\u011fi ile \u00f6ne \u00e7\u0131kan serinin yeni \u00fcyesi Vivo V30 Lite&#8217;\u0131 T\u00fcrkiye&#8217;de [&hellip;]<\/p>\n","protected":false},"author":65,"featured_media":63253,"comment_status":"open","ping_status":"closed","sticky":false,"template":"","format":"standard","meta":{"footnotes":""},"categories":[46],"tags":[],"class_list":["post-63250","post","type-post","status-publish","format-standard","has-post-thumbnail","hentry","category-mobil"],"_links":{"self":[{"href":"https:\/\/www.indir.com\/haber\/wp-json\/wp\/v2\/posts\/63250","targetHints":{"allow":["GET"]}}],"collection":[{"href":"https:\/\/www.indir.com\/haber\/wp-json\/wp\/v2\/posts"}],"about":[{"href":"https:\/\/www.indir.com\/haber\/wp-json\/wp\/v2\/types\/post"}],"author":[{"embeddable":true,"href":"https:\/\/www.indir.com\/haber\/wp-json\/wp\/v2\/users\/65"}],"replies":[{"embeddable":true,"href":"https:\/\/www.indir.com\/haber\/wp-json\/wp\/v2\/comments?post=63250"}],"version-history":[{"count":0,"href":"https:\/\/www.indir.com\/haber\/wp-json\/wp\/v2\/posts\/63250\/revisions"}],"wp:featuredmedia":[{"embeddable":true,"href":"https:\/\/www.indir.com\/haber\/wp-json\/wp\/v2\/media\/63253"}],"wp:attachment":[{"href":"https:\/\/www.indir.com\/haber\/wp-json\/wp\/v2\/media?parent=63250"}],"wp:term":[{"taxonomy":"category","embeddable":true,"href":"https:\/\/www.indir.com\/haber\/wp-json\/wp\/v2\/categories?post=63250"},{"taxonomy":"post_tag","embeddable":true,"href":"https:\/\/www.indir.com\/haber\/wp-json\/wp\/v2\/tags?post=63250"}],"curies":[{"name":"wp","href":"https:\/\/api.w.org\/{rel}","templated":true}]}}