{"id":61160,"date":"2024-03-22T11:30:00","date_gmt":"2024-03-22T08:30:00","guid":{"rendered":"https:\/\/www.indir.com\/haber\/?p=61160"},"modified":"2024-03-22T11:11:38","modified_gmt":"2024-03-22T08:11:38","slug":"macos-sonoma-guncellemesi-dosyalari-silebilir","status":"publish","type":"post","link":"https:\/\/www.indir.com\/haber\/macos-sonoma-guncellemesi-dosyalari-silebilir\/","title":{"rendered":"MacOS Sonoma G\u00fcncellemesi T\u00fcm Dosyalar\u0131 Silebilir"},"content":{"rendered":"\n<p>MacOS Sonoma g\u00fcncellemesi 14.4, bir hata nedeniyle iCloud&#8217;da saklanan dosyalar\u0131 silerek yedeklemeyi imkans\u0131z k\u0131l\u0131yor.&nbsp;<\/p>\n\n\n\n<p>MacOS Sonoma 14.4 g\u00fcncellemesinde beklenmeyen bir hata patlak verdi. iCloud&#8217;da saklanmakta olan dosyalar\u0131 eski s\u00fcr\u00fcmlerini silen bir hata, veri y\u00f6netimine ve i\u015flerine b\u00fcy\u00fck \u00f6nem veren kullan\u0131c\u0131lar\u0131 i\u00e7in endi\u015fe olu\u015fturuyor.<\/p>\n\n\n\n<h2 class=\"wp-block-heading\"><strong>\u00d6nceki S\u00fcr\u00fcmlere Geri D\u00f6nmeyi \u0130mkans\u0131zla\u015ft\u0131r\u0131yor<\/strong><\/h2>\n\n\n\n<p>MacOS Sonoma g\u00fcncellemesi, iCloud&#8217;dan yeniden indirilen dosyalar\u0131n \u00f6nceki s\u00fcr\u00fcmlerini silen bir hata veriyor. Bu hata, yaln\u0131zca en yeni dosya s\u00fcr\u00fcmlerini de\u011fil ayn\u0131 zamanda i\u015fletim sistemi taraf\u0131ndan kaydedilen daha \u00f6nceki s\u00fcr\u00fcmleri de etkiliyor ve kullan\u0131c\u0131lara eski bir s\u00fcr\u00fcme d\u00f6nme se\u00e7ene\u011fi b\u0131rakm\u0131yor.<\/p>\n\n\n\n<p>Yap\u0131lan raporlamalar sonucunda, bu dosya s\u00fcr\u00fcmlerinin geri y\u00fcklenemedi\u011fini belirtmekte ve \u00f6nceki macOS s\u00fcr\u00fcmleri dosya geri y\u00fcklemesine izin verdi\u011finden bu sorunun macOS Sonoma 14.4&#8217;e \u00f6zel oldu\u011fu belirtiliyor.<\/p>\n\n\n\n<p>Rapora g\u00f6re hata belirli ko\u015fullar alt\u0131nda ortaya \u00e7\u0131kabiliyor:<\/p>\n\n\n\n<ul class=\"wp-block-list\">\n<li>\u00dcr\u00fcnde macOS Sonoma 14.4 y\u00fckl\u00fc olmal\u0131.<\/li>\n\n\n\n<li>iCloud&#8217;da Pages belgesi tarz\u0131 birden \u00e7ok s\u00fcr\u00fcm\u00fc olan bir dosya bulunmal\u0131.<\/li>\n\n\n\n<li>iCloud Drive&#8217;da \u2018Depolamay\u0131 Optimize Et\u2019 se\u00e7ene\u011fi etkinle\u015ftirilmeli.<\/li>\n<\/ul>\n\n\n\n<figure class=\"wp-block-image size-full\"><img loading=\"lazy\" decoding=\"async\" width=\"1600\" height=\"900\" src=\"https:\/\/www.indir.com\/haber\/wp-content\/uploads\/2024\/03\/ios-5.jpg\" alt=\"MacOS Sonoma g\u00fcncellemesi 14.4, bir hata nedeniyle iCloud&#039;da saklanan dosyalar\u0131 silerek yedeklemeyi imkans\u0131z k\u0131l\u0131yor. \" class=\"wp-image-61162\" title=\"\"><\/figure>\n\n\n\n<p>Cihaz\u0131n iCloud Drive&#8217;\u0131nda birden fazla s\u00fcr\u00fcme sahip bir dosya, sa\u011f t\u0131klama ba\u011flam men\u00fcs\u00fcnden eri\u015filebilen \u2018\u0130ndirmeyi Kald\u0131r\u2019 se\u00e7ene\u011fi arac\u0131l\u0131\u011f\u0131yla yerel olarak kald\u0131r\u0131l\u0131rsa, \u2018ge\u00e7erli olanlar\u2019 d\u0131\u015f\u0131ndaki t\u00fcm s\u00fcr\u00fcmler kal\u0131c\u0131 olarak silinebilir.<\/p>\n\n\n\n<p>Sonoma 14.4&#8217;teki iCloud ile ilgili bu hata, g\u00fcvenilirli\u011fi ve veri y\u00f6netimi konusunda \u00f6nemli endi\u015feleri g\u00fcndeme ta\u015f\u0131yor. \u00dcr\u00fcn kullan\u0131c\u0131lar\u0131 i\u00e7in \u00f6nemli dosya s\u00fcr\u00fcmlerini kaybetmek i\u015flerini aksatabilir ve veri g\u00fcvenli\u011fi konusunda ciddi endi\u015felere neden olabilir.<\/p>\n\n\n\n<p>Bu fakt\u00f6r, Apple&#8217;\u0131n i\u015fletim sistemi g\u00fcncellemelerinde do\u011frulama s\u00fcre\u00e7lerine ve daha dikkatli testlere ihtiya\u00e7 duyuldu\u011funun alt\u0131n\u0131 \u00e7iziyor ve gelecekte benzer hatalar\u0131n \u00f6nlenmesi ad\u0131na daha kapsaml\u0131 \u00f6nlemlerin al\u0131nmas\u0131n\u0131 vurguluyor.<\/p>\n\n\n\n<p>Apple \u015firketinin bu konuyu nas\u0131l ele alaca\u011f\u0131 ve gelecek g\u00fcncellemelerde bu t\u00fcr hatalar\u0131n \u00f6nlenmesi i\u00e7in ne gibi \u00f6nlemler alaca\u011f\u0131 merak konusu oluyor.<\/p>\n","protected":false},"excerpt":{"rendered":"<p>MacOS Sonoma g\u00fcncellemesi 14.4, bir hata nedeniyle iCloud&#8217;da saklanan dosyalar\u0131 silerek yedeklemeyi imkans\u0131z k\u0131l\u0131yor.&nbsp; MacOS Sonoma 14.4 g\u00fcncellemesinde beklenmeyen bir hata patlak verdi. iCloud&#8217;da saklanmakta olan dosyalar\u0131 eski s\u00fcr\u00fcmlerini silen bir hata, veri y\u00f6netimine ve i\u015flerine b\u00fcy\u00fck \u00f6nem veren kullan\u0131c\u0131lar\u0131 i\u00e7in endi\u015fe olu\u015fturuyor. \u00d6nceki S\u00fcr\u00fcmlere Geri D\u00f6nmeyi \u0130mkans\u0131zla\u015ft\u0131r\u0131yor MacOS Sonoma g\u00fcncellemesi, iCloud&#8217;dan yeniden indirilen dosyalar\u0131n [&hellip;]<\/p>\n","protected":false},"author":65,"featured_media":61161,"comment_status":"open","ping_status":"closed","sticky":false,"template":"","format":"standard","meta":{"footnotes":""},"categories":[61],"tags":[],"class_list":["post-61160","post","type-post","status-publish","format-standard","has-post-thumbnail","hentry","category-ios"],"_links":{"self":[{"href":"https:\/\/www.indir.com\/haber\/wp-json\/wp\/v2\/posts\/61160","targetHints":{"allow":["GET"]}}],"collection":[{"href":"https:\/\/www.indir.com\/haber\/wp-json\/wp\/v2\/posts"}],"about":[{"href":"https:\/\/www.indir.com\/haber\/wp-json\/wp\/v2\/types\/post"}],"author":[{"embeddable":true,"href":"https:\/\/www.indir.com\/haber\/wp-json\/wp\/v2\/users\/65"}],"replies":[{"embeddable":true,"href":"https:\/\/www.indir.com\/haber\/wp-json\/wp\/v2\/comments?post=61160"}],"version-history":[{"count":0,"href":"https:\/\/www.indir.com\/haber\/wp-json\/wp\/v2\/posts\/61160\/revisions"}],"wp:featuredmedia":[{"embeddable":true,"href":"https:\/\/www.indir.com\/haber\/wp-json\/wp\/v2\/media\/61161"}],"wp:attachment":[{"href":"https:\/\/www.indir.com\/haber\/wp-json\/wp\/v2\/media?parent=61160"}],"wp:term":[{"taxonomy":"category","embeddable":true,"href":"https:\/\/www.indir.com\/haber\/wp-json\/wp\/v2\/categories?post=61160"},{"taxonomy":"post_tag","embeddable":true,"href":"https:\/\/www.indir.com\/haber\/wp-json\/wp\/v2\/tags?post=61160"}],"curies":[{"name":"wp","href":"https:\/\/api.w.org\/{rel}","templated":true}]}}