{"id":59542,"date":"2024-03-07T18:00:00","date_gmt":"2024-03-07T15:00:00","guid":{"rendered":"https:\/\/www.indir.com\/haber\/?p=59542"},"modified":"2024-03-07T16:46:56","modified_gmt":"2024-03-07T13:46:56","slug":"samsung-katlanabilir-telefon-rengi-belli-oldu","status":"publish","type":"post","link":"https:\/\/www.indir.com\/haber\/samsung-katlanabilir-telefon-rengi-belli-oldu\/","title":{"rendered":"Samsung&#8217;un Yeni Katlanabilir Telefonlar\u0131n\u0131n Renkleri Belli Oldu"},"content":{"rendered":"\n<p>Galaxy Z Fold serisinin pembe renkli ilk telefonu bu sene i\u00e7inde \u00e7\u0131kmas\u0131 bekleniyor. Ekran end\u00fcstrisinden verdi\u011fi bilgilerle tan\u0131nan Ross Young\u2019\u0131n payla\u015ft\u0131\u011f\u0131 bilgilere g\u00f6re, Galaxy Z Fold 6 a\u00e7\u0131k pembe, koyu mavi ve g\u00fcm\u00fc\u015f renk se\u00e7enekleriyle kullan\u0131c\u0131lar\u0131n kar\u015f\u0131s\u0131na \u00e7\u0131kmay\u0131 planl\u0131yor.<\/p>\n\n\n\n<p>Z Flip 6 ise daha geni\u015f renk yelpazesiyle raflardaki yerini bulacak. Bu telefonun renk se\u00e7enekleri ise a\u00e7\u0131k mavi, sar\u0131, a\u00e7\u0131k ye\u015fil ve g\u00fcm\u00fc\u015f se\u00e7enekleri olacak..<\/p>\n\n\n\n<figure class=\"wp-block-image size-full\"><img loading=\"lazy\" decoding=\"async\" width=\"1600\" height=\"900\" src=\"https:\/\/www.indir.com\/haber\/wp-content\/uploads\/2024\/03\/google-6.jpg\" alt=\"Galaxy Z Fold serisinin pembe renkli ilk telefonu bu sene i\u00e7inde \u00e7\u0131kmas\u0131 bekleniyor.\" class=\"wp-image-59544\" title=\"\"><\/figure>\n\n\n\n<p>Z Fold 6 ve Z Flip 6\u2019n\u0131n bu y\u0131l\u0131n temmuz ay\u0131n\u0131n sonlar\u0131nda tan\u0131t\u0131lmas\u0131 d\u00fc\u015f\u00fcn\u00fcl\u00fcyor. Ancak tan\u0131t\u0131m tarihinin a\u011fustos ay\u0131na sarkabilece\u011fi s\u00f6yleniyor. S\u00f6ylentilere g\u00f6re, Z Fold 6 geni\u015fleyen kapak ekran\u0131yla biraz daha kare gibi g\u00f6r\u00fcnebilmesi g\u00fcndeme geliyor .<\/p>\n\n\n\n<h2 class=\"wp-block-heading\">Samsung Galaxy Z Fold 6 Ultra Beklenenden Erken \u00c7\u0131kacak<\/h2>\n\n\n\n<p>Samsung\u2019un Z Fold 6 Ultra modelini de kullan\u0131c\u0131lar\u0131n kullan\u0131m\u0131na sunaca\u011f\u0131 konu\u015fuluyor. Bu modelde ise ana kamera g\u00f6revini 200 megapiksel \u00e7\u00f6z\u00fcn\u00fcrl\u00fckl\u00fc \u2018ISOCELL HP2\u2019 sens\u00f6r\u00fcn kullan\u0131labilece\u011fi ve telefona S Pen yerle\u015ftirilebilecek bir yuva da eklenece\u011fi iddialar aras\u0131nda yer al\u0131yor.<\/p>\n\n\n\n<figure class=\"wp-block-image size-full\"><img loading=\"lazy\" decoding=\"async\" width=\"1600\" height=\"900\" src=\"https:\/\/www.indir.com\/haber\/wp-content\/uploads\/2024\/03\/google-7.jpg\" alt=\"Galaxy Z Fold serisinin pembe renkli ilk telefonu bu sene i\u00e7inde \u00e7\u0131kmas\u0131 bekleniyor.\" class=\"wp-image-59545\" title=\"\"><\/figure>\n\n\n\n<p>Tasar\u0131ma daha ayr\u0131nt\u0131l\u0131 bakt\u0131\u011f\u0131m\u0131zda,&nbsp; Galaxy Z Fold 6\u2019n\u0131n \u00f6nemli de\u011fi\u015fikliklerle birlikte gelece\u011fi, ancak Galaxy Z Flip 6\u2019n\u0131n genel hatlar\u0131yla ayn\u0131 kalabilece\u011fi ihtimalleri akla geliyor. Fold 6\u2019n\u0131n kutusunda Galaxy S24 Ultra\u2019ya benzer bir tasar\u0131m benimseyece\u011fi ve dahili bir S Pen\u2019e sahip olmayaca\u011f\u0131 s\u00f6yleniyor. Ancak, ekranlar i\u00e7in daha iyi bir en boy oran\u0131 sa\u011flamak ad\u0131na hem daha k\u0131sa hem de daha geni\u015f boyutlarda olmas\u0131 d\u00fc\u015f\u00fcn\u00fcl\u00fcyor. Bu, telefon kullan\u0131c\u0131lar\u0131n\u0131n daha etkileyici bir deneyim ya\u015famas\u0131n\u0131 sa\u011flayacak k\u00f6kl\u00fc bir de\u011fi\u015fiklik olarak kar\u015f\u0131m\u0131za \u00e7\u0131kt\u0131\u011f\u0131n\u0131 g\u00f6rmekteyiz.<\/p>\n","protected":false},"excerpt":{"rendered":"<p>Galaxy Z Fold serisinin pembe renkli ilk telefonu bu sene i\u00e7inde \u00e7\u0131kmas\u0131 bekleniyor. Ekran end\u00fcstrisinden verdi\u011fi bilgilerle tan\u0131nan Ross Young\u2019\u0131n payla\u015ft\u0131\u011f\u0131 bilgilere g\u00f6re, Galaxy Z Fold 6 a\u00e7\u0131k pembe, koyu mavi ve g\u00fcm\u00fc\u015f renk se\u00e7enekleriyle kullan\u0131c\u0131lar\u0131n kar\u015f\u0131s\u0131na \u00e7\u0131kmay\u0131 planl\u0131yor. Z Flip 6 ise daha geni\u015f renk yelpazesiyle raflardaki yerini bulacak. Bu telefonun renk se\u00e7enekleri ise [&hellip;]<\/p>\n","protected":false},"author":65,"featured_media":59543,"comment_status":"open","ping_status":"closed","sticky":false,"template":"","format":"standard","meta":{"footnotes":""},"categories":[46],"tags":[],"class_list":["post-59542","post","type-post","status-publish","format-standard","has-post-thumbnail","hentry","category-mobil"],"_links":{"self":[{"href":"https:\/\/www.indir.com\/haber\/wp-json\/wp\/v2\/posts\/59542","targetHints":{"allow":["GET"]}}],"collection":[{"href":"https:\/\/www.indir.com\/haber\/wp-json\/wp\/v2\/posts"}],"about":[{"href":"https:\/\/www.indir.com\/haber\/wp-json\/wp\/v2\/types\/post"}],"author":[{"embeddable":true,"href":"https:\/\/www.indir.com\/haber\/wp-json\/wp\/v2\/users\/65"}],"replies":[{"embeddable":true,"href":"https:\/\/www.indir.com\/haber\/wp-json\/wp\/v2\/comments?post=59542"}],"version-history":[{"count":0,"href":"https:\/\/www.indir.com\/haber\/wp-json\/wp\/v2\/posts\/59542\/revisions"}],"wp:featuredmedia":[{"embeddable":true,"href":"https:\/\/www.indir.com\/haber\/wp-json\/wp\/v2\/media\/59543"}],"wp:attachment":[{"href":"https:\/\/www.indir.com\/haber\/wp-json\/wp\/v2\/media?parent=59542"}],"wp:term":[{"taxonomy":"category","embeddable":true,"href":"https:\/\/www.indir.com\/haber\/wp-json\/wp\/v2\/categories?post=59542"},{"taxonomy":"post_tag","embeddable":true,"href":"https:\/\/www.indir.com\/haber\/wp-json\/wp\/v2\/tags?post=59542"}],"curies":[{"name":"wp","href":"https:\/\/api.w.org\/{rel}","templated":true}]}}