{"id":59265,"date":"2024-03-05T16:00:00","date_gmt":"2024-03-05T13:00:00","guid":{"rendered":"https:\/\/www.indir.com\/haber\/?p=59265"},"modified":"2024-03-05T15:56:48","modified_gmt":"2024-03-05T12:56:48","slug":"yurt-disina-acilacak-poco-x6-neo-ozellikleri","status":"publish","type":"post","link":"https:\/\/www.indir.com\/haber\/yurt-disina-acilacak-poco-x6-neo-ozellikleri\/","title":{"rendered":"Yurt D\u0131\u015f\u0131na A\u00e7\u0131lacak POCO X6 Neo \u00d6zellikleri Neler?"},"content":{"rendered":"\n<p>POCO X6 Neo i\u00e7in yurt d\u0131\u015f\u0131nda sat\u0131\u015f s\u00fcreci ba\u015fl\u0131yor. \u0130\u015fte Xiaomi\u2019nin yeni modelinin POCO X6 Neo \u00f6zellikleri\u2026<\/p>\n\n\n\n<p>Xiaomi, POCO X6 serisinin yeni modeli POCO X6 Neo i\u00e7in tan\u0131t\u0131ma az bir s\u00fcre kald\u0131. Ancak tan\u0131t\u0131m \u00f6ncesinde tan\u0131t\u0131m tarihinin a\u00e7\u0131klanmas\u0131 beklenirken yeni s\u0131z\u0131nt\u0131lar ya\u015fand\u0131. S\u0131z\u0131nt\u0131lar ile yeni modelde yer alacak pek \u00e7ok \u00f6zellik a\u00e7\u0131\u011fa \u00e7\u0131kt\u0131.<\/p>\n\n\n\n<h2 class=\"wp-block-heading\">POCO X6 Neo \u00d6zellikleri Neler?<\/h2>\n\n\n\n<p>POCO modellerinde genellikle Redmi modelleri takip ediliyor. bu nedenle yeni telefon, \u00f6zellikleriyle Redmi Note 13R Pro\u2019yla benzetildi. Son s\u0131z\u0131nt\u0131, daha \u00f6nceden yap\u0131lan baz\u0131 s\u0131z\u0131nt\u0131larla da uyu\u015ftu\u011fu i\u00e7in yeni modelin b\u00fcy\u00fck \u00f6l\u00e7\u00fcde belirtilen \u00f6zelliklerle piyasada yer almas\u0131 bekleniyor. Mart ay\u0131 i\u00e7erisinde tan\u0131t\u0131m\u0131 yap\u0131lacak yeni modelde teknik \u00f6zellikler \u015f\u00f6yle;<\/p>\n\n\n\n<ul class=\"wp-block-list\">\n<li>Ekran: 6,67 in\u00e7 FHD+ OLED, 120 Hz tazeleme h\u0131z\u0131, Delikli ekran 1.000 nit\u2019e kadar parlakl\u0131k<\/li>\n\n\n\n<li>\u0130\u015flemci: MediaTek Dimensity 6080<\/li>\n\n\n\n<li>GPU Birimi: Mali-G57 MC2<\/li>\n\n\n\n<li>RAM: 12 GB LPDDR4x<\/li>\n\n\n\n<li>Depolama Alan\u0131: 256 GB UFS 2.2<\/li>\n\n\n\n<li>\u00d6n Kamera: 16 MP<\/li>\n\n\n\n<li>Arka Kamera: 108 MP ana kamera, 2 MP derinlik sens\u00f6r\u00fc<\/li>\n\n\n\n<li>Batarya: 5.000 mAh ve 33W h\u0131zl\u0131 \u015farj<\/li>\n\n\n\n<li>\u0130\u015fletim Sistemi: Android 13 tabanl\u0131 MIUI 14<\/li>\n<\/ul>\n\n\n\n<figure class=\"wp-block-image size-full\"><img loading=\"lazy\" decoding=\"async\" width=\"1600\" height=\"900\" src=\"https:\/\/www.indir.com\/haber\/wp-content\/uploads\/2024\/03\/poco-neo-1.jpg\" alt=\"Yurt D\u0131\u015f\u0131na A\u00e7\u0131lacak POCO X6 Neo \u00d6zellikleri Neler?\" class=\"wp-image-59267\" title=\"\"><figcaption class=\"wp-element-caption\">Yurt D\u0131\u015f\u0131na A\u00e7\u0131lacak POCO X6 Neo \u00d6zellikleri Neler?<\/figcaption><\/figure>\n\n\n\n<p>Siyah, mavi ve alt\u0131n renkleriyle piyasada yer alacak telefon i\u00e7in ortalama 280 dolarl\u0131k bir fiyat\u0131n belirlenmesi bekleniyor. Ba\u015flang\u0131\u00e7 a\u015famas\u0131nda sadece \u00c7in\u2019de sat\u0131\u015fa \u00e7\u0131kacak olan model, k\u0131sa s\u00fcre i\u00e7erisinde yurt d\u0131\u015f\u0131nda da sat\u0131\u015flarda olacak. Bu nedenle POCO\u2019nun global sat\u0131\u015f performans\u0131 i\u00e7in POCO X6 Neo \u00f6nemli bir model olacak.<\/p>\n","protected":false},"excerpt":{"rendered":"<p>POCO X6 Neo i\u00e7in yurt d\u0131\u015f\u0131nda sat\u0131\u015f s\u00fcreci ba\u015fl\u0131yor. \u0130\u015fte Xiaomi\u2019nin yeni modelinin POCO X6 Neo \u00f6zellikleri\u2026 Xiaomi, POCO X6 serisinin yeni modeli POCO X6 Neo i\u00e7in tan\u0131t\u0131ma az bir s\u00fcre kald\u0131. Ancak tan\u0131t\u0131m \u00f6ncesinde tan\u0131t\u0131m tarihinin a\u00e7\u0131klanmas\u0131 beklenirken yeni s\u0131z\u0131nt\u0131lar ya\u015fand\u0131. S\u0131z\u0131nt\u0131lar ile yeni modelde yer alacak pek \u00e7ok \u00f6zellik a\u00e7\u0131\u011fa \u00e7\u0131kt\u0131. POCO X6 [&hellip;]<\/p>\n","protected":false},"author":6,"featured_media":59266,"comment_status":"open","ping_status":"closed","sticky":false,"template":"","format":"standard","meta":{"footnotes":""},"categories":[46],"tags":[1210],"class_list":["post-59265","post","type-post","status-publish","format-standard","has-post-thumbnail","hentry","category-mobil","tag-poco"],"_links":{"self":[{"href":"https:\/\/www.indir.com\/haber\/wp-json\/wp\/v2\/posts\/59265","targetHints":{"allow":["GET"]}}],"collection":[{"href":"https:\/\/www.indir.com\/haber\/wp-json\/wp\/v2\/posts"}],"about":[{"href":"https:\/\/www.indir.com\/haber\/wp-json\/wp\/v2\/types\/post"}],"author":[{"embeddable":true,"href":"https:\/\/www.indir.com\/haber\/wp-json\/wp\/v2\/users\/6"}],"replies":[{"embeddable":true,"href":"https:\/\/www.indir.com\/haber\/wp-json\/wp\/v2\/comments?post=59265"}],"version-history":[{"count":0,"href":"https:\/\/www.indir.com\/haber\/wp-json\/wp\/v2\/posts\/59265\/revisions"}],"wp:featuredmedia":[{"embeddable":true,"href":"https:\/\/www.indir.com\/haber\/wp-json\/wp\/v2\/media\/59266"}],"wp:attachment":[{"href":"https:\/\/www.indir.com\/haber\/wp-json\/wp\/v2\/media?parent=59265"}],"wp:term":[{"taxonomy":"category","embeddable":true,"href":"https:\/\/www.indir.com\/haber\/wp-json\/wp\/v2\/categories?post=59265"},{"taxonomy":"post_tag","embeddable":true,"href":"https:\/\/www.indir.com\/haber\/wp-json\/wp\/v2\/tags?post=59265"}],"curies":[{"name":"wp","href":"https:\/\/api.w.org\/{rel}","templated":true}]}}