{"id":59227,"date":"2024-03-05T13:00:00","date_gmt":"2024-03-05T10:00:00","guid":{"rendered":"https:\/\/www.indir.com\/haber\/?p=59227"},"modified":"2024-03-05T11:37:56","modified_gmt":"2024-03-05T08:37:56","slug":"instagram-dmlerde-mesaj-duzenleme-donemi-basladi","status":"publish","type":"post","link":"https:\/\/www.indir.com\/haber\/instagram-dmlerde-mesaj-duzenleme-donemi-basladi\/","title":{"rendered":"Instagram DM&#8217;lerde &#8220;Mesaj D\u00fczenleme&#8221; D\u00f6nemi Ba\u015flad\u0131"},"content":{"rendered":"\n<p>Instagram\u2019da \u00f6zel mesajlarda mesaj d\u00fczenleme d\u00f6nemi resmen ba\u015flad\u0131. Instagram konuyla ilgili resmi duyuruyu yapt\u0131.<\/p>\n\n\n\n<p>Instagram\u2019da \u00f6zel mesajlar en \u00e7ok kullan\u0131lan alanlardan birisi. \u015eimdi ise yeni \u00f6zellik ile \u00f6zel mesajlarda yepyeni bir d\u00f6nem ba\u015fl\u0131yor. Yap\u0131lan resmi a\u00e7\u0131klamaya g\u00f6re Instagram\u2019da g\u00f6nderilen \u00f6zel mesajlar i\u00e7in d\u00fczenleme imkan\u0131 sa\u011flanacak. B\u00f6ylece g\u00f6nderilen yanl\u0131\u015f mesajlar d\u00fczeltilebilecek.<\/p>\n\n\n\n<h2 class=\"wp-block-heading\">Instagram\u2019da Mesajlar Nas\u0131l D\u00fczenlenecek?<\/h2>\n\n\n\n<p>Instagram\u2019da uzun zamandan beri beklenen bir \u00f6zellik olarak \u00f6ne \u00e7\u0131kan mesaj d\u00fczenleme art\u0131k kullan\u0131c\u0131lar taraf\u0131ndan kullan\u0131labilecek.\u00a0 Instagram\u2019da mesaj d\u00fczenleme konusunda dikkat edilmesi gereken en \u00f6nemli detay 15 dakika. Mesaj g\u00f6nderildikten sonraki 15 dakika i\u00e7erisinde d\u00fczenleme yap\u0131labilecek. Bu s\u00fcre a\u015f\u0131ld\u0131\u011f\u0131 takdirde ise mesajlardaki d\u00fczenleme yetkisi kald\u0131r\u0131lacak. Bu nedenle kullan\u0131c\u0131lar\u0131n \u00f6ncelikle mesaj d\u00fczenleme i\u00e7in 15 dakika i\u00e7erisinde i\u015flem yapmas\u0131 gerekiyor.<\/p>\n\n\n\n<figure class=\"wp-block-image size-full\"><img loading=\"lazy\" decoding=\"async\" width=\"1600\" height=\"900\" src=\"https:\/\/www.indir.com\/haber\/wp-content\/uploads\/2024\/03\/instagram-2.jpg\" alt=\"Instagram DM&#039;lerde &quot;Mesaj D\u00fczenleme&quot; D\u00f6nemi Ba\u015flad\u0131\" class=\"wp-image-59230\" title=\"\"><figcaption class=\"wp-element-caption\">Instagram DM&#8217;lerde &#8220;Mesaj D\u00fczenleme&#8221; D\u00f6nemi Ba\u015flad\u0131<\/figcaption><\/figure>\n\n\n\n<p>D\u00fczenleme i\u015flemlerinde ise d\u00fczenlenmek istenilen mesaj\u0131n \u00fczerine bas\u0131l\u0131 tutulmas\u0131 ve a\u00e7\u0131lacak men\u00fcden d\u00fczenle se\u00e7ene\u011finin se\u00e7ilmesi yeterli. B\u00f6ylece ilgili \u00f6zellik \u00fczerinden mesaj d\u00fczenlenebilecek. D\u00fczenleme yap\u0131lan mesajlar ise kar\u015f\u0131 tarafa mesaj\u0131n yan\u0131nda yer alan d\u00fczenleme etiketi ile g\u00f6sterilecek. B\u00f6ylece mesaj\u0131 alan kar\u015f\u0131 taraf da mesaj\u0131n d\u00fczenlendi\u011fini \u00f6\u011frenebilecek.<\/p>\n\n\n\n<h2 class=\"wp-block-heading\">Instagram\u2019a Yeni \u00d6zellikler Geldi<\/h2>\n\n\n\n<p>Instagram\u2019da mesaj d\u00fczenlemenin yan\u0131 s\u0131ra farkl\u0131 yenilikler de mevcut. \u00d6yle ki WhatsApp\u2019takine benzer bir \u015fekilde mesajla\u015fma ekran\u0131nda konu\u015fmalar\u0131n sabitlenmesi de yeni \u00f6zellikler aras\u0131nda. En \u00e7ok konu\u015ftu\u011funuz ya da \u00fcstte yer almas\u0131n\u0131 istedi\u011finiz sohbetler i\u00e7in sabitleme \u00f6zelli\u011fini kullanabilirsiniz. Bunun i\u00e7in de yine mesajla\u015fma \u00fczerine bas\u0131l\u0131 tutman\u0131z ve sabitle demeniz yeterli.<\/p>\n","protected":false},"excerpt":{"rendered":"<p>Instagram\u2019da \u00f6zel mesajlarda mesaj d\u00fczenleme d\u00f6nemi resmen ba\u015flad\u0131. Instagram konuyla ilgili resmi duyuruyu yapt\u0131. Instagram\u2019da \u00f6zel mesajlar en \u00e7ok kullan\u0131lan alanlardan birisi. \u015eimdi ise yeni \u00f6zellik ile \u00f6zel mesajlarda yepyeni bir d\u00f6nem ba\u015fl\u0131yor. Yap\u0131lan resmi a\u00e7\u0131klamaya g\u00f6re Instagram\u2019da g\u00f6nderilen \u00f6zel mesajlar i\u00e7in d\u00fczenleme imkan\u0131 sa\u011flanacak. B\u00f6ylece g\u00f6nderilen yanl\u0131\u015f mesajlar d\u00fczeltilebilecek. Instagram\u2019da Mesajlar Nas\u0131l D\u00fczenlenecek? Instagram\u2019da [&hellip;]<\/p>\n","protected":false},"author":6,"featured_media":59229,"comment_status":"open","ping_status":"closed","sticky":false,"template":"","format":"standard","meta":{"footnotes":""},"categories":[54],"tags":[113],"class_list":["post-59227","post","type-post","status-publish","format-standard","has-post-thumbnail","hentry","category-internet","tag-instagram"],"_links":{"self":[{"href":"https:\/\/www.indir.com\/haber\/wp-json\/wp\/v2\/posts\/59227","targetHints":{"allow":["GET"]}}],"collection":[{"href":"https:\/\/www.indir.com\/haber\/wp-json\/wp\/v2\/posts"}],"about":[{"href":"https:\/\/www.indir.com\/haber\/wp-json\/wp\/v2\/types\/post"}],"author":[{"embeddable":true,"href":"https:\/\/www.indir.com\/haber\/wp-json\/wp\/v2\/users\/6"}],"replies":[{"embeddable":true,"href":"https:\/\/www.indir.com\/haber\/wp-json\/wp\/v2\/comments?post=59227"}],"version-history":[{"count":0,"href":"https:\/\/www.indir.com\/haber\/wp-json\/wp\/v2\/posts\/59227\/revisions"}],"wp:featuredmedia":[{"embeddable":true,"href":"https:\/\/www.indir.com\/haber\/wp-json\/wp\/v2\/media\/59229"}],"wp:attachment":[{"href":"https:\/\/www.indir.com\/haber\/wp-json\/wp\/v2\/media?parent=59227"}],"wp:term":[{"taxonomy":"category","embeddable":true,"href":"https:\/\/www.indir.com\/haber\/wp-json\/wp\/v2\/categories?post=59227"},{"taxonomy":"post_tag","embeddable":true,"href":"https:\/\/www.indir.com\/haber\/wp-json\/wp\/v2\/tags?post=59227"}],"curies":[{"name":"wp","href":"https:\/\/api.w.org\/{rel}","templated":true}]}}