{"id":58184,"date":"2024-02-21T16:15:50","date_gmt":"2024-02-21T13:15:50","guid":{"rendered":"https:\/\/www.indir.com\/haber\/?p=58184"},"modified":"2024-02-21T16:15:54","modified_gmt":"2024-02-21T13:15:54","slug":"twitchte-bir-ilk-abonelik-ucretleri-artiyor","status":"publish","type":"post","link":"https:\/\/www.indir.com\/haber\/twitchte-bir-ilk-abonelik-ucretleri-artiyor\/","title":{"rendered":"Twitch\u2019te Bir \u0130lk: Abonelik \u00dccretleri Art\u0131yor!"},"content":{"rendered":"\n<p>Yay\u0131n hayat\u0131na ba\u015flad\u0131\u011f\u0131 g\u00fcnden beri abonelik \u00fccretlerinde de\u011fi\u015fiklik yapmayan Twitch\u2019te bir ilk ger\u00e7ekle\u015ftirilecek. \u00dccretler art\u0131yor!<\/p>\n\n\n\n<p>Twitch\u2019te yap\u0131lacak de\u011fi\u015fikliklerle ilgili resmi a\u00e7\u0131klama geldi. Yap\u0131lan a\u00e7\u0131klamalarda kanal abonelik \u00fccretlerinde art\u0131\u015f yap\u0131laca\u011f\u0131 a\u00e7\u0131kland\u0131. Bu karar\u0131n gerek\u00e7esinde ise i\u00e7erik \u00fcreticilerine daha fazla destek olunmas\u0131 ve platformdaki ihtiyac\u0131n kar\u015f\u0131lanmas\u0131 oldu\u011fu belirtildi. Bu durum her ne kadar Twitch yay\u0131nc\u0131lar\u0131 i\u00e7in daha fazla gelir elde edilece\u011fini ilk ba\u015fta d\u00fc\u015f\u00fcnd\u00fcrse de pratikte \u00e7ok farkl\u0131 bir durum ya\u015fanabilir. Zira artt\u0131r\u0131lan \u00fccretler nedeniyle aboneliklerde d\u00fc\u015f\u00fc\u015f ya\u015fanabilir.<\/p>\n\n\n\n<h2 class=\"wp-block-heading\">Amazon Mali Durumu Toparlamaya \u00c7al\u0131\u015f\u0131yor<\/h2>\n\n\n\n<p>Twitch\u2019in sahibi olan \u015firket Amazon\u2019da son d\u00f6nemlerde mali hareketlilik dikkat \u00e7ekiyordu. 500 ki\u015fi ile yollar\u0131n\u0131 ay\u0131ran ve yeni bir ekonomik plan\u0131 takip eden Amazon, \u015fimdi Twitch \u00fczerinden de bir de\u011fi\u015fiklik yapacak. Konu ile ilgili \u00e7ok fazla detay payla\u015f\u0131lmasa da a\u00e7\u0131klamalarda &#8220;Yay\u0131nc\u0131 gelirlerinin artan maliyetlerle ayak uydurabilmesi ve yerel para birimi dalgalanmalar\u0131n\u0131 yans\u0131tabilmesi i\u00e7in birka\u00e7 \u00fclkede fiyatlar\u0131 g\u00fcncelliyor&#8221; denildi. <\/p>\n\n\n\n<p>Twitch kanal abonelik \u00fccretlerinin artt\u0131r\u0131lmas\u0131 d\u00fcnya genelinde yap\u0131lacak bir \u00e7al\u0131\u015fma de\u011fil. \u00c7al\u0131\u015fmalar belirli \u00fclkelerde ba\u015flat\u0131lacak ve duruma g\u00f6re di\u011fer \u00fclkeler de programa al\u0131nacak. Ancak T\u00fcrkiye i\u00e7in k\u00f6t\u00fc bir haber var. Zira bu \u00fclkeler aras\u0131nda T\u00fcrkiye de var. Abonelik \u00fccretlerinin artaca\u011f\u0131 di\u011fer \u00fclkeler ise Kanada, \u0130ngiltere ve Avustralya.<\/p>\n\n\n\n<figure class=\"wp-block-image size-full\"><img loading=\"lazy\" decoding=\"async\" width=\"1600\" height=\"900\" src=\"https:\/\/www.indir.com\/haber\/wp-content\/uploads\/2024\/02\/twtich-2.jpg\" alt=\"Twitch\u2019te Bir \u0130lk: Abonelik \u00dccretleri Art\u0131yor!\" class=\"wp-image-58186\" title=\"\"><figcaption class=\"wp-element-caption\">Twitch\u2019te Bir \u0130lk: Abonelik \u00dccretleri Art\u0131yor!<\/figcaption><\/figure>\n\n\n\n<h2 class=\"wp-block-heading\">T\u00fcrkiye\u2019de Twitch Abonelik \u00dccretleri Ne Kadar Olacak?<\/h2>\n\n\n\n<p>Yeni d\u00f6nemde T\u00fcrkiye Twitch abonelik \u00fccretlerinde ciddi art\u0131\u015flar yap\u0131lacak. 3. seviyedeki abonelikte farklar 165 TL\u2019ye kadar \u00e7\u0131km\u0131\u015f durumda. Yap\u0131lacak de\u011fi\u015fiklikler \u015f\u00f6yle;<\/p>\n\n\n\n<figure class=\"wp-block-table\"><table><thead><tr><td colspan=\"3\">Twitch abonelik \u00fccretleri<\/td><td>&nbsp;<\/td><\/tr><tr><td><strong>&#8211;<\/strong><\/td><td><strong>Eski fiyat<\/strong><\/td><td><strong>Yeni fiyat<\/strong><\/td><td><strong>Fark<\/strong><\/td><\/tr><\/thead><tbody><tr><td>Kademe 1<\/td><td>9,90 TL<\/td><td>43,90 TL<\/td><td>34 TL<\/td><\/tr><tr><td>Kademe 2<\/td><td>19,99&nbsp;TL<\/td><td>87,90 TL<\/td><td>68 TL<\/td><\/tr><tr><td>Kademe 3<\/td><td>49,99 TL<\/td><td>215,90 TL<\/td><td>165,91 TL<\/td><\/tr><\/tbody><\/table><\/figure>\n\n\n\n<p>Tablodaki yeni fiyatlara bak\u0131ld\u0131\u011f\u0131nda kullan\u0131c\u0131lar\u0131n yeni d\u00f6nemde 34 TL\u2019den ba\u015flayan ve 165,91 TL\u2019ye kadar \u00e7\u0131kan farkl\u0131 kademelerdeki aboneliklerden birisini se\u00e7mesi gerekecek. Fiyatland\u0131rmalar\u0131n bu kadar y\u00fcksek olmas\u0131n\u0131n nedeni ise T\u00fcrkiye\u2019deki y\u00fcksek kur. Zira Dolar olarak belirlenen bu fiyatlarda 1. Seviye 1,42 dolar seviyelerinde. Yeni \u00fccretlendirmeler 28 Mart\u2019tan itibaren ge\u00e7erli olacak.<\/p>\n","protected":false},"excerpt":{"rendered":"<p>Yay\u0131n hayat\u0131na ba\u015flad\u0131\u011f\u0131 g\u00fcnden beri abonelik \u00fccretlerinde de\u011fi\u015fiklik yapmayan Twitch\u2019te bir ilk ger\u00e7ekle\u015ftirilecek. \u00dccretler art\u0131yor! Twitch\u2019te yap\u0131lacak de\u011fi\u015fikliklerle ilgili resmi a\u00e7\u0131klama geldi. Yap\u0131lan a\u00e7\u0131klamalarda kanal abonelik \u00fccretlerinde art\u0131\u015f yap\u0131laca\u011f\u0131 a\u00e7\u0131kland\u0131. Bu karar\u0131n gerek\u00e7esinde ise i\u00e7erik \u00fcreticilerine daha fazla destek olunmas\u0131 ve platformdaki ihtiyac\u0131n kar\u015f\u0131lanmas\u0131 oldu\u011fu belirtildi. Bu durum her ne kadar Twitch yay\u0131nc\u0131lar\u0131 i\u00e7in daha [&hellip;]<\/p>\n","protected":false},"author":6,"featured_media":58185,"comment_status":"open","ping_status":"closed","sticky":false,"template":"","format":"standard","meta":{"footnotes":""},"categories":[54],"tags":[131],"class_list":["post-58184","post","type-post","status-publish","format-standard","has-post-thumbnail","hentry","category-internet","tag-twitch"],"_links":{"self":[{"href":"https:\/\/www.indir.com\/haber\/wp-json\/wp\/v2\/posts\/58184","targetHints":{"allow":["GET"]}}],"collection":[{"href":"https:\/\/www.indir.com\/haber\/wp-json\/wp\/v2\/posts"}],"about":[{"href":"https:\/\/www.indir.com\/haber\/wp-json\/wp\/v2\/types\/post"}],"author":[{"embeddable":true,"href":"https:\/\/www.indir.com\/haber\/wp-json\/wp\/v2\/users\/6"}],"replies":[{"embeddable":true,"href":"https:\/\/www.indir.com\/haber\/wp-json\/wp\/v2\/comments?post=58184"}],"version-history":[{"count":0,"href":"https:\/\/www.indir.com\/haber\/wp-json\/wp\/v2\/posts\/58184\/revisions"}],"wp:featuredmedia":[{"embeddable":true,"href":"https:\/\/www.indir.com\/haber\/wp-json\/wp\/v2\/media\/58185"}],"wp:attachment":[{"href":"https:\/\/www.indir.com\/haber\/wp-json\/wp\/v2\/media?parent=58184"}],"wp:term":[{"taxonomy":"category","embeddable":true,"href":"https:\/\/www.indir.com\/haber\/wp-json\/wp\/v2\/categories?post=58184"},{"taxonomy":"post_tag","embeddable":true,"href":"https:\/\/www.indir.com\/haber\/wp-json\/wp\/v2\/tags?post=58184"}],"curies":[{"name":"wp","href":"https:\/\/api.w.org\/{rel}","templated":true}]}}