{"id":57945,"date":"2024-02-20T10:16:01","date_gmt":"2024-02-20T07:16:01","guid":{"rendered":"https:\/\/www.indir.com\/haber\/?p=57945"},"modified":"2024-02-20T10:16:06","modified_gmt":"2024-02-20T07:16:06","slug":"avrupa-birligi-tiktoku-radarina-aldi","status":"publish","type":"post","link":"https:\/\/www.indir.com\/haber\/avrupa-birligi-tiktoku-radarina-aldi\/","title":{"rendered":"Avrupa Birli\u011fi TikTok Platformunu Radar\u0131na Ald\u0131"},"content":{"rendered":"\n<p>Son d\u00f6nemde teknoloji \u015firketlerine g\u00f6z a\u00e7t\u0131rmayan Avrupa Birli\u011fi, bu sefer de TikTok hakk\u0131nda bir soru\u015fturmaya imza att\u0131. <\/p>\n\n\n\n<p>Yeni y\u00fcr\u00fcrl\u00fc\u011fe koydu\u011fu Dijital Hizmetler D\u00fczenlemesi gere\u011fince bir\u00e7ok sosyal medya platformunu denetim alt\u0131na alan birlik, TikTok\u2019un \u00e7ocuklar\u0131n gizlili\u011fini ve g\u00fcvenli\u011fini yeterince sa\u011flayamad\u0131\u011f\u0131 fikrine dikkat \u00e7ekti. Ayr\u0131ca TikTok sistemini bile isteye ba\u011f\u0131ml\u0131l\u0131k yap\u0131c\u0131 \u015fekilde tasarlayarak, kullan\u0131c\u0131lar\u0131n zihinsel fonksiyonlar\u0131na zarar vermekle su\u00e7lan\u0131yor.<\/p>\n\n\n\n<p>Kullan\u0131c\u0131lar\u0131; yalan haberlerden, gizli reklamlardan ve ki\u015fisel veri ihlallerinden koruyaca\u011f\u0131 s\u00f6ylenen Dijital Hizmetler D\u00fczenlemesi, halk\u0131 en \u00e7ok etkileyen 19 teknoloji \u015firketini hedef alm\u0131\u015f durumda. Avrupa Birli\u011fi kapsam\u0131nda getirilen d\u00fczenleme, TikTok i\u00e7in de tehlike \u00e7anlar\u0131 anlam\u0131 ta\u015f\u0131yor. Firmalar\u0131 olabildi\u011fince \u015feffafl\u0131\u011fa te\u015fvik eden bu kararlar, platformun k\u00fc\u00e7\u00fck ya\u015ftaki kullan\u0131c\u0131lar i\u00e7in daha hassas bir gizlilik se\u00e7ene\u011fi getirmesine zorunlu b\u0131rakabilir.<\/p>\n\n\n\n<figure class=\"wp-block-image size-full\"><img loading=\"lazy\" decoding=\"async\" width=\"1600\" height=\"900\" src=\"https:\/\/www.indir.com\/haber\/wp-content\/uploads\/2024\/02\/rypto-9.jpg\" alt=\"Avrupa Birli\u011fi TikTok\u2019u Yak\u0131n Takibe Ald\u0131\" class=\"wp-image-57949\" title=\"\"><figcaption class=\"wp-element-caption\">Avrupa Birli\u011fi TikTok\u2019u Yak\u0131n Takibe Ald\u0131<\/figcaption><\/figure>\n\n\n\n<h2 class=\"wp-block-heading\">TikTok \u0130\u00e7in Tehlike \u00c7anlar\u0131<\/h2>\n\n\n\n<p>Ayr\u0131yeten, \u015firketin tavsiye i\u00e7erik y\u00f6ntemini de \u00e7ocuklar\u0131 g\u00f6zeterek de\u011fi\u015ftirmesi gerekti\u011fini savunan Avrupa Birli\u011fi \u00fcyeleri, platformun mevcut haliyle b\u00fcy\u00fck bir ba\u011f\u0131ml\u0131l\u0131k yaratma potansiyeline sahip oldu\u011funu s\u00f6yledi. \u00d6zellikle yapay zeka teknolojileri ile birlikte daha da geli\u015fen \u00f6neri sistemleri, k\u00fc\u00e7\u00fck ya\u015ftaki bireylerin sosyal medya kullan\u0131m s\u00fcrelerini art\u0131ran bir fakt\u00f6r olarak \u00f6ne \u00e7\u0131k\u0131yor.<\/p>\n\n\n\n<p>Avrupa Birli\u011fi temsilcileri TikTok hakk\u0131nda yap\u0131lan soru\u015fturman\u0131n olduk\u00e7a uzun s\u00fcrebilece\u011fine dikkat \u00e7ekerken, platformun y\u00f6neticilerinin kendileriyle ne kadar i\u015fbirli\u011fi i\u00e7inde olurlarsa, olumlu bir sonu\u00e7 elde etme \u015fanslar\u0131n\u0131n o kadar y\u00fcksek oldu\u011funu belirtti. Ancak s\u00fcre\u00e7 sonucunda al\u0131nacak kararlar\u0131n kullan\u0131c\u0131lar\u0131n yarar\u0131na olup olmayaca\u011f\u0131 merak konusu.<\/p>\n","protected":false},"excerpt":{"rendered":"<p>Son d\u00f6nemde teknoloji \u015firketlerine g\u00f6z a\u00e7t\u0131rmayan Avrupa Birli\u011fi, bu sefer de TikTok hakk\u0131nda bir soru\u015fturmaya imza att\u0131. Yeni y\u00fcr\u00fcrl\u00fc\u011fe koydu\u011fu Dijital Hizmetler D\u00fczenlemesi gere\u011fince bir\u00e7ok sosyal medya platformunu denetim alt\u0131na alan birlik, TikTok\u2019un \u00e7ocuklar\u0131n gizlili\u011fini ve g\u00fcvenli\u011fini yeterince sa\u011flayamad\u0131\u011f\u0131 fikrine dikkat \u00e7ekti. Ayr\u0131ca TikTok sistemini bile isteye ba\u011f\u0131ml\u0131l\u0131k yap\u0131c\u0131 \u015fekilde tasarlayarak, kullan\u0131c\u0131lar\u0131n zihinsel fonksiyonlar\u0131na zarar [&hellip;]<\/p>\n","protected":false},"author":56,"featured_media":57946,"comment_status":"open","ping_status":"closed","sticky":false,"template":"","format":"standard","meta":{"footnotes":""},"categories":[54],"tags":[147],"class_list":["post-57945","post","type-post","status-publish","format-standard","has-post-thumbnail","hentry","category-internet","tag-tiktok"],"_links":{"self":[{"href":"https:\/\/www.indir.com\/haber\/wp-json\/wp\/v2\/posts\/57945","targetHints":{"allow":["GET"]}}],"collection":[{"href":"https:\/\/www.indir.com\/haber\/wp-json\/wp\/v2\/posts"}],"about":[{"href":"https:\/\/www.indir.com\/haber\/wp-json\/wp\/v2\/types\/post"}],"author":[{"embeddable":true,"href":"https:\/\/www.indir.com\/haber\/wp-json\/wp\/v2\/users\/56"}],"replies":[{"embeddable":true,"href":"https:\/\/www.indir.com\/haber\/wp-json\/wp\/v2\/comments?post=57945"}],"version-history":[{"count":0,"href":"https:\/\/www.indir.com\/haber\/wp-json\/wp\/v2\/posts\/57945\/revisions"}],"wp:featuredmedia":[{"embeddable":true,"href":"https:\/\/www.indir.com\/haber\/wp-json\/wp\/v2\/media\/57946"}],"wp:attachment":[{"href":"https:\/\/www.indir.com\/haber\/wp-json\/wp\/v2\/media?parent=57945"}],"wp:term":[{"taxonomy":"category","embeddable":true,"href":"https:\/\/www.indir.com\/haber\/wp-json\/wp\/v2\/categories?post=57945"},{"taxonomy":"post_tag","embeddable":true,"href":"https:\/\/www.indir.com\/haber\/wp-json\/wp\/v2\/tags?post=57945"}],"curies":[{"name":"wp","href":"https:\/\/api.w.org\/{rel}","templated":true}]}}