{"id":57578,"date":"2024-02-15T12:15:00","date_gmt":"2024-02-15T09:15:00","guid":{"rendered":"https:\/\/www.indir.com\/haber\/?p=57578"},"modified":"2024-02-15T11:51:21","modified_gmt":"2024-02-15T08:51:21","slug":"oppo-ve-vivo-katlanabilir-telefon-sektorunden-cekilecek-mi","status":"publish","type":"post","link":"https:\/\/www.indir.com\/haber\/oppo-ve-vivo-katlanabilir-telefon-sektorunden-cekilecek-mi\/","title":{"rendered":"OPPO ve Vivo Katlanabilir Telefon Sekt\u00f6r\u00fcnden \u00c7ekilecek mi?"},"content":{"rendered":"\n<p>OPPO ve Vivo ile ilgili son d\u00f6nemlerde katlanabilir telefon sekt\u00f6r\u00fcnden \u00e7ekilece\u011fine y\u00f6nelik iddialar gelmi\u015fti. Bu iddialara yeni a\u00e7\u0131klamalar geldi.<\/p>\n\n\n\n<p>Katlanabilir telefon sekt\u00f6r\u00fcnde markalar\u0131n rekabeti s\u00fcr\u00fcyor. Daha iyi modelleri piyasaya sunulabilmek isteyen markalar\u0131n yeni modelleri merak edilirken OPPO ve Vivo\u2019ya y\u00f6nelik farkl\u0131 iddialar konu\u015fuluyordu. \u00d6yle ki OPPO ve Vivo\u2019nun katlanabilir telefon sekt\u00f6r\u00fcnden \u00e7ekilece\u011fi konu\u015fulmaya ba\u015flanm\u0131\u015ft\u0131. Bu iddialar sekt\u00f6rde b\u00fcy\u00fck dikkat \u00e7ekerken konuyla ilgili yeni geli\u015fmeler ya\u015fand\u0131.<\/p>\n\n\n\n<h2 class=\"wp-block-heading\">OPPO ve Vivo \u0130ddialar\u0131 Yalan<\/h2>\n\n\n\n<p>\u0130ddialar\u0131n ard\u0131ndan firmaya yak\u0131n isimlerden a\u00e7\u0131klama geldi. A\u00e7\u0131klamalarda OPPO ve Vivo\u2019nun b\u00f6yle bir plan\u0131n\u0131n olmad\u0131\u011f\u0131 a\u00e7\u0131kland\u0131. BBK \u00e7at\u0131s\u0131 alt\u0131nda hizmet veren \u015firketlerin gelecek planlar\u0131nda b\u00f6yle bir durum s\u00f6z konusu olmad\u0131\u011f\u0131 gibi daha iddial\u0131 modellerin haz\u0131rland\u0131\u011f\u0131 ifade edildi. Bu yeni geli\u015fmeler, iddialar\u0131n yalan oldu\u011funu net olarak ortaya koydu. \u00a0BBK ile ilgili yap\u0131lan a\u00e7\u0131klamalarda OPPO ve Vivo\u2019nun \u00fcst segment modellerinde daha iddial\u0131 modeller i\u00e7in y\u00fcksek AR-Ge harcamalar\u0131 yapt\u0131\u011f\u0131 da ifade edildi.<\/p>\n\n\n\n<figure class=\"wp-block-image size-full\"><img loading=\"lazy\" decoding=\"async\" width=\"1600\" height=\"900\" src=\"https:\/\/www.indir.com\/haber\/wp-content\/uploads\/2024\/02\/oppo-1-1.jpg\" alt=\"OPPO ve Vivo Katlanabilir Telefon Sekt\u00f6r\u00fcnden \u00c7ekilecek mi?\" class=\"wp-image-57580\" title=\"\"><figcaption class=\"wp-element-caption\">OPPO ve Vivo Katlanabilir Telefon Sekt\u00f6r\u00fcnden \u00c7ekilecek mi?<\/figcaption><\/figure>\n\n\n\n<h2 class=\"wp-block-heading\">OPPO ve Vivo Katlanabilir ve Normal Modeller \u00dcretecek<\/h2>\n\n\n\n<p>OPPO ve Vivo\u2019nun gelecek planlar\u0131na y\u00f6nelik yeni bilgiler de g\u00fcndeme geldi. \u0130ddialara g\u00f6re Vivo, katlanabilir modellerinin yan\u0131nda V30 Pro ad\u0131n\u0131 verdi\u011fi yeni modelini tan\u0131tacak. T\u00fcrkiye pazar\u0131nda da yer alacak yeni modelde Dimensity 8200 i\u015flemci, 5000 mAh batarya, 6.78 in\u00e7 120 Hz AMOLED ekran, 50 MP selfie kameras\u0131 \u00f6zellikler yer alacak. 80W h\u0131zl\u0131 \u015farj ile desteklenecek model, \u00f6nceki serilere g\u00f6re daha h\u0131zl\u0131 \u015farj s\u00fcreleriyle dikkat \u00e7ekecek. \u00dcstelik kavisli yap\u0131s\u0131 ile premium bir g\u00f6r\u00fcn\u00fcm sunacak olan yeni model Vivo\u2019nun bu alanda konu\u015fulmas\u0131n\u0131 sa\u011flayacak.<\/p>\n\n\n\n<p>OPPO ve Vivo\u2019nun katlanabilir alandaki yeni planlar\u0131na dair hi\u00e7bir detay payla\u015f\u0131lmad\u0131. Ancak \u00f6n\u00fcm\u00fczdeki aylarda yeni modellere dair ilk bilgilerin g\u00fcndeme gelmesi bekleniyor.<\/p>\n","protected":false},"excerpt":{"rendered":"<p>OPPO ve Vivo ile ilgili son d\u00f6nemlerde katlanabilir telefon sekt\u00f6r\u00fcnden \u00e7ekilece\u011fine y\u00f6nelik iddialar gelmi\u015fti. Bu iddialara yeni a\u00e7\u0131klamalar geldi. Katlanabilir telefon sekt\u00f6r\u00fcnde markalar\u0131n rekabeti s\u00fcr\u00fcyor. Daha iyi modelleri piyasaya sunulabilmek isteyen markalar\u0131n yeni modelleri merak edilirken OPPO ve Vivo\u2019ya y\u00f6nelik farkl\u0131 iddialar konu\u015fuluyordu. \u00d6yle ki OPPO ve Vivo\u2019nun katlanabilir telefon sekt\u00f6r\u00fcnden \u00e7ekilece\u011fi konu\u015fulmaya ba\u015flanm\u0131\u015ft\u0131. Bu [&hellip;]<\/p>\n","protected":false},"author":6,"featured_media":57579,"comment_status":"open","ping_status":"closed","sticky":false,"template":"","format":"standard","meta":{"footnotes":""},"categories":[46],"tags":[215,177],"class_list":["post-57578","post","type-post","status-publish","format-standard","has-post-thumbnail","hentry","category-mobil","tag-oppo","tag-vivo"],"_links":{"self":[{"href":"https:\/\/www.indir.com\/haber\/wp-json\/wp\/v2\/posts\/57578","targetHints":{"allow":["GET"]}}],"collection":[{"href":"https:\/\/www.indir.com\/haber\/wp-json\/wp\/v2\/posts"}],"about":[{"href":"https:\/\/www.indir.com\/haber\/wp-json\/wp\/v2\/types\/post"}],"author":[{"embeddable":true,"href":"https:\/\/www.indir.com\/haber\/wp-json\/wp\/v2\/users\/6"}],"replies":[{"embeddable":true,"href":"https:\/\/www.indir.com\/haber\/wp-json\/wp\/v2\/comments?post=57578"}],"version-history":[{"count":0,"href":"https:\/\/www.indir.com\/haber\/wp-json\/wp\/v2\/posts\/57578\/revisions"}],"wp:featuredmedia":[{"embeddable":true,"href":"https:\/\/www.indir.com\/haber\/wp-json\/wp\/v2\/media\/57579"}],"wp:attachment":[{"href":"https:\/\/www.indir.com\/haber\/wp-json\/wp\/v2\/media?parent=57578"}],"wp:term":[{"taxonomy":"category","embeddable":true,"href":"https:\/\/www.indir.com\/haber\/wp-json\/wp\/v2\/categories?post=57578"},{"taxonomy":"post_tag","embeddable":true,"href":"https:\/\/www.indir.com\/haber\/wp-json\/wp\/v2\/tags?post=57578"}],"curies":[{"name":"wp","href":"https:\/\/api.w.org\/{rel}","templated":true}]}}