{"id":57531,"date":"2024-02-14T19:00:00","date_gmt":"2024-02-14T16:00:00","guid":{"rendered":"https:\/\/www.indir.com\/haber\/?p=57531"},"modified":"2024-02-14T16:41:50","modified_gmt":"2024-02-14T13:41:50","slug":"turkiyenin-internet-abone-raporu-aciklandi","status":"publish","type":"post","link":"https:\/\/www.indir.com\/haber\/turkiyenin-internet-abone-raporu-aciklandi\/","title":{"rendered":"T\u00fcrkiye&#8217;nin \u0130nternet Abone Raporu A\u00e7\u0131kland\u0131! Zirve De\u011fi\u015fmedi"},"content":{"rendered":"\n<p>BTK taraf\u0131ndan yay\u0131nlanan yeni rapor ile T\u00fcrkiye\u2019deki internet abone say\u0131s\u0131 ve faaliyet g\u00f6steren \u015firketlerin ald\u0131\u011f\u0131 paylar ortaya \u00e7\u0131kt\u0131. \u0130\u015fte rapordan dikkat \u00e7ekenler\u2026<\/p>\n\n\n\n<p>Bilgi Teknolojileri ve \u0130leti\u015fim Kurumu (BTK), 2023 y\u0131l\u0131n\u0131n 3. \u00e7eyre\u011fi itibariyle pazar raporunu payla\u015ft\u0131. Payla\u015f\u0131lan raporda T\u00fcrkiye\u2019deki internet abonesi say\u0131s\u0131n\u0131n art\u0131\u015f\u0131n\u0131 s\u00fcrd\u00fcrd\u00fc\u011f\u00fc ve yap\u0131lan son g\u00fcncellemeler ile abone say\u0131s\u0131n\u0131n 94.3 milyona y\u00fckseldi\u011fi ifade edildi. Bir \u00f6nceki d\u00f6neme g\u00f6re y\u00fczde 3,2 oran\u0131nda artan bu rakam, art\u0131\u015f trendinin devam etti\u011fini g\u00f6sterdi. \u0130nternet abonelerinin sabit ve mobil olmak \u00fczere ayr\u0131m\u0131nda ise da\u011f\u0131l\u0131m \u015f\u00f6yle oldu;<\/p>\n\n\n\n<ul class=\"wp-block-list\">\n<li>19.5 milyon sabit internet abonesi<\/li>\n\n\n\n<li>74.8 milyon mobil internet abonesi<\/li>\n<\/ul>\n\n\n\n<p>T\u00fcrkiye\u2019de 19.5 milyon sabit internet abonesinin kulland\u0131\u011f\u0131 internet t\u00fcr\u00fcnde ise fiber y\u00fckseli\u015fe ge\u00e7mi\u015f durumda. Resmi rapora g\u00f6re internet ba\u011flant\u0131s\u0131ndaki \u00e7e\u015fitlilik \u015f\u00f6yle;<\/p>\n\n\n\n<ul class=\"wp-block-list\">\n<li>10.9 milyon abone xDSL<\/li>\n\n\n\n<li>6.5 milyon abone fiber<\/li>\n\n\n\n<li>1.44 milyon kablo internet<\/li>\n<\/ul>\n\n\n\n<p>Fiber altyap\u0131 kapsama alan\u0131 geni\u015fledik\u00e7e abone say\u0131s\u0131nda art\u0131\u015f kaydediliyor. \u00d6yle ki fiber abone say\u0131s\u0131nda bir \u00f6nceki rapoara g\u00f6re y\u00fczde 19,6 oran\u0131nda art\u0131\u015f kaydedildi. Ayn\u0131 d\u00f6nemde xDSL abone say\u0131s\u0131 ise tam ters bir e\u011filim g\u00f6sterdi ve y\u00fczde 3,5 oran\u0131nda d\u00fc\u015f\u00fc\u015f kaydedildi.<\/p>\n\n\n\n<figure class=\"wp-block-image size-full\"><img loading=\"lazy\" decoding=\"async\" width=\"1600\" height=\"900\" src=\"https:\/\/www.indir.com\/haber\/wp-content\/uploads\/2024\/02\/internet-2.jpg\" alt=\"T\u00fcrkiye&#039;nin \u0130nternet Abone Raporu A\u00e7\u0131kland\u0131! Zirve De\u011fi\u015fmedi\" class=\"wp-image-57533\" title=\"\"><figcaption class=\"wp-element-caption\">T\u00fcrkiye&#8217;nin \u0130nternet Abone Raporu A\u00e7\u0131kland\u0131! Zirve De\u011fi\u015fmedi<\/figcaption><\/figure>\n\n\n\n<h2 class=\"wp-block-heading\">Abone Say\u0131lar\u0131nda TTNet Zirvede<\/h2>\n\n\n\n<p>Abonelerin internet servis sa\u011flay\u0131c\u0131lar\u0131 tercihlerinde ise zirvedeki isim de\u011fi\u015fmedi. Pazarda y\u00fczde 56,5 oran\u0131nda pay alan TTNet, bu alandaki rakiplerini fark ile ge\u00e7ti. \u0130kinci s\u0131rada ise Superonline yer ald\u0131 ve Superonline pay\u0131n\u0131 y\u00fczde 15\u2019e y\u00fckseltti. Vodafone Net y\u00fczde 7,1, Turksat y\u00fczde 6,5 ve Turknet y\u00fczde 4,7 oran\u0131ndaki paylar\u0131 ile pazarda yer ald\u0131.<\/p>\n\n\n\n<p>Ayn\u0131 raporda yer alan ve dikkat \u00e7eken di\u011fer veriler ise \u015f\u00f6yle;<\/p>\n\n\n\n<ul class=\"wp-block-list\">\n<li>Mobil abone say\u0131s\u0131 92,8 milyona y\u00fckseldi.<\/li>\n\n\n\n<li>4.5G Abone say\u0131s\u0131 85.4 milyona y\u00fckseldi.<\/li>\n\n\n\n<li>Aktif olarak 4.5G kullanan abone say\u0131s\u0131 69.5 milyon oldu.<\/li>\n\n\n\n<li>Operat\u00f6rler aras\u0131nda Turkcell 38.23 milyon abone ile birinci durumda.<\/li>\n<\/ul>\n","protected":false},"excerpt":{"rendered":"<p>BTK taraf\u0131ndan yay\u0131nlanan yeni rapor ile T\u00fcrkiye\u2019deki internet abone say\u0131s\u0131 ve faaliyet g\u00f6steren \u015firketlerin ald\u0131\u011f\u0131 paylar ortaya \u00e7\u0131kt\u0131. \u0130\u015fte rapordan dikkat \u00e7ekenler\u2026 Bilgi Teknolojileri ve \u0130leti\u015fim Kurumu (BTK), 2023 y\u0131l\u0131n\u0131n 3. \u00e7eyre\u011fi itibariyle pazar raporunu payla\u015ft\u0131. Payla\u015f\u0131lan raporda T\u00fcrkiye\u2019deki internet abonesi say\u0131s\u0131n\u0131n art\u0131\u015f\u0131n\u0131 s\u00fcrd\u00fcrd\u00fc\u011f\u00fc ve yap\u0131lan son g\u00fcncellemeler ile abone say\u0131s\u0131n\u0131n 94.3 milyona y\u00fckseldi\u011fi ifade [&hellip;]<\/p>\n","protected":false},"author":6,"featured_media":57532,"comment_status":"open","ping_status":"closed","sticky":false,"template":"","format":"standard","meta":{"footnotes":""},"categories":[54],"tags":[8387,71,9308],"class_list":["post-57531","post","type-post","status-publish","format-standard","has-post-thumbnail","hentry","category-internet","tag-abone","tag-internet","tag-ttnet"],"_links":{"self":[{"href":"https:\/\/www.indir.com\/haber\/wp-json\/wp\/v2\/posts\/57531","targetHints":{"allow":["GET"]}}],"collection":[{"href":"https:\/\/www.indir.com\/haber\/wp-json\/wp\/v2\/posts"}],"about":[{"href":"https:\/\/www.indir.com\/haber\/wp-json\/wp\/v2\/types\/post"}],"author":[{"embeddable":true,"href":"https:\/\/www.indir.com\/haber\/wp-json\/wp\/v2\/users\/6"}],"replies":[{"embeddable":true,"href":"https:\/\/www.indir.com\/haber\/wp-json\/wp\/v2\/comments?post=57531"}],"version-history":[{"count":0,"href":"https:\/\/www.indir.com\/haber\/wp-json\/wp\/v2\/posts\/57531\/revisions"}],"wp:featuredmedia":[{"embeddable":true,"href":"https:\/\/www.indir.com\/haber\/wp-json\/wp\/v2\/media\/57532"}],"wp:attachment":[{"href":"https:\/\/www.indir.com\/haber\/wp-json\/wp\/v2\/media?parent=57531"}],"wp:term":[{"taxonomy":"category","embeddable":true,"href":"https:\/\/www.indir.com\/haber\/wp-json\/wp\/v2\/categories?post=57531"},{"taxonomy":"post_tag","embeddable":true,"href":"https:\/\/www.indir.com\/haber\/wp-json\/wp\/v2\/tags?post=57531"}],"curies":[{"name":"wp","href":"https:\/\/api.w.org\/{rel}","templated":true}]}}