{"id":57191,"date":"2024-02-09T20:30:00","date_gmt":"2024-02-09T17:30:00","guid":{"rendered":"https:\/\/www.indir.com\/haber\/?p=57191"},"modified":"2024-02-09T17:18:31","modified_gmt":"2024-02-09T14:18:31","slug":"ios-17-3-1-yinelenen-metin-ve-bazi-hatalari-ortadan-kaldiriyor","status":"publish","type":"post","link":"https:\/\/www.indir.com\/haber\/ios-17-3-1-yinelenen-metin-ve-bazi-hatalari-ortadan-kaldiriyor\/","title":{"rendered":"iOS 17.3.1 Yinelenen Metin ve Baz\u0131 Hatalar\u0131 Ortadan Kald\u0131r\u0131yor"},"content":{"rendered":"\n<p>iOS 17.3.1 s\u00fcr\u00fcm g\u00fcncellemesi yay\u0131nland\u0131. iOS 17.3\u2019\u00fcn hemen ard\u0131ndan gelen yeni g\u00fcncelleme ya\u015fanan sorunlar\u0131 ortadan kald\u0131r\u0131yor.<\/p>\n\n\n\n<p>Apple, d\u00fcn yeni bir g\u00fcncellemeye imza att\u0131. iOS 17.3.1 olarak isimlendirilen yeni g\u00fcncelleme bir \u00f6nceki g\u00fcncellemeyle ortaya \u00e7\u0131kan hatalar\u0131 gidermeyi hedefliyor. S\u00fcr\u00fcm notlar\u0131nda yer alan bilgilerde en dikkat \u00e7eken detay yenilenen metin sorununun giderilmesi oldu. Kullan\u0131c\u0131lar yeni s\u00fcr\u00fcmde yaz\u0131 yazarken beklenmedik bir \u015fekilde metinlerin birbirine ge\u00e7mesi ya da yaz\u0131lan metinlerin tekrarlanmas\u0131 gibi sorunlar yeni s\u00fcr\u00fcmle birlikte d\u00fczeltildi. \u00a0Yeni g\u00fcncellemede Apple, ya\u015fanan hatalar\u0131 h\u0131zl\u0131 \u015fekilde \u00e7\u00f6zmek ad\u0131na g\u00fcncelleme yoluna gitti. Bu nedenle iOS 17.3.1\u2019de herhangi bir g\u00fcvenlik g\u00fcncellemesi ya da yamas\u0131 bulunmuyor. Zira Apple b\u00fcy\u00fck iOS 17.4 g\u00fcncellemesi \u00fczerinde \u00e7al\u0131\u015f\u0131yor.<\/p>\n\n\n\n<figure class=\"wp-block-image size-full\"><img loading=\"lazy\" decoding=\"async\" width=\"1600\" height=\"900\" src=\"https:\/\/www.indir.com\/haber\/wp-content\/uploads\/2024\/02\/ios-17-1-1.jpg\" alt=\"iOS 17.3.1 Yinelenen Metin ve Baz\u0131 Hatalar\u0131 Ortadan Kald\u0131r\u0131yor\" class=\"wp-image-57193\" title=\"\"><figcaption class=\"wp-element-caption\">iOS 17.3.1 Yinelenen Metin ve Baz\u0131 Hatalar\u0131 Ortadan Kald\u0131r\u0131yor<\/figcaption><\/figure>\n\n\n\n<h2 class=\"wp-block-heading\">iOS 17.4 \u00c7al\u0131\u015fmalar\u0131 S\u00fcr\u00fcyor<\/h2>\n\n\n\n<p>daha \u00f6nce de belirtti\u011fimiz gibi \u015fubat sonunda ya da mart ba\u015f\u0131nda iOS 17.4 piyasaya sunulacak. Emojiler ve Avrupa Birli\u011fi kurallar\u0131n\u0131n ge\u00e7erli olaca\u011f\u0131 yeni App Store gibi kapsaml\u0131 de\u011fi\u015fiklikler iOS 17.4 s\u00fcr\u00fcm\u00fcnde yer alacak.<\/p>\n\n\n\n<h3 class=\"wp-block-heading\">iOS 17.3.1 Nas\u0131l Y\u00fcklenir?<\/h3>\n\n\n\n<p>iOS 17.3.1 g\u00fcncellemesini alarak mevcut hatalar\u0131 gidermek istiyorsan\u0131z a\u015fa\u011f\u0131daki ad\u0131mlar\u0131 takip etmelisiniz.<\/p>\n\n\n\n<ul class=\"wp-block-list\">\n<li>Ayarlar\u0131 a\u00e7\u0131n.<\/li>\n\n\n\n<li>Genel&#8217;e dokunun.<\/li>\n\n\n\n<li>Yaz\u0131l\u0131m G\u00fcncelleme&#8217;ye dokunun.<\/li>\n\n\n\n<li>G\u00fcncelleme cihaz\u0131n\u0131za geldiyse g\u00fcncelleme detaylar\u0131 ekranda yer alacakt\u0131r.<\/li>\n\n\n\n<li>\u0130ndir ve Y\u00fckle&#8217;ye dokunun.<\/li>\n\n\n\n<li>\u015eifrenizi girmeniz istenecektir.<\/li>\n\n\n\n<li>\u015eifreyi girerek kurulumu tamamlayabilirsiniz.<\/li>\n<\/ul>\n\n\n\n<p>G\u00fcncelleme sonras\u0131nda iPhone&#8217;unuz yeniden ba\u015flat\u0131lacakt\u0131r. Telefon kullan\u0131ma a\u00e7\u0131ld\u0131\u011f\u0131nda iOS 17.3.1 kullanmaya ba\u015flayabilirsiniz.<\/p>\n","protected":false},"excerpt":{"rendered":"<p>iOS 17.3.1 s\u00fcr\u00fcm g\u00fcncellemesi yay\u0131nland\u0131. iOS 17.3\u2019\u00fcn hemen ard\u0131ndan gelen yeni g\u00fcncelleme ya\u015fanan sorunlar\u0131 ortadan kald\u0131r\u0131yor. Apple, d\u00fcn yeni bir g\u00fcncellemeye imza att\u0131. iOS 17.3.1 olarak isimlendirilen yeni g\u00fcncelleme bir \u00f6nceki g\u00fcncellemeyle ortaya \u00e7\u0131kan hatalar\u0131 gidermeyi hedefliyor. S\u00fcr\u00fcm notlar\u0131nda yer alan bilgilerde en dikkat \u00e7eken detay yenilenen metin sorununun giderilmesi oldu. Kullan\u0131c\u0131lar yeni s\u00fcr\u00fcmde yaz\u0131 [&hellip;]<\/p>\n","protected":false},"author":6,"featured_media":57192,"comment_status":"open","ping_status":"closed","sticky":false,"template":"","format":"standard","meta":{"footnotes":""},"categories":[46],"tags":[104,8956,9285],"class_list":["post-57191","post","type-post","status-publish","format-standard","has-post-thumbnail","hentry","category-mobil","tag-apple","tag-ios-17","tag-ios-17-3-1"],"_links":{"self":[{"href":"https:\/\/www.indir.com\/haber\/wp-json\/wp\/v2\/posts\/57191","targetHints":{"allow":["GET"]}}],"collection":[{"href":"https:\/\/www.indir.com\/haber\/wp-json\/wp\/v2\/posts"}],"about":[{"href":"https:\/\/www.indir.com\/haber\/wp-json\/wp\/v2\/types\/post"}],"author":[{"embeddable":true,"href":"https:\/\/www.indir.com\/haber\/wp-json\/wp\/v2\/users\/6"}],"replies":[{"embeddable":true,"href":"https:\/\/www.indir.com\/haber\/wp-json\/wp\/v2\/comments?post=57191"}],"version-history":[{"count":0,"href":"https:\/\/www.indir.com\/haber\/wp-json\/wp\/v2\/posts\/57191\/revisions"}],"wp:featuredmedia":[{"embeddable":true,"href":"https:\/\/www.indir.com\/haber\/wp-json\/wp\/v2\/media\/57192"}],"wp:attachment":[{"href":"https:\/\/www.indir.com\/haber\/wp-json\/wp\/v2\/media?parent=57191"}],"wp:term":[{"taxonomy":"category","embeddable":true,"href":"https:\/\/www.indir.com\/haber\/wp-json\/wp\/v2\/categories?post=57191"},{"taxonomy":"post_tag","embeddable":true,"href":"https:\/\/www.indir.com\/haber\/wp-json\/wp\/v2\/tags?post=57191"}],"curies":[{"name":"wp","href":"https:\/\/api.w.org\/{rel}","templated":true}]}}