{"id":5711,"date":"2021-10-01T11:21:00","date_gmt":"2021-10-01T08:21:00","guid":{"rendered":"https:\/\/www.indir.com\/haber\/?p=5711"},"modified":"2021-11-01T11:22:02","modified_gmt":"2021-11-01T08:22:02","slug":"faceapp-guvenilir-mi","status":"publish","type":"post","link":"https:\/\/www.indir.com\/haber\/faceapp-guvenilir-mi\/","title":{"rendered":"Faceapp g\u00fcvenilir mi?"},"content":{"rendered":"\n<p>Bir d\u00f6nemin en pop\u00fcler uygulamas\u0131 olan&nbsp;FaceApp, uygulamas\u0131 kullan\u0131m\u0131 ve uygulamadan elde edilen ya\u015flanma resim payla\u015f\u0131mlar\u0131 da olduk\u00e7a pop\u00fcler bir hale geldi. S\u00f6z konusu bu uygulama asl\u0131nda bir ka\u00e7 y\u0131l \u00f6nce kullan\u0131ma sunuldu ve sunuldu\u011fu anda da olduk\u00e7a pop\u00fcler bir hal ald\u0131. Uygulama \u00f6zellikle ya\u015fland\u0131rma \u00f6zelli\u011fiyle pop\u00fcler oldu. Asl\u0131nda gen\u00e7le\u015ftirme ve daha fazla \u00f6zelik sunan bir uygulama olan&nbsp;FaceApp, k\u0131sa s\u00fcre i\u00e7erisinde pop\u00fclerlik elde etti ve halen de kullan\u0131lmaya devam ediyor.&nbsp;Uygulaman\u0131n pop\u00fcler olmas\u0131yla birlikte&nbsp;FaceApp uygulamas\u0131 g\u00fcvenli midir ve Gizlilik sorunlar\u0131 var m\u0131d\u0131r?&nbsp;sorular\u0131n\u0131 akla getirmektedir.<\/p>\n\n\n\n<h2 class=\"wp-block-heading\">FaceApp Gizlilik<\/h2>\n\n\n\n<p>\u0130nternet \u00fczerinde yap\u0131lan t\u00fcm i\u015flemler de elbette ki risk vard\u0131r. Y\u00fczde y\u00fcz g\u00fcvenli olan bir \u015fey maalesef ki bulunmuyor. Fakat \u015f\u00f6yle de bir durum var ki g\u00fcn\u00fcm\u00fczde internet kullanmamak gibi bir durum s\u00f6z konusu de\u011fildir. Ancak bu t\u00fcr uygulamalar\u0131 kullan\u0131rken dikkatli hareket ederek riskleri azaltmak m\u00fcmk\u00fcnd\u00fcr. Hem Android hem de iOS cihaz\u0131n\u0131za indirerek kullanabilece\u011finiz\u00a0FaceApp uygulamas\u0131, \u00e7e\u015fitli \u00f6zellikleriyle pop\u00fcler olmay\u0131 ba\u015fard\u0131. Uygulamay\u0131 indirirken sahte olan uygulamalar\u0131 indirmemeye \u00f6zen g\u00f6stermeniz gerekir. Son zamanlarda\u00a0FaceApp ile ilgili gizlilikle ilgili olarak uygulama insanlar\u0131n foto\u011fraflar\u0131n\u0131 kendi bulut depolama sistemine depolamaktad\u0131r \u015feklinde s\u00f6ylentiler ortaya \u00e7\u0131kt\u0131. Bunun izni siz uygulamay\u0131 daha ilk kurdu\u011funuzda al\u0131n\u0131yor.\u00a0<\/p>\n\n\n\n<figure class=\"wp-block-image\"><img decoding=\"async\" src=\"https:\/\/cdn.imza.com\/indirv2\/img\/18-1594299773.jpg\" alt=\"\" title=\"\"><\/figure>\n\n\n\n<p>FaceApp uygulamas\u0131n\u0131n \u00e7\u0131k\u0131\u015f yerinin Rusya olmas\u0131 insanlar \u00fczerindeki gizlilik endi\u015felerini daha da art\u0131r\u0131yor. Uygulaman\u0131n g\u00fcvenli\u011fiyle ilgili olarak bu durum s\u00f6z konusu de\u011fildir.&nbsp;Sorun verilerinizin bilmedi\u011finiz bir \u015firket taraf\u0131nda kullan\u0131lmas\u0131 ihtimalidir.&nbsp; Verilerinizin \u00fc\u00e7\u00fcnc\u00fc \u015fah\u0131slar taraf\u0131ndan \u00e7alma ihtimali pek siz konus de\u011fildir. \u00dc\u00e7\u00fcnc\u00fc taraflara ili\u015fkin alaca\u011f\u0131n\u0131z en iyi tedbir sahte uygulama y\u00fcklemedi\u011finizden emin olmakt\u0131r.<\/p>\n\n\n\n<h3 class=\"wp-block-heading\">FaceApp\u2019i indirmeliyim?<\/h3>\n\n\n\n<p>FaceApp\u2019\u0131 indirip indirmemek tamamen size ba\u011fl\u0131d\u0131r. Evet, gizlilik riskleri her uygulamada ve \u0130nternet d\u00fcnyas\u0131nda oldu\u011fu gibi FaceApp uygulamas\u0131nda da vard\u0131r. Ancak dedi\u011fimiz gibi bu gizlilik bilgilileri uygulama \u015firketinde yer al\u0131r, \u00fc\u00e7\u00fcnc\u00fc taraf ki\u015filere ili\u015fkin gizlilik sorunu yoktur. Bu a\u015famada&nbsp;sahte uygulamalara&nbsp;kar\u015f\u0131n sizlerin dikkatli olmas\u0131 gerekir. Kullan\u0131m\u0131 son derece kolay olan&nbsp;FaceApp uygulamas\u0131, sosyal medya platformlar\u0131nda payla\u015fmak \u00fczere size \u00e7e\u015fitli foto\u011fraflar haz\u0131rlaman\u0131z\u0131 sa\u011flar. Uygulamay\u0131 indirmek i\u00e7in herhangi bir \u00fccret \u00f6demedi\u011finiz gibi sunulan i\u00e7eriklerden de faydalanabilirsiniz.<\/p>\n","protected":false},"excerpt":{"rendered":"<p>Bir d\u00f6nemin en pop\u00fcler uygulamas\u0131 olan&nbsp;FaceApp, uygulamas\u0131 kullan\u0131m\u0131 ve uygulamadan elde edilen ya\u015flanma resim payla\u015f\u0131mlar\u0131 da olduk\u00e7a pop\u00fcler bir hale geldi. S\u00f6z konusu bu uygulama asl\u0131nda bir ka\u00e7 y\u0131l \u00f6nce kullan\u0131ma sunuldu ve sunuldu\u011fu anda da olduk\u00e7a pop\u00fcler bir hal ald\u0131. Uygulama \u00f6zellikle ya\u015fland\u0131rma \u00f6zelli\u011fiyle pop\u00fcler oldu. Asl\u0131nda gen\u00e7le\u015ftirme ve daha fazla \u00f6zelik sunan bir [&hellip;]<\/p>\n","protected":false},"author":1,"featured_media":5712,"comment_status":"open","ping_status":"closed","sticky":false,"template":"","format":"standard","meta":{"footnotes":""},"categories":[60,61,46,1],"tags":[1008],"class_list":["post-5711","post","type-post","status-publish","format-standard","has-post-thumbnail","hentry","category-android","category-ios","category-mobil","category-teknoloji","tag-faceapp"],"_links":{"self":[{"href":"https:\/\/www.indir.com\/haber\/wp-json\/wp\/v2\/posts\/5711","targetHints":{"allow":["GET"]}}],"collection":[{"href":"https:\/\/www.indir.com\/haber\/wp-json\/wp\/v2\/posts"}],"about":[{"href":"https:\/\/www.indir.com\/haber\/wp-json\/wp\/v2\/types\/post"}],"author":[{"embeddable":true,"href":"https:\/\/www.indir.com\/haber\/wp-json\/wp\/v2\/users\/1"}],"replies":[{"embeddable":true,"href":"https:\/\/www.indir.com\/haber\/wp-json\/wp\/v2\/comments?post=5711"}],"version-history":[{"count":0,"href":"https:\/\/www.indir.com\/haber\/wp-json\/wp\/v2\/posts\/5711\/revisions"}],"wp:featuredmedia":[{"embeddable":true,"href":"https:\/\/www.indir.com\/haber\/wp-json\/wp\/v2\/media\/5712"}],"wp:attachment":[{"href":"https:\/\/www.indir.com\/haber\/wp-json\/wp\/v2\/media?parent=5711"}],"wp:term":[{"taxonomy":"category","embeddable":true,"href":"https:\/\/www.indir.com\/haber\/wp-json\/wp\/v2\/categories?post=5711"},{"taxonomy":"post_tag","embeddable":true,"href":"https:\/\/www.indir.com\/haber\/wp-json\/wp\/v2\/tags?post=5711"}],"curies":[{"name":"wp","href":"https:\/\/api.w.org\/{rel}","templated":true}]}}