{"id":56968,"date":"2024-02-08T10:45:04","date_gmt":"2024-02-08T07:45:04","guid":{"rendered":"https:\/\/www.indir.com\/haber\/?p=56968"},"modified":"2024-02-08T10:45:09","modified_gmt":"2024-02-08T07:45:09","slug":"iphone-16-ile-bataryalar-degisiyor","status":"publish","type":"post","link":"https:\/\/www.indir.com\/haber\/iphone-16-ile-bataryalar-degisiyor\/","title":{"rendered":"iPhone 16 ile Bataryalar De\u011fi\u015fiyor"},"content":{"rendered":"\n<p>iPhone 16 serisine y\u00f6nelik gelen yeni bilgilerde batarya konusunda radikal kararlar al\u0131nd\u0131\u011f\u0131 ifade edildi. \u0130\u015fte konuyla ilgili detaylar.<\/p>\n\n\n\n<p>iPhone 16 serisi i\u00e7in tan\u0131t\u0131m tarihine hen\u00fcz uzun zaman var. Bu s\u00fcre i\u00e7erisinde do\u011fru ya da yanl\u0131\u015f pek \u00e7ok iPhone 16 haberi g\u00fcndeme gelecek. \u0130lk gelen bilgilerde ise batarya konusunda dikkat \u00e7ekici bir geli\u015fmeye yer verildi.<\/p>\n\n\n\n<h2 class=\"wp-block-heading\">iPhone 16 ile Bataryalar B\u00fcy\u00fcyor<\/h2>\n\n\n\n<p>iPhone 16 serisinde iPhone serisinde en \u00e7ok \u015fikayet alan bataryada radikal bir de\u011fi\u015fikli\u011fe gidilecek. Kullan\u0131c\u0131lar telefonlardan genelde memnuniyet duysa da bataryalar\u0131 i\u00e7in ayn\u0131 durum s\u00f6z konusu de\u011fildi. Bu durumu de\u011fi\u015ftirmek isteyen Apple ise iPhone 16 ile birlikte yeni bir ad\u0131m atmaya haz\u0131rlan\u0131yor. Son bilgilere g\u00f6re iPhone 16 batarya kapasiteleri artacak. Daha b\u00fcy\u00fck batarya kapasitesiyle gelecek yeni seri, b\u00f6ylece kullan\u0131c\u0131lar\u0131n daha uzun s\u00fcre iPhone 16 kullan\u0131m\u0131na imkan tan\u0131yacak.<\/p>\n\n\n\n<figure class=\"wp-block-image size-full\"><img loading=\"lazy\" decoding=\"async\" width=\"1600\" height=\"900\" src=\"https:\/\/www.indir.com\/haber\/wp-content\/uploads\/2024\/02\/iphone-16-2.jpg\" alt=\"iPhone 16 ile Bataryalar De\u011fi\u015fiyor\" class=\"wp-image-56970\" title=\"\"><figcaption class=\"wp-element-caption\">iPhone 16 ile Bataryalar De\u011fi\u015fiyor<\/figcaption><\/figure>\n\n\n\n<p>Konuyla ilgili detaylar X\u2019te yer ald\u0131. \u00d6nceki serilere g\u00f6re ortalama y\u00fczde 5 oran\u0131nda art\u0131\u015f kaydedecek iPhone 16 modellerinde iPhone 16\u2019da y\u00fczde 6 art\u0131\u015f ile 3561 mAh kapasiteli batarya olacak. iPhone 16 Pro Max modelinde ise y\u00fczde 5 art\u0131\u015f sonucunda 4675 mAh batarya kullan\u0131lacak. Plus modelinde ise bir fark olacak ve y\u00fczde 9 oran\u0131nda d\u00fc\u015f\u00fc\u015f olacak. Tek bir tabloda yeni batarya kapasiteleri ise \u015f\u00f6yle;<\/p>\n\n\n\n<figure class=\"wp-block-table\"><table><tbody><tr><td>Model<\/td><td>2023 Batarya Kapasitesi (mAh)<\/td><td>2024 Batarya Kapasitesi (mAh)<\/td><td>% De\u011fi\u015fim<\/td><\/tr><tr><td>iPhone 16<\/td><td>3,349<\/td><td>3,561<\/td><td>+6<\/td><\/tr><tr><td>iPhone 16 Plus<\/td><td>4,383<\/td><td>4,006<\/td><td>-9<\/td><\/tr><tr><td>iPhone 16 Pro Max<\/td><td>4,422<\/td><td>4,676<\/td><td>+5<\/td><\/tr><\/tbody><\/table><\/figure>\n\n\n\n<p>T\u00fcm modellerde batarya kapasiteleri artarken Plus modelinde d\u00fc\u015f\u00fc\u015fe gidilmesi dikkat \u00e7ekiyor. bu durumun arkas\u0131nda farkl\u0131 bir planlama oldu\u011fu d\u00fc\u015f\u00fcn\u00fcl\u00fcyor. Apple bataryalar\u0131nda bug\u00fcne kadar y\u00fcksek kapasitesi art\u0131\u015f\u0131na gitmeyerek yaz\u0131l\u0131msal tarafta verimlili\u011fe odakland\u0131. Ancak ku\u015fkusuz daha b\u00fcy\u00fck kapasite, daha uzun s\u00fcreli kullan\u0131m\u0131n en kritik detay\u0131.<\/p>\n","protected":false},"excerpt":{"rendered":"<p>iPhone 16 serisine y\u00f6nelik gelen yeni bilgilerde batarya konusunda radikal kararlar al\u0131nd\u0131\u011f\u0131 ifade edildi. \u0130\u015fte konuyla ilgili detaylar. iPhone 16 serisi i\u00e7in tan\u0131t\u0131m tarihine hen\u00fcz uzun zaman var. Bu s\u00fcre i\u00e7erisinde do\u011fru ya da yanl\u0131\u015f pek \u00e7ok iPhone 16 haberi g\u00fcndeme gelecek. \u0130lk gelen bilgilerde ise batarya konusunda dikkat \u00e7ekici bir geli\u015fmeye yer verildi. iPhone [&hellip;]<\/p>\n","protected":false},"author":6,"featured_media":56971,"comment_status":"open","ping_status":"closed","sticky":false,"template":"","format":"standard","meta":{"footnotes":""},"categories":[46],"tags":[104,5851],"class_list":["post-56968","post","type-post","status-publish","format-standard","has-post-thumbnail","hentry","category-mobil","tag-apple","tag-iphone-16"],"_links":{"self":[{"href":"https:\/\/www.indir.com\/haber\/wp-json\/wp\/v2\/posts\/56968","targetHints":{"allow":["GET"]}}],"collection":[{"href":"https:\/\/www.indir.com\/haber\/wp-json\/wp\/v2\/posts"}],"about":[{"href":"https:\/\/www.indir.com\/haber\/wp-json\/wp\/v2\/types\/post"}],"author":[{"embeddable":true,"href":"https:\/\/www.indir.com\/haber\/wp-json\/wp\/v2\/users\/6"}],"replies":[{"embeddable":true,"href":"https:\/\/www.indir.com\/haber\/wp-json\/wp\/v2\/comments?post=56968"}],"version-history":[{"count":0,"href":"https:\/\/www.indir.com\/haber\/wp-json\/wp\/v2\/posts\/56968\/revisions"}],"wp:featuredmedia":[{"embeddable":true,"href":"https:\/\/www.indir.com\/haber\/wp-json\/wp\/v2\/media\/56971"}],"wp:attachment":[{"href":"https:\/\/www.indir.com\/haber\/wp-json\/wp\/v2\/media?parent=56968"}],"wp:term":[{"taxonomy":"category","embeddable":true,"href":"https:\/\/www.indir.com\/haber\/wp-json\/wp\/v2\/categories?post=56968"},{"taxonomy":"post_tag","embeddable":true,"href":"https:\/\/www.indir.com\/haber\/wp-json\/wp\/v2\/tags?post=56968"}],"curies":[{"name":"wp","href":"https:\/\/api.w.org\/{rel}","templated":true}]}}