{"id":56247,"date":"2024-02-02T16:34:36","date_gmt":"2024-02-02T13:34:36","guid":{"rendered":"https:\/\/www.indir.com\/haber\/?p=56247"},"modified":"2024-02-02T16:34:42","modified_gmt":"2024-02-02T13:34:42","slug":"youtube-music-ve-premium-kullanicisi-100-milyonu-gecti","status":"publish","type":"post","link":"https:\/\/www.indir.com\/haber\/youtube-music-ve-premium-kullanicisi-100-milyonu-gecti\/","title":{"rendered":"YouTube Music ve Premium Kullan\u0131c\u0131s\u0131 100 Milyonu Ge\u00e7ti!"},"content":{"rendered":"\n<p>YouTube Music ve YouTube Premium \u00fccretli abonelik hizmetlerinin d\u00fcnya \u00e7ap\u0131ndaki toplamda abonelik say\u0131s\u0131n\u0131n 100 \u00fclkede 100 milyona ula\u015ft\u0131. \u00d6te yandan, duyuruda her hizmete ka\u00e7 abonenin kaydoldu\u011funa dair ayr\u0131nt\u0131lara yer verilmedi.<\/p>\n\n\n\n<figure class=\"wp-block-image size-full\"><img loading=\"lazy\" decoding=\"async\" width=\"1600\" height=\"900\" src=\"https:\/\/www.indir.com\/haber\/wp-content\/uploads\/2024\/02\/Threads-7.jpg\" alt=\"YouTube Music ve YouTube Premium \u00fccretli abonelik hizmetlerinin d\u00fcnya \u00e7ap\u0131ndaki toplamda abonelik say\u0131s\u0131n\u0131n 100 \u00fclkede 100 milyona ula\u015ft\u0131.\" class=\"wp-image-56258\" title=\"\"><\/figure>\n\n\n\n<p>YouTube M\u00fczik Sorumlusu Lyor Cohen ayr\u0131 bir blog yaz\u0131s\u0131nda Music ve Premium hizmetlerinin ge\u00e7ti\u011fimiz y\u0131l kullan\u0131c\u0131 say\u0131s\u0131n\u0131n 20 milyon artt\u0131\u011f\u0131n\u0131 payla\u015farak \u015fu s\u00f6zleri ekledi: \u201c2015\u2019te pek \u00e7ok ki\u015fi abonelik modelinin YouTube\u2019da geli\u015febilece\u011finden \u015f\u00fcphe etmekteydi. Pazar\u0131n kalabal\u0131k oldu\u011funu, platformumuzun \u00e7ok farkl\u0131 oldu\u011funu konu\u015ftular. Bug\u00fcn bakt\u0131\u011f\u0131m\u0131zda 100 milyon abonenin ard\u0131ndan ba\u015far\u0131m\u0131z\u0131 y\u00f6nlendiren \u015fey kesinlikle farkl\u0131l\u0131\u011f\u0131m\u0131zd\u0131r. Neden hala b\u00fcy\u00fcme i\u00e7in bu kadar \u00e7ok alan daha g\u00f6r\u00fcyorum.\u201d<\/p>\n\n\n\n<figure class=\"wp-block-image size-full\"><img loading=\"lazy\" decoding=\"async\" width=\"1600\" height=\"900\" src=\"https:\/\/www.indir.com\/haber\/wp-content\/uploads\/2024\/02\/Threads-8.jpg\" alt=\"YouTube Music ve YouTube Premium \u00fccretli abonelik hizmetlerinin d\u00fcnya \u00e7ap\u0131ndaki toplamda abonelik say\u0131s\u0131n\u0131n 100 \u00fclkede 100 milyona ula\u015ft\u0131.\" class=\"wp-image-56261\" title=\"\"><\/figure>\n\n\n\n<p>YouTube Music Arka planda oynatma ve m\u00fczik videolar\u0131n\u0131n yan\u0131 s\u0131ra 100 milyon \u015fark\u0131ya reklams\u0131z eri\u015fim hizmetinde bulunuyor. YouTube Premium ise YouTube Music\u2019in t\u00fcm \u00f6zelliklerinin yan\u0131 s\u0131ra her t\u00fcrl\u00fc YouTube videosunu, filmini ve TV \u015fovunu reklams\u0131z g\u00f6r\u00fcnt\u00fclemeyi kullan\u0131c\u0131lar\u0131na sa\u011fl\u0131yor. Ayr\u0131ca ise \u00e7evrimd\u0131\u015f\u0131 kullan\u0131m i\u00e7in video indirme ve di\u011fer mobil uygulamalar\u0131 kullan\u0131rken videolar\u0131n arka planda oynat\u0131lmas\u0131 da destekleniyor durumda.<\/p>\n\n\n\n<h2 class=\"wp-block-heading\">YouTube Haber Merkezi Kuruyor!<\/h2>\n\n\n\n<p>YouTube yanl\u0131\u015f bilginin yay\u0131lmas\u0131n\u0131 \u00f6nlemek nedeniyle bir haber merkezi olu\u015fturuyor. Bu sayede kullan\u0131c\u0131lar yetkili kaynaklardan gelen \u00e7e\u015fitli formatlardaki haberleri takip edebiliyor olacak. B\u00f6ylelikle yanl\u0131\u015f bilginin yay\u0131lmas\u0131 engellenece\u011fi kayda ge\u00e7irildi.<\/p>\n\n\n\n<figure class=\"wp-block-image size-full\"><img loading=\"lazy\" decoding=\"async\" width=\"1600\" height=\"900\" src=\"https:\/\/www.indir.com\/haber\/wp-content\/uploads\/2024\/02\/Threads-6.jpg\" alt=\"YouTube Music ve YouTube Premium \u00fccretli abonelik hizmetlerinin d\u00fcnya \u00e7ap\u0131ndaki toplamda abonelik say\u0131s\u0131n\u0131n 100 \u00fclkede 100 milyona ula\u015ft\u0131.\" class=\"wp-image-56255\" title=\"\"><\/figure>\n\n\n\n<p>YouTube, yanl\u0131\u015f bilgilere kar\u015f\u0131 bir \u00f6nlem almak amac\u0131yla kullan\u0131c\u0131lar\u0131na g\u00fcvenilir haber kaynaklar\u0131na y\u00f6nlendirmek i\u00e7in bir haber merkezi olu\u015fturuyor.<\/p>\n\n\n\n<p>Bu \u00f6zellik yetkili kaynaklardan gelen \u00e7e\u015fitli formatlardaki haberleri i\u00e7erecek, bu da video, canl\u0131 yay\u0131nlar, podcast&#8217;ler ve Shorts i\u00e7eriklerini kapsayaca\u011f\u0131 \u00f6ng\u00f6r\u00fcl\u00fcyor.<\/p>\n\n\n\n<p>Bu \u00f6zellik ile mobil cihazlarda 40 \u00fclkede kullan\u0131ma sunuluyor. \u0130lerleyen d\u00f6nemde ise masa\u00fcst\u00fc ve TV uygulamalar\u0131na da gelmesi planlan\u0131yor.<\/p>\n\n\n\n<figure class=\"wp-block-image size-full\"><img loading=\"lazy\" decoding=\"async\" width=\"1600\" height=\"900\" src=\"https:\/\/www.indir.com\/haber\/wp-content\/uploads\/2024\/02\/Threads-4.jpg\" alt=\"YouTube Music ve YouTube Premium \u00fccretli abonelik hizmetlerinin d\u00fcnya \u00e7ap\u0131ndaki toplamda abonelik say\u0131s\u0131n\u0131n 100 \u00fclkede 100 milyona ula\u015ft\u0131.\" class=\"wp-image-56257\" title=\"\"><\/figure>\n\n\n\n<p>Ayr\u0131ca, haber kurulu\u015flar\u0131n\u0131n shorts videolar\u0131n\u0131 desteklemek i\u00e7in bir program olu\u015fturuldu\u011fu belirtildi. YouTube, g\u00fcvenilir bilgilere eri\u015fimi art\u0131rmak i\u00e7in kararl\u0131 bir \u015fekilde hareket etti\u011fini s\u00f6yl\u00fcyor.<\/p>\n\n\n\n<p>Platform haberlerin takip edilebilece\u011fi bir ana program haline gelmeyi benimsiyor.<\/p>\n\n\n\n<p>YouTube, kullan\u0131c\u0131lar\u0131n bir konuyu derinlemesine ke\u015ffetmelerine yard\u0131mc\u0131 olmay\u0131 ve&nbsp; ayn\u0131 zamanda farkl\u0131 kaynaklardan bilgi edinmelerini kolayla\u015ft\u0131rmay\u0131 hedefledi\u011finin alt\u0131n\u0131 \u00e7iziyor.<\/p>\n","protected":false},"excerpt":{"rendered":"<p>YouTube Music ve YouTube Premium \u00fccretli abonelik hizmetlerinin d\u00fcnya \u00e7ap\u0131ndaki toplamda abonelik say\u0131s\u0131n\u0131n 100 \u00fclkede 100 milyona ula\u015ft\u0131.<\/p>\n","protected":false},"author":65,"featured_media":56252,"comment_status":"open","ping_status":"closed","sticky":false,"template":"","format":"standard","meta":{"footnotes":""},"categories":[54],"tags":[130],"class_list":["post-56247","post","type-post","status-publish","format-standard","has-post-thumbnail","hentry","category-internet","tag-youtube"],"_links":{"self":[{"href":"https:\/\/www.indir.com\/haber\/wp-json\/wp\/v2\/posts\/56247","targetHints":{"allow":["GET"]}}],"collection":[{"href":"https:\/\/www.indir.com\/haber\/wp-json\/wp\/v2\/posts"}],"about":[{"href":"https:\/\/www.indir.com\/haber\/wp-json\/wp\/v2\/types\/post"}],"author":[{"embeddable":true,"href":"https:\/\/www.indir.com\/haber\/wp-json\/wp\/v2\/users\/65"}],"replies":[{"embeddable":true,"href":"https:\/\/www.indir.com\/haber\/wp-json\/wp\/v2\/comments?post=56247"}],"version-history":[{"count":0,"href":"https:\/\/www.indir.com\/haber\/wp-json\/wp\/v2\/posts\/56247\/revisions"}],"wp:featuredmedia":[{"embeddable":true,"href":"https:\/\/www.indir.com\/haber\/wp-json\/wp\/v2\/media\/56252"}],"wp:attachment":[{"href":"https:\/\/www.indir.com\/haber\/wp-json\/wp\/v2\/media?parent=56247"}],"wp:term":[{"taxonomy":"category","embeddable":true,"href":"https:\/\/www.indir.com\/haber\/wp-json\/wp\/v2\/categories?post=56247"},{"taxonomy":"post_tag","embeddable":true,"href":"https:\/\/www.indir.com\/haber\/wp-json\/wp\/v2\/tags?post=56247"}],"curies":[{"name":"wp","href":"https:\/\/api.w.org\/{rel}","templated":true}]}}