{"id":54764,"date":"2024-01-08T15:30:00","date_gmt":"2024-01-08T12:30:00","guid":{"rendered":"https:\/\/www.indir.com\/haber\/?p=54764"},"modified":"2024-01-08T16:33:06","modified_gmt":"2024-01-08T13:33:06","slug":"whatsapp-ios-beta-icin-yeni-bir-tema-ozelligi-uzerinde-calisiyor","status":"publish","type":"post","link":"https:\/\/www.indir.com\/haber\/whatsapp-ios-beta-icin-yeni-bir-tema-ozelligi-uzerinde-calisiyor\/","title":{"rendered":"WhatsApp iOS Beta \u0130\u00e7in Yeni Bir Tema \u00d6zelli\u011fi \u00dczerinde \u00c7al\u0131\u015f\u0131yor"},"content":{"rendered":"\n<p>WhatsApp, kullan\u0131c\u0131lar\u0131n uygulaman\u0131n ana marka rengini de\u011fi\u015ftirmelerine olanak tan\u0131yacak bir tema \u00f6zelle\u015ftirme \u00f6zelli\u011fi \u00fczerinde \u00e7al\u0131\u015f\u0131yor. WABetaInfo internet sayfas\u0131na g\u00f6re hen\u00fcz test kullan\u0131c\u0131lar\u0131na sunulmayan yeni tema \u00f6zelli\u011fi WhatsApp iOS Beta 24.1.10.70 s\u00fcr\u00fcm\u00fcnde tespit edildi.<\/p>\n\n\n\n<p>WhatsApp uygulamas\u0131 \u0130OS i\u00e7in ki\u015fiselle\u015ftirme yap\u0131yor. Bu ki\u015fiselle\u015ftirme de uygulaman\u0131n ana rengini se\u00e7ebilmek i\u00e7in tema \u00f6zelliklerinin \u00fczerinde \u00e7al\u0131\u015ft\u0131klar\u0131n\u0131 belirtti.<\/p>\n\n\n\n<p>WhatsApp a\u00e7\u0131k\/koyu tema ile uyumluluk sa\u011flaman\u0131n yan\u0131 s\u0131ra kullan\u0131c\u0131lar\u0131n sohbet arka plan\u0131n\u0131 veya sohbet duvar ka\u011f\u0131d\u0131n\u0131 de\u011fi\u015ftirerek uygulaman\u0131n g\u00f6r\u00fcn\u00fcm\u00fcn\u00fc ayarlamas\u0131na olanak sa\u011fl\u0131yor olacak.<\/p>\n\n\n\n<p>Uygulamadaki farkl\u0131 kullan\u0131c\u0131lar ve grup sohbetleri i\u00e7in ayr\u0131 duvar ka\u011f\u0131tlar\u0131 se\u00e7ilebiliyor veya t\u00fcm sohbetler i\u00e7in evrensel bir duvar ka\u011f\u0131d\u0131 da se\u00e7ilebilmesi m\u00fcmk\u00fcn k\u0131l\u0131n\u0131yor. \u00d6te yandan, duvar ka\u011f\u0131d\u0131 de\u011fi\u015ftirildi\u011finde Ayarlar, Sohbetler, G\u00fcncellemeler ve Topluluklar gibi ekranlara hi\u00e7bir \u015fekilde k\u00f6t\u00fc veya herhangi bir de\u011fi\u015fiklik yapm\u0131yor.<\/p>\n\n\n\n<p>WABetaInfo taraf\u0131ndan payla\u015f\u0131lan ekran g\u00f6r\u00fcnt\u00fcs\u00fcnde, kullan\u0131c\u0131lar simgeler ve rozetler gibi kullan\u0131c\u0131 aray\u00fcz\u00fc \u00f6\u011felerini \u00f6zelle\u015ftirmek i\u00e7in bir renk paleti aras\u0131ndan se\u00e7im yapabilecekleri g\u00f6ze \u00e7arp\u0131yor.<\/p>\n\n\n\n<p>Yeni uygulama rengi \u00f6zelle\u015ftirme \u00f6zelli\u011finin WhatsApp\u2019\u0131n kararl\u0131 s\u00fcr\u00fcm\u00fcnde ne zaman yay\u0131nlanaca\u011f\u0131na dair hen\u00fcz bir bilgi payla\u015f\u0131m\u0131 yok. Web sitesi ayr\u0131ca WhatsApp\u2019\u0131n gelecekteki bir g\u00fcncellemede sohbet balonlar\u0131n\u0131n da rengini de\u011fi\u015ftirmenize izin verebilece\u011fini tespit etmi\u015f oldu.<\/p>\n\n\n\n<figure class=\"wp-block-image size-full\"><img loading=\"lazy\" decoding=\"async\" width=\"1600\" height=\"900\" src=\"https:\/\/www.indir.com\/haber\/wp-content\/uploads\/2024\/01\/indir-33.jpg\" alt=\"WhatsApp, kullan\u0131c\u0131lar\u0131n uygulaman\u0131n ana marka rengini de\u011fi\u015ftirmelerine olanak tan\u0131yacak bir tema \u00f6zelle\u015ftirme \u00f6zelli\u011fi \u00fczerinde \u00e7al\u0131\u015f\u0131yor. \" class=\"wp-image-54766\" title=\"\"><\/figure>\n\n\n\n<h2 class=\"wp-block-heading\">WhatsApp Kullan\u0131c\u0131lar\u0131 \u0130\u00e7in Kendini Geli\u015ftirmeye Devam Ediyor<\/h2>\n\n\n\n<p>\u0130OS i\u00e7in en son WhatsApp beta 24.1.10.70 g\u00fcncellemesi sayesinde , WhatsApp&#8217;\u0131n \u015fu anda gelecekte uygulaman\u0131n ana rengini se\u00e7ebilecek bir tema \u00f6zelli\u011fi sunmak i\u00e7in \u00e7al\u0131\u015ft\u0131\u011f\u0131n\u0131 ke\u015ffettik. Bize g\u00f6re bu ki\u015fiselle\u015ftirme \u00f6zelli\u011fi haftan\u0131n en iyi haberi:<\/p>\n\n\n\n<p>Windows i\u00e7in WhatsApp beta, kullan\u0131c\u0131lar\u0131n giri\u015f ve \u00e7\u0131k\u0131\u015f cihazlar\u0131n\u0131 do\u011frudan uygulama ayarlar\u0131ndan kontrol etmesine olanak tan\u0131yan yeni bir \u00f6zelli\u011fe kavu\u015faca\u011f\u0131n\u0131 dile getirdi.<\/p>\n\n\n\n<p>Yeni bir ar\u015fivlenmi\u015f sohbet filtresi sunarak iOS uygulamas\u0131na daha net bir aray\u00fcz getirecek bir konsept \u00f6nerildi. Yine kaybolan g\u00f6r\u00fcnt\u00fc ve videolar i\u00e7in \u00e7ift g\u00f6r\u00fcnt\u00fcleme se\u00e7ene\u011fi getirecek bir konsept geli\u015ftirdiklerini ifade ettiler. Grup sohbetlerinden engellenen ki\u015filerden gelen mesajlar\u0131 gizlemeye y\u00f6nelik bir \u00f6zelli\u011fe ili\u015fkin konsepti kullan\u0131c\u0131lar\u0131 i\u00e7in geli\u015ftirmeye devam ediyor.<\/p>\n","protected":false},"excerpt":{"rendered":"<p>WhatsApp, kullan\u0131c\u0131lar\u0131n uygulaman\u0131n ana marka rengini de\u011fi\u015ftirmelerine olanak tan\u0131yacak bir tema \u00f6zelle\u015ftirme \u00f6zelli\u011fi \u00fczerinde \u00e7al\u0131\u015f\u0131yor. <\/p>\n","protected":false},"author":65,"featured_media":54765,"comment_status":"open","ping_status":"closed","sticky":false,"template":"","format":"standard","meta":{"footnotes":""},"categories":[54,61,46],"tags":[],"class_list":["post-54764","post","type-post","status-publish","format-standard","has-post-thumbnail","hentry","category-internet","category-ios","category-mobil"],"_links":{"self":[{"href":"https:\/\/www.indir.com\/haber\/wp-json\/wp\/v2\/posts\/54764","targetHints":{"allow":["GET"]}}],"collection":[{"href":"https:\/\/www.indir.com\/haber\/wp-json\/wp\/v2\/posts"}],"about":[{"href":"https:\/\/www.indir.com\/haber\/wp-json\/wp\/v2\/types\/post"}],"author":[{"embeddable":true,"href":"https:\/\/www.indir.com\/haber\/wp-json\/wp\/v2\/users\/65"}],"replies":[{"embeddable":true,"href":"https:\/\/www.indir.com\/haber\/wp-json\/wp\/v2\/comments?post=54764"}],"version-history":[{"count":0,"href":"https:\/\/www.indir.com\/haber\/wp-json\/wp\/v2\/posts\/54764\/revisions"}],"wp:featuredmedia":[{"embeddable":true,"href":"https:\/\/www.indir.com\/haber\/wp-json\/wp\/v2\/media\/54765"}],"wp:attachment":[{"href":"https:\/\/www.indir.com\/haber\/wp-json\/wp\/v2\/media?parent=54764"}],"wp:term":[{"taxonomy":"category","embeddable":true,"href":"https:\/\/www.indir.com\/haber\/wp-json\/wp\/v2\/categories?post=54764"},{"taxonomy":"post_tag","embeddable":true,"href":"https:\/\/www.indir.com\/haber\/wp-json\/wp\/v2\/tags?post=54764"}],"curies":[{"name":"wp","href":"https:\/\/api.w.org\/{rel}","templated":true}]}}