{"id":53439,"date":"2023-12-15T16:00:00","date_gmt":"2023-12-15T13:00:00","guid":{"rendered":"https:\/\/www.indir.com\/haber\/?p=53439"},"modified":"2023-12-15T15:26:39","modified_gmt":"2023-12-15T12:26:39","slug":"whatsapp-emoji-kapatma-ozelligini-sunmaya-basladi","status":"publish","type":"post","link":"https:\/\/www.indir.com\/haber\/whatsapp-emoji-kapatma-ozelligini-sunmaya-basladi\/","title":{"rendered":"WhatsApp Emoji Kapatma \u00d6zelli\u011fini Sunmaya Ba\u015flad\u0131"},"content":{"rendered":"\n<p>WhatsApp emoji kapatma \u00f6zelli\u011fi sunmaya ba\u015flad\u0131. \u00d6zellik, harf klavyesinden emoji paneline ge\u00e7meyi kullan\u0131c\u0131 kapatabilecek.<\/p>\n\n\n\n<p>WhatsApp emoji \u00f6zelli\u011fi yaz\u0131 yazarken anl\u0131k emoji paneline girilip emoji metne koyulabiliyordu. Fakat yeni Windows s\u00fcr\u00fcm\u00fc 2.2350.3.0 beta g\u00fcncellemesi alan kullan\u0131c\u0131lar, iste\u011fe ba\u011fl\u0131 bu \u00f6zelli\u011fi devre d\u0131\u015f\u0131 b\u0131rakabilecekler.<\/p>\n\n\n\n<p>Gelen \u00f6zellikle birlikte kullan\u0131c\u0131lar\u0131n mesajla\u015fma \u00f6zelli\u011fini daha fazla kontrol etme imkan\u0131 sunuyor. Bu \u00f6zelli\u011fi etkin k\u0131lmak isteyen kullan\u0131c\u0131lar, uygulama ayarlar\u0131n\u0131n genel sekmesinden de\u011fi\u015ftirebilecek.<\/p>\n\n\n\n<figure class=\"wp-block-image size-full\"><img loading=\"lazy\" decoding=\"async\" width=\"1600\" height=\"900\" src=\"https:\/\/www.indir.com\/haber\/wp-content\/uploads\/2023\/12\/indircom-13.jpg\" alt=\"WhatsApp emoji kapatma \u00f6zelli\u011fi sunmaya ba\u015flad\u0131. \u00d6zellik, harf klavyesinden emoji paneline ge\u00e7meyi kullan\u0131c\u0131 kapatabilecek.\n\" class=\"wp-image-53458\" title=\"\"><\/figure>\n\n\n\n<h2 class=\"wp-block-heading\">\u00d6zelli\u011fin amac\u0131 ki\u015fiselle\u015ftirilmi\u015f ileti\u015fim tarz\u0131 olu\u015fturabilmek<\/h2>\n\n\n\n<p>Bazen kullan\u0131c\u0131lar metin yazarken emoji \u00e7\u0131kmas\u0131ndan dolay\u0131&nbsp; hem de el al\u0131\u015fkanl\u0131\u011f\u0131ndan dolay\u0131 emoji koyabildikleri i\u00e7in bu \u00f6zelliklerden yak\u0131nabiliyorlard\u0131. Bu \u00f6zellik ile birlikte bu \u00f6zelli\u011fi belirli s\u00fcrelerde a\u00e7\u0131p, kapatabilecekler.&nbsp;<\/p>\n\n\n\n<p>WhatsApp kullan\u0131c\u0131lar\u0131 emoji koymak yerine metin tarzlar\u0131nda ki\u015fiselle\u015ftirme yapabilecekler. WhatsApp bu \u00f6zellikle ki\u015filerin ileti\u015fim tarzlar\u0131na sayg\u0131 duymay\u0131 ve \u00f6zelle\u015ftirilmi\u015f mesajla\u015fma se\u00e7ene\u011fini var etme deneyimi sunmay\u0131 umuyor.&nbsp;<\/p>\n\n\n\n<p>\u00d6zellik \u015fimdilik test kullan\u0131c\u0131lar\u0131 taraf\u0131ndan deneniyor. Bu g\u00fcncelleme ki\u015filerde hen\u00fcz g\u00f6r\u00fcnm\u00fcyor ise yak\u0131n zaman i\u00e7inde gelece\u011finin alt\u0131n\u0131 \u00e7izmekte&nbsp; fayda var. Kullan\u0131c\u0131lar\u0131n bu \u00f6zellikten nas\u0131l yararlanaca\u011f\u0131 ve memnun kal\u0131p kalmayacaklar\u0131 merak koruyor.<\/p>\n","protected":false},"excerpt":{"rendered":"<p>WhatsApp emoji kapatma \u00f6zelli\u011fi sunmaya ba\u015flad\u0131. \u00d6zellik, harf klavyesinden emoji paneline ge\u00e7meyi kullan\u0131c\u0131 kapatabilecek.<\/p>\n","protected":false},"author":65,"featured_media":53457,"comment_status":"open","ping_status":"closed","sticky":false,"template":"","format":"standard","meta":{"footnotes":""},"categories":[54],"tags":[62],"class_list":["post-53439","post","type-post","status-publish","format-standard","has-post-thumbnail","hentry","category-internet","tag-whatsapp"],"_links":{"self":[{"href":"https:\/\/www.indir.com\/haber\/wp-json\/wp\/v2\/posts\/53439","targetHints":{"allow":["GET"]}}],"collection":[{"href":"https:\/\/www.indir.com\/haber\/wp-json\/wp\/v2\/posts"}],"about":[{"href":"https:\/\/www.indir.com\/haber\/wp-json\/wp\/v2\/types\/post"}],"author":[{"embeddable":true,"href":"https:\/\/www.indir.com\/haber\/wp-json\/wp\/v2\/users\/65"}],"replies":[{"embeddable":true,"href":"https:\/\/www.indir.com\/haber\/wp-json\/wp\/v2\/comments?post=53439"}],"version-history":[{"count":0,"href":"https:\/\/www.indir.com\/haber\/wp-json\/wp\/v2\/posts\/53439\/revisions"}],"wp:featuredmedia":[{"embeddable":true,"href":"https:\/\/www.indir.com\/haber\/wp-json\/wp\/v2\/media\/53457"}],"wp:attachment":[{"href":"https:\/\/www.indir.com\/haber\/wp-json\/wp\/v2\/media?parent=53439"}],"wp:term":[{"taxonomy":"category","embeddable":true,"href":"https:\/\/www.indir.com\/haber\/wp-json\/wp\/v2\/categories?post=53439"},{"taxonomy":"post_tag","embeddable":true,"href":"https:\/\/www.indir.com\/haber\/wp-json\/wp\/v2\/tags?post=53439"}],"curies":[{"name":"wp","href":"https:\/\/api.w.org\/{rel}","templated":true}]}}