{"id":52713,"date":"2023-12-05T11:35:35","date_gmt":"2023-12-05T08:35:35","guid":{"rendered":"https:\/\/www.indir.com\/haber\/?p=52713"},"modified":"2023-12-05T11:35:40","modified_gmt":"2023-12-05T08:35:40","slug":"meta-instagram-ve-facebook-arasinda-iletisimi-desteklemeyi-birakiyor","status":"publish","type":"post","link":"https:\/\/www.indir.com\/haber\/meta-instagram-ve-facebook-arasinda-iletisimi-desteklemeyi-birakiyor\/","title":{"rendered":"Meta, Instagram ve Facebook aras\u0131nda ileti\u015fimi desteklemeyi b\u0131rak\u0131yor"},"content":{"rendered":"\n<p>AB&#8217;nin Dijital Pazarlar Yasas\u0131&#8217;na (DMA) uyum sa\u011flamak i\u00e7in y\u0131lba\u015f\u0131na do\u011fru, Meta art\u0131k Instagram ve Facebook Messenger aras\u0131ndaki uygulamalar aras\u0131 sohbetleri desteklemeyecek.<\/p>\n\n\n\n<h2 class=\"wp-block-heading\">Meta&#8217;dan birbiriyle ba\u011flant\u0131l\u0131 Instagram ve Facebook sohbetlerine elveda<\/h2>\n\n\n\n<p>Meta entegrasyonu desteklemeyi b\u0131rakt\u0131\u011f\u0131nda, Instagram&#8217;dan Facebook\u2019taki arkada\u015flar\u0131n\u0131zla yeni arama ya da sohbet ba\u015flatamayacaks\u0131n\u0131z. Instagram&#8217;da\u00a0 \u00a0 Facebook hesaplar\u0131yla mevcut g\u00f6r\u00fc\u015fmeleriniz varsa bunlar sadece okunabilir olacaklar.<\/p>\n\n\n\n<p>&nbsp;\u00d6zelli\u011fin kald\u0131r\u0131lmas\u0131, Facebook hesaplar\u0131n\u0131n art\u0131k aktif olup olmad\u0131\u011f\u0131n\u0131z\u0131 veya okundu bilgilerini g\u00f6remeyecekleri anlam\u0131na da geliyor. Ayr\u0131ca mevcut sohbetler her iki platformda da gelen kutunuza tan\u0131nmayacak.&nbsp;<\/p>\n\n\n\n<figure class=\"wp-block-image size-full\"><img loading=\"lazy\" decoding=\"async\" width=\"1600\" height=\"900\" src=\"https:\/\/www.indir.com\/haber\/wp-content\/uploads\/2023\/12\/hand-holding-social-media-instag.jpg\" alt=\"Meta, Instagram ve Facebook aras\u0131nda ileti\u015fimi desteklemeyi b\u0131rak\u0131yor\" class=\"wp-image-52715\" title=\"\"><figcaption class=\"wp-element-caption\">Cr: Freepik<\/figcaption><\/figure>\n\n\n\n<p>Meta, iki sosyal a\u011f\u0131 aras\u0131ndaki sohbeti neden sonland\u0131rd\u0131\u011f\u0131na dair bir a\u00e7\u0131klama yapmad\u0131&nbsp;<\/p>\n\n\n\n<p>Ancak bunun sebebinin, \u015firketlerin kendi \u015firketleriyle i\u015fbirli\u011fi yaparak g\u00fcc\u00fc tek elde tutmas\u0131n\u0131 engellemeyi ama\u00e7layan AB&#8217;nin Dijital Piyasalar Yasas<a href=\"https:\/\/www.androidcentral.com\/apps-software\/sideloading-on-ios-is-not-the-biggest-issue-of-the-eus-digital-markets-act\" target=\"_blank\" rel=\"noopener\">\u0131<\/a>&#8216;n\u0131n yapt\u0131r\u0131mlar\u0131ndan ka\u00e7\u0131nmak olmas\u0131 muhtemel g\u00f6r\u00fcn\u00fcyor<\/p>\n\n\n\n<p>\u015eirket, Instagram kullan\u0131c\u0131lar\u0131n\u0131n Facebook arkada\u015flar\u0131yla sohbet etmeye devam etmek i\u00e7in Facebook Messenger y\u00fcklemelerini \u00f6nerdi.<\/p>\n","protected":false},"excerpt":{"rendered":"<p>AB&#8217;nin Dijital Pazarlar Yasas\u0131&#8217;na (DMA) uyum sa\u011flamak i\u00e7in y\u0131lba\u015f\u0131na do\u011fru, Meta art\u0131k Instagram ve Facebook Messenger aras\u0131ndaki uygulamalar aras\u0131 sohbetleri desteklemeyecek. Meta&#8217;dan birbiriyle ba\u011flant\u0131l\u0131 Instagram ve Facebook sohbetlerine elveda Meta entegrasyonu desteklemeyi b\u0131rakt\u0131\u011f\u0131nda, Instagram&#8217;dan Facebook\u2019taki arkada\u015flar\u0131n\u0131zla yeni arama ya da sohbet ba\u015flatamayacaks\u0131n\u0131z. Instagram&#8217;da\u00a0 \u00a0 Facebook hesaplar\u0131yla mevcut g\u00f6r\u00fc\u015fmeleriniz varsa bunlar sadece okunabilir olacaklar. &nbsp;\u00d6zelli\u011fin kald\u0131r\u0131lmas\u0131, [&hellip;]<\/p>\n","protected":false},"author":26,"featured_media":52714,"comment_status":"open","ping_status":"closed","sticky":false,"template":"","format":"standard","meta":{"footnotes":""},"categories":[54],"tags":[106,113],"class_list":["post-52713","post","type-post","status-publish","format-standard","has-post-thumbnail","hentry","category-internet","tag-facebook","tag-instagram"],"_links":{"self":[{"href":"https:\/\/www.indir.com\/haber\/wp-json\/wp\/v2\/posts\/52713","targetHints":{"allow":["GET"]}}],"collection":[{"href":"https:\/\/www.indir.com\/haber\/wp-json\/wp\/v2\/posts"}],"about":[{"href":"https:\/\/www.indir.com\/haber\/wp-json\/wp\/v2\/types\/post"}],"author":[{"embeddable":true,"href":"https:\/\/www.indir.com\/haber\/wp-json\/wp\/v2\/users\/26"}],"replies":[{"embeddable":true,"href":"https:\/\/www.indir.com\/haber\/wp-json\/wp\/v2\/comments?post=52713"}],"version-history":[{"count":0,"href":"https:\/\/www.indir.com\/haber\/wp-json\/wp\/v2\/posts\/52713\/revisions"}],"wp:featuredmedia":[{"embeddable":true,"href":"https:\/\/www.indir.com\/haber\/wp-json\/wp\/v2\/media\/52714"}],"wp:attachment":[{"href":"https:\/\/www.indir.com\/haber\/wp-json\/wp\/v2\/media?parent=52713"}],"wp:term":[{"taxonomy":"category","embeddable":true,"href":"https:\/\/www.indir.com\/haber\/wp-json\/wp\/v2\/categories?post=52713"},{"taxonomy":"post_tag","embeddable":true,"href":"https:\/\/www.indir.com\/haber\/wp-json\/wp\/v2\/tags?post=52713"}],"curies":[{"name":"wp","href":"https:\/\/api.w.org\/{rel}","templated":true}]}}