{"id":52486,"date":"2023-12-01T14:03:45","date_gmt":"2023-12-01T11:03:45","guid":{"rendered":"https:\/\/www.indir.com\/haber\/?p=52486"},"modified":"2023-12-01T14:03:51","modified_gmt":"2023-12-01T11:03:51","slug":"youtube-reklamlari-gec-butonunda-degisiklik-yapti","status":"publish","type":"post","link":"https:\/\/www.indir.com\/haber\/youtube-reklamlari-gec-butonunda-degisiklik-yapti\/","title":{"rendered":"YouTube \u201cReklamlar\u0131 Ge\u00e7\u201d Butonunda De\u011fi\u015fiklik Yapt\u0131"},"content":{"rendered":"\n<p>Video oynatma platformlar\u0131 aras\u0131nda listenin en ba\u015f\u0131nda yerini koruyan Youtube, yeni bir geli\u015fme olarak \u201creklamlar\u0131 ge\u00e7\u201d butonunda boyut ve tasar\u0131m olarak de\u011fi\u015fikli\u011fe gitti.<\/p>\n\n\n\n<p>\u00d6ncesinde keskin bir dikd\u00f6rtgen ve siyah arka planl\u0131 olan \u201creklamlar\u0131 ge\u00e7\u201d butonu son g\u00fcncellemeyle birlikte daha yuvarlak ve \u015feffaf bir \u015fekil alm\u0131\u015f oldu. Boyut olarakta ekran da kaplad\u0131\u011f\u0131 alan\u0131n k\u00fc\u00e7\u00fcld\u00fc\u011f\u00fcn\u00fc g\u00f6r\u00fcyoruz. Bunlara ek olarak,butonda yaz\u0131l\u0131 olan kelime eksikli\u011fide dikkat \u00e7ekiyor .\u201dReklam\u201d ibaresinin kald\u0131r\u0131ld\u0131\u011f\u0131 sadece \u201cGe\u00e7\u201d kelimesinin kullan\u0131lmaya ba\u015flanmas\u0131 da de\u011fi\u015fiklikler aras\u0131nda.<\/p>\n\n\n\n<h2 class=\"wp-block-heading\">Kullan\u0131c\u0131lar Neden Reklam Engelleyicileri Tercih Ediyor?<\/h2>\n\n\n\n<p>Youtube\u2019un reklam konusunda karar ve \u00f6nlem olarak ald\u0131\u011f\u0131 bir di\u011fer konu ise; \u201creklam engelleyecileri yasaklama\u201d. Uzun bir s\u00fcredir illegal olarak taray\u0131c\u0131lara y\u00fcklenen eklentilerle sava\u015fan firma art\u0131k bu eklentileri alg\u0131lay\u0131p kapanmas\u0131n\u0131 istiyor. \u015eirketin kullan\u0131c\u0131lar\u0131na sundu\u011fu \u00e7\u00f6z\u00fcm ise \u201cYoutube Premium\u201d sat\u0131n almak ya da i\u00e7erikleri reklaml\u0131 izlemeye devam etmek. <\/p>\n\n\n\n<p>Ancak Youtube duyurdu\u011fu son fiyat politikas\u0131 ile kullan\u0131c\u0131lar\u0131 mutlu etmedi. Premium aboneliklerine yakla\u015f\u0131k olarak y\u00fczde 94\u2019l\u00fck bir zam yapan \u015firket bu durumdan dolay\u0131 kullan\u0131c\u0131lar\u0131 kendi \u00e7\u00f6z\u00fcm yollar\u0131na pek \u00e7ekemeyecek gibi duruyor. \u00c7\u00fcnk\u00fc bir yandan\u00a0 taray\u0131c\u0131lardan \u201creklam engelleme eklentilerini\u201d silmeye \u00e7al\u0131\u015f\u0131rken bir yandan da\u00a0 kullan\u0131c\u0131lardan abonelik \u00fccreti \u00f6demek istemeyip daha g\u00fc\u00e7l\u00fc eklenti y\u00fcklemeye \u00e7al\u0131\u015fanlarla\u00a0 u\u011fra\u015fmak zorunda kal\u0131nmas\u0131 \u015firketin sorunu \u00e7\u00f6zmesini zorla\u015ft\u0131r\u0131yor.<\/p>\n\n\n\n<figure class=\"wp-block-image size-full\"><img loading=\"lazy\" decoding=\"async\" width=\"1600\" height=\"900\" src=\"https:\/\/www.indir.com\/haber\/wp-content\/uploads\/2023\/12\/233f9302-3528-4873-bb9d-c0ac9a69205b.jpg\" alt=\"youtube\" class=\"wp-image-52490\" title=\"\"><\/figure>\n\n\n\n<h2 class=\"wp-block-heading\">\u015eirket Bu Konuyu Nas\u0131l \u00c7\u00f6zmeye \u00c7al\u0131\u015f\u0131yor?<\/h2>\n\n\n\n<p>Resmi olarak yap\u0131lan a\u00e7\u0131klamaya g\u00f6re,reklam engellemek platformun hizmet \u015fartlar\u0131n\u0131 ihlal ediyor.Reklamlar\u0131n amac\u0131n\u0131n i\u00e7erik \u00fcreticilerine destek ve kullan\u0131c\u0131lara \u00e7e\u015fitli i\u00e7erikler g\u00f6stermek oldu\u011funu s\u00f6yleyen \u015firket,reklamlar\u0131 engelleyen kullan\u0131c\u0131lar\u0131n bu ama\u00e7lar\u0131n ger\u00e7ekle\u015fmesini zorla\u015ft\u0131rd\u0131\u011f\u0131n\u0131 belirtiyor.<\/p>\n\n\n\n<p>\u00c7\u00f6z\u00fcm yolu olarak Youtube,\u201dreklam engelleyici\u201d y\u00fckl\u00fc kullan\u0131c\u0131lar\u0131n videolar\u0131 oynatmas\u0131na eri\u015fim engeli getirece\u011fini belirtti.Bu s\u00fcre\u00e7te Youtube Premium \u00fcyesi olan veya reklaml\u0131 izlemeye devam eden kullan\u0131c\u0131lar\u0131n da bu durumla kar\u015f\u0131la\u015fmas\u0131 dahilinde Youtube ile ileti\u015fime ge\u00e7ilmesini ya da \u201cSorun bildir\u201d butonuna t\u0131klayarak sorunlar\u0131n\u0131 bildirmelerini gerekti\u011fini a\u00e7\u0131klad\u0131.<\/p>\n","protected":false},"excerpt":{"rendered":"<p>Video oynatma platformlar\u0131 aras\u0131nda listenin en ba\u015f\u0131nda yerini koruyan Youtube, yeni bir geli\u015fme olarak \u201creklamlar\u0131 ge\u00e7\u201d butonunda boyut ve tasar\u0131m olarak de\u011fi\u015fikli\u011fe gitti. \u00d6ncesinde keskin bir dikd\u00f6rtgen ve siyah arka planl\u0131 olan \u201creklamlar\u0131 ge\u00e7\u201d butonu son g\u00fcncellemeyle birlikte daha yuvarlak ve \u015feffaf bir \u015fekil alm\u0131\u015f oldu. Boyut olarakta ekran da kaplad\u0131\u011f\u0131 alan\u0131n k\u00fc\u00e7\u00fcld\u00fc\u011f\u00fcn\u00fc g\u00f6r\u00fcyoruz. Bunlara [&hellip;]<\/p>\n","protected":false},"author":61,"featured_media":52489,"comment_status":"open","ping_status":"closed","sticky":false,"template":"","format":"standard","meta":{"footnotes":""},"categories":[54],"tags":[130],"class_list":["post-52486","post","type-post","status-publish","format-standard","has-post-thumbnail","hentry","category-internet","tag-youtube"],"_links":{"self":[{"href":"https:\/\/www.indir.com\/haber\/wp-json\/wp\/v2\/posts\/52486","targetHints":{"allow":["GET"]}}],"collection":[{"href":"https:\/\/www.indir.com\/haber\/wp-json\/wp\/v2\/posts"}],"about":[{"href":"https:\/\/www.indir.com\/haber\/wp-json\/wp\/v2\/types\/post"}],"author":[{"embeddable":true,"href":"https:\/\/www.indir.com\/haber\/wp-json\/wp\/v2\/users\/61"}],"replies":[{"embeddable":true,"href":"https:\/\/www.indir.com\/haber\/wp-json\/wp\/v2\/comments?post=52486"}],"version-history":[{"count":0,"href":"https:\/\/www.indir.com\/haber\/wp-json\/wp\/v2\/posts\/52486\/revisions"}],"wp:featuredmedia":[{"embeddable":true,"href":"https:\/\/www.indir.com\/haber\/wp-json\/wp\/v2\/media\/52489"}],"wp:attachment":[{"href":"https:\/\/www.indir.com\/haber\/wp-json\/wp\/v2\/media?parent=52486"}],"wp:term":[{"taxonomy":"category","embeddable":true,"href":"https:\/\/www.indir.com\/haber\/wp-json\/wp\/v2\/categories?post=52486"},{"taxonomy":"post_tag","embeddable":true,"href":"https:\/\/www.indir.com\/haber\/wp-json\/wp\/v2\/tags?post=52486"}],"curies":[{"name":"wp","href":"https:\/\/api.w.org\/{rel}","templated":true}]}}