{"id":51822,"date":"2023-11-16T10:35:00","date_gmt":"2023-11-16T07:35:00","guid":{"rendered":"https:\/\/www.indir.com\/haber\/?p=51822"},"modified":"2023-11-16T10:19:43","modified_gmt":"2023-11-16T07:19:43","slug":"instagrama-yakin-arkadaslar-listesi-yeniligi","status":"publish","type":"post","link":"https:\/\/www.indir.com\/haber\/instagrama-yakin-arkadaslar-listesi-yeniligi\/","title":{"rendered":"Instagram&#8217;dan yeni \u00f6zellik: Yak\u0131n arkada\u015flar listesi deste\u011fi"},"content":{"rendered":"\n<p>Instagram , g\u00f6nderiler ve Reels i\u00e7in yak\u0131n arkada\u015flar listesi deste\u011fini ekleyerek kullan\u0131c\u0131lar\u0131n i\u00e7eriklerini s\u0131n\u0131rland\u0131rarak belli bir kitleye payla\u015fmas\u0131 i\u00e7in olanak sa\u011flad\u0131. Meta CEO&#8217;su Mark Zuckerberg, Instagram yay\u0131n\u0131nda \u201cYak\u0131n Arkada\u015flar\u0131n\u0131z ile olan payla\u015f\u0131m art\u0131k Reels ve Ak\u0131\u015f&#8217;\u0131 da kapsayacak \u015fekilde geni\u015fliyor. <\/p>\n\n\n\n<p>Yak\u0131n Arkada\u015flar Listesi yeni bir \u00f6zellik olmad\u0131\u011f\u0131 i\u00e7in Notlar ve Hikayeler i\u00e7in hali haz\u0131rda mevcut. \u0130lk olarak 2018 y\u0131l\u0131nda ba\u015flat\u0131lan bu \u00f6zellik kullan\u0131c\u0131lar\u0131n platformda gizlili\u011fe sahip olmas\u0131n\u0131 ve onlara payla\u015ft\u0131klar\u0131 i\u00e7eri\u011fin g\u00f6nderi baz\u0131nda g\u00f6r\u00fcn\u00fcrl\u00fc\u011f\u00fc \u00fczerinde kontrol sahibi olmas\u0131n\u0131 sa\u011fl\u0131yor.<\/p>\n\n\n\n<p> Bir Hikaye&#8217;yi Reel&#8217;i veya g\u00f6nderiyi Yak\u0131n Arkada\u015flar listesinde payla\u015ft\u0131\u011f\u0131n\u0131zda sadece onun par\u00e7as\u0131 olan ki\u015filer bunlar\u0131 g\u00f6rebilir.Profil sayfan\u0131zda sa\u011f \u00fcst k\u00f6\u015fedeki men\u00fcye dokunarak Yak\u0131n Arkada\u015flar&#8217;\u0131 se\u00e7ip bu listeye ki\u015fi ekleyip ki\u015fi \u00e7\u0131karabilirsiniz.<\/p>\n\n\n\n<figure class=\"wp-block-image size-full is-resized\"><img loading=\"lazy\" decoding=\"async\" width=\"1600\" height=\"900\" src=\"https:\/\/www.indir.com\/haber\/wp-content\/uploads\/2023\/11\/instagramda-abonelikten-para-kaz.jpg\" alt=\"Ye\u015fil Renkli Rozet ile Yak\u0131n Arkada\u015flar se\u00e7ene\u011fi\" class=\"wp-image-51824\" style=\"width:809px;height:auto\" title=\"\"><\/figure>\n\n\n\n<h2 class=\"wp-block-heading\">Ye\u015fil Renkli Rozet ile Yak\u0131n Arkada\u015flar Se\u00e7ene\u011fi<\/h2>\n\n\n\n<p>Instagram&#8217;da yak\u0131n arkada\u015flar\u0131n\u0131z ile payla\u015ft\u0131\u011f\u0131n\u0131z hikayelerde ye\u015fil renkli bir rozet bulunuyor. Bu listeye ekleyebilece\u011finiz ki\u015fi say\u0131s\u0131nda s\u0131n\u0131rlama bulunmuyor. Yani isterseniz t\u00fcm takip\u00e7ilerinizi bu listeye dahil edebilirsiniz.<\/p>\n\n\n\n<p>Art\u0131k Instagram Reel&#8217;inizi veya g\u00f6nderinizi yak\u0131n arkada\u015flar\u0131n\u0131z ile payla\u015fmak istiyorsan\u0131z uygulamada g\u00f6nderiyi veya reeli olu\u015ftururken hedef kitle se\u00e7ene\u011fini sayesinde herkes veya yak\u0131n arkada\u015flar aras\u0131nda se\u00e7im yapabilirsiniz. <\/p>\n","protected":false},"excerpt":{"rendered":"<p>Instagram , g\u00f6nderiler ve Reels i\u00e7in yak\u0131n arkada\u015flar listesi deste\u011fini ekleyerek kullan\u0131c\u0131lar\u0131n i\u00e7eriklerini s\u0131n\u0131rland\u0131rarak belli bir kitleye payla\u015fmas\u0131 i\u00e7in olanak sa\u011flad\u0131. Meta CEO&#8217;su Mark Zuckerberg, Instagram yay\u0131n\u0131nda \u201cYak\u0131n Arkada\u015flar\u0131n\u0131z ile olan payla\u015f\u0131m art\u0131k Reels ve Ak\u0131\u015f&#8217;\u0131 da kapsayacak \u015fekilde geni\u015fliyor. Yak\u0131n Arkada\u015flar Listesi yeni bir \u00f6zellik olmad\u0131\u011f\u0131 i\u00e7in Notlar ve Hikayeler i\u00e7in hali haz\u0131rda mevcut. [&hellip;]<\/p>\n","protected":false},"author":55,"featured_media":51823,"comment_status":"open","ping_status":"closed","sticky":false,"template":"","format":"standard","meta":{"footnotes":""},"categories":[54,1,48],"tags":[113],"class_list":["post-51822","post","type-post","status-publish","format-standard","has-post-thumbnail","hentry","category-internet","category-teknoloji","category-yazilim","tag-instagram"],"_links":{"self":[{"href":"https:\/\/www.indir.com\/haber\/wp-json\/wp\/v2\/posts\/51822","targetHints":{"allow":["GET"]}}],"collection":[{"href":"https:\/\/www.indir.com\/haber\/wp-json\/wp\/v2\/posts"}],"about":[{"href":"https:\/\/www.indir.com\/haber\/wp-json\/wp\/v2\/types\/post"}],"author":[{"embeddable":true,"href":"https:\/\/www.indir.com\/haber\/wp-json\/wp\/v2\/users\/55"}],"replies":[{"embeddable":true,"href":"https:\/\/www.indir.com\/haber\/wp-json\/wp\/v2\/comments?post=51822"}],"version-history":[{"count":0,"href":"https:\/\/www.indir.com\/haber\/wp-json\/wp\/v2\/posts\/51822\/revisions"}],"wp:featuredmedia":[{"embeddable":true,"href":"https:\/\/www.indir.com\/haber\/wp-json\/wp\/v2\/media\/51823"}],"wp:attachment":[{"href":"https:\/\/www.indir.com\/haber\/wp-json\/wp\/v2\/media?parent=51822"}],"wp:term":[{"taxonomy":"category","embeddable":true,"href":"https:\/\/www.indir.com\/haber\/wp-json\/wp\/v2\/categories?post=51822"},{"taxonomy":"post_tag","embeddable":true,"href":"https:\/\/www.indir.com\/haber\/wp-json\/wp\/v2\/tags?post=51822"}],"curies":[{"name":"wp","href":"https:\/\/api.w.org\/{rel}","templated":true}]}}