{"id":50558,"date":"2023-09-21T12:50:00","date_gmt":"2023-09-21T09:50:00","guid":{"rendered":"https:\/\/www.indir.com\/haber\/?p=50558"},"modified":"2023-09-21T12:49:13","modified_gmt":"2023-09-21T09:49:13","slug":"turk-telekomun-bazi-tarifelerine-zam-geldi","status":"publish","type":"post","link":"https:\/\/www.indir.com\/haber\/turk-telekomun-bazi-tarifelerine-zam-geldi\/","title":{"rendered":"T\u00fcrk Telekom&#8217;un baz\u0131 tarifelerine zam geldi"},"content":{"rendered":"\n<p>T\u00fcrk Telekom, ge\u00e7ti\u011fimiz Temmuz ay\u0131nda ger\u00e7ekle\u015ftirdi\u011fi zam yapm\u0131\u015ft\u0131. Operat\u00f6r yak\u0131n zamanda 1 Ekim 2023 tarihinden itibaren tarife fiyatlar\u0131nda \u00fccret art\u0131rmaya gidilece\u011fi karar\u0131n\u0131 a\u00e7\u0131klad\u0131. Bu fiyat art\u0131\u015f\u0131, \u00f6zellikle sabit internet hizmeti alan kullan\u0131c\u0131lar\u0131 etkileyecek. <\/p>\n\n\n\n<figure class=\"wp-block-image size-full\"><img loading=\"lazy\" decoding=\"async\" width=\"1052\" height=\"820\" src=\"https:\/\/www.indir.com\/haber\/wp-content\/uploads\/2023\/09\/tt-internet.webp\" alt=\"T\u00fcrk telekom tarifelerine zam geldi\" class=\"wp-image-50559\" title=\"\"><figcaption class=\"wp-element-caption\">T\u00fcrk telekom tarifelerine zam geldi <\/figcaption><\/figure>\n\n\n\n<h2 class=\"wp-block-heading\">Yeni Zamlar \u00dczerine \u015eirketten Gelen A\u00e7\u0131klama<\/h2>\n\n\n\n<p>T\u00fcrk Telekom, kullan\u0131c\u0131lar\u0131na ge\u00e7ti\u011fimiz Temmuz Ay\u0131nda yine zam yapm\u0131\u015ft\u0131. 1 Ekim&#8217;de ge\u00e7erli olacak \u00fccretler i\u00e7inse \u015firketten gelen  a\u00e7\u0131klama \u015f\u00f6yle:<\/p>\n\n\n\n<blockquote class=\"wp-block-quote is-layout-flow wp-block-quote-is-layout-flow\">\n<p><br>1 Ekim 2023 tarihinden itibaren; Evde\/\u0130\u015fte \u0130nternet tarifelerinin liste fiyat\u0131, Yal\u0131n\/Alo eri\u015fim liste fiyat\u0131 ve Alo dakika paketlerinin liste fiyat\u0131, Statik IP liste fiyat\u0131 ve Tek Seferlik \u0130\u015flem \u00fccretlerinde (devir, hat dondurma, hat kapama) g\u00fcncelleme yap\u0131larak hizmet verilmeye devam edilecektir.<\/p>\n\n\n\n<p>Bahse konu liste fiyat\u0131 g\u00fcncellemelerinden etkilenenler ise sadece taahh\u00fcts\u00fcz durumda olan m\u00fc\u015fteriler etkilenecek olup, taahh\u00fctl\u00fc m\u00fc\u015fteriler taahh\u00fct s\u00fcreleri boyunca herhangi bir fiyat de\u011fi\u015fikli\u011finden etkilenme ya\u015famayacakt\u0131r. Taahh\u00fcts\u00fcz m\u00fc\u015fterilerimiz de avantajl\u0131 kampanyalar\u0131m\u0131za kat\u0131larak hi\u00e7bir fiyat de\u011fi\u015fikli\u011finden etkilenmeden kullan\u0131mlar\u0131na kald\u0131klar\u0131 yerden devam edebilirler.<\/p>\n<\/blockquote>\n","protected":false},"excerpt":{"rendered":"<p>T\u00fcrk Telekom, ge\u00e7ti\u011fimiz Temmuz ay\u0131nda ger\u00e7ekle\u015ftirdi\u011fi zam yapm\u0131\u015ft\u0131. Operat\u00f6r yak\u0131n zamanda 1 Ekim 2023 tarihinden itibaren tarife fiyatlar\u0131nda \u00fccret art\u0131rmaya gidilece\u011fi karar\u0131n\u0131 a\u00e7\u0131klad\u0131. Bu fiyat art\u0131\u015f\u0131, \u00f6zellikle sabit internet hizmeti alan kullan\u0131c\u0131lar\u0131 etkileyecek. Yeni Zamlar \u00dczerine \u015eirketten Gelen A\u00e7\u0131klama T\u00fcrk Telekom, kullan\u0131c\u0131lar\u0131na ge\u00e7ti\u011fimiz Temmuz Ay\u0131nda yine zam yapm\u0131\u015ft\u0131. 1 Ekim&#8217;de ge\u00e7erli olacak \u00fccretler i\u00e7inse \u015firketten [&hellip;]<\/p>\n","protected":false},"author":49,"featured_media":24707,"comment_status":"open","ping_status":"closed","sticky":false,"template":"","format":"standard","meta":{"footnotes":""},"categories":[54],"tags":[71,154,4653],"class_list":["post-50558","post","type-post","status-publish","format-standard","has-post-thumbnail","hentry","category-internet","tag-internet","tag-turk-telekom","tag-turk-telekom-internet-fiyatlari-zamlandi"],"_links":{"self":[{"href":"https:\/\/www.indir.com\/haber\/wp-json\/wp\/v2\/posts\/50558","targetHints":{"allow":["GET"]}}],"collection":[{"href":"https:\/\/www.indir.com\/haber\/wp-json\/wp\/v2\/posts"}],"about":[{"href":"https:\/\/www.indir.com\/haber\/wp-json\/wp\/v2\/types\/post"}],"author":[{"embeddable":true,"href":"https:\/\/www.indir.com\/haber\/wp-json\/wp\/v2\/users\/49"}],"replies":[{"embeddable":true,"href":"https:\/\/www.indir.com\/haber\/wp-json\/wp\/v2\/comments?post=50558"}],"version-history":[{"count":0,"href":"https:\/\/www.indir.com\/haber\/wp-json\/wp\/v2\/posts\/50558\/revisions"}],"wp:featuredmedia":[{"embeddable":true,"href":"https:\/\/www.indir.com\/haber\/wp-json\/wp\/v2\/media\/24707"}],"wp:attachment":[{"href":"https:\/\/www.indir.com\/haber\/wp-json\/wp\/v2\/media?parent=50558"}],"wp:term":[{"taxonomy":"category","embeddable":true,"href":"https:\/\/www.indir.com\/haber\/wp-json\/wp\/v2\/categories?post=50558"},{"taxonomy":"post_tag","embeddable":true,"href":"https:\/\/www.indir.com\/haber\/wp-json\/wp\/v2\/tags?post=50558"}],"curies":[{"name":"wp","href":"https:\/\/api.w.org\/{rel}","templated":true}]}}