{"id":50295,"date":"2023-09-11T16:34:15","date_gmt":"2023-09-11T13:34:15","guid":{"rendered":"https:\/\/www.indir.com\/haber\/?p=50295"},"modified":"2023-09-11T16:34:21","modified_gmt":"2023-09-11T13:34:21","slug":"preply-acikladi-4-kisiden-biri-plaza-turkcesi-kullaniyor","status":"publish","type":"post","link":"https:\/\/www.indir.com\/haber\/preply-acikladi-4-kisiden-biri-plaza-turkcesi-kullaniyor\/","title":{"rendered":"Preply a\u00e7\u0131klad\u0131: 4 ki\u015fiden biri, g\u00fcnde birka\u00e7 kez Plaza T\u00fcrk\u00e7esi kullan\u0131yor!"},"content":{"rendered":"\n<p>\u0130\u015f d\u00fcnyas\u0131ndaki k\u00fcreselle\u015fme, say\u0131s\u0131 artan online dil \u00f6\u011frenme platformlar\u0131, yabanc\u0131 dilde e\u011fitim konusunda kaydedilen ilerleme, lisans ve y\u00fcksek lisans e\u011fitimlerini T\u00fcrkiye\u2019de yabanc\u0131 dilde e\u011fitim veren \u00fcniversitelerde veya yurt d\u0131\u015f\u0131nda tamamlayan profesyonellerin say\u0131s\u0131ndaki art\u0131\u015f\u2026 Bunlar gibi pek \u00e7ok fakt\u00f6r, ortaya \u00f6zellikle b\u00fcy\u00fck\u015fehirlerde ya\u015fayan ve \u00e7ok uluslu \u015firketlerde, yeni nesil giri\u015fimlerde, ajanslarda \u00e7al\u0131\u015fanlar\u0131n konu\u015ftu\u011fu yeni bir dil \u00e7\u0131kard\u0131: Plaza T\u00fcrk\u00e7esi<\/p>\n\n\n\n<p>Online yabanc\u0131 dil \u00f6\u011frenme platformu Preply, \u00e7ok\u00e7a ele\u015ftirildi\u011fi halde vazge\u00e7ilmeyen ve giderek yayg\u0131nla\u015fan Plaza T\u00fcrk\u00e7esi hakk\u0131nda kapsaml\u0131 bir ara\u015ft\u0131rma yapt\u0131. Plaza T\u00fcrk\u00e7esi ne kadar kullan\u0131l\u0131yor? Hangi sekt\u00f6rler Plaza T\u00fcrk\u00e7esini daha \u00e7ok kullan\u0131yor? Neden Plaza T\u00fcrk\u00e7esini kullan\u0131yorlar? En \u00e7ok Hangi ifadeleri tercih ediyorlar? Preply\u2019nin Plaza T\u00fcrk\u00e7esi ara\u015ft\u0131rmas\u0131n\u0131n sonu\u00e7lar\u0131n\u0131 a\u00e7\u0131kl\u0131yoruz.\u00a0<\/p>\n\n\n\n<figure class=\"wp-block-image size-full\"><img loading=\"lazy\" decoding=\"async\" width=\"1600\" height=\"900\" src=\"https:\/\/www.indir.com\/haber\/wp-content\/uploads\/2023\/09\/gorsel_2_1600x900.jpg\" alt=\"Preply a\u00e7\u0131klad\u0131 plaza t\u00fcrk\u00e7esi \" class=\"wp-image-50297\" title=\"\"><figcaption class=\"wp-element-caption\">Preply a\u00e7\u0131klad\u0131 plaza t\u00fcrk\u00e7esi <\/figcaption><\/figure>\n\n\n\n<p><strong>Plaza T\u00fcrk\u00e7esindeki temel trendler<\/strong><\/p>\n\n\n\n<p><a href=\"https:\/\/preply.com\/tr\/online\/ingilizce-e%C4%9Fitimi\" target=\"_blank\" rel=\"noopener\">Online \u0130ngilizce kurslar\u0131<\/a>, online \u0130spanyolca kurslar\u0131, online Almanca kurslar\u0131 gibi se\u00e7enekleriyle ana dilini konu\u015fan dil e\u011fitmenlerini online platformda dil \u00f6\u011frenmek isteyenlerle bulu\u015fturan Preply taraf\u0131ndan yap\u0131lan Plaza T\u00fcrk\u00e7esi Ara\u015ft\u0131rmas\u0131\u2019na 470 ki\u015fi kat\u0131ld\u0131. Online bir anket \u00fczerinden kendilerine sorulan sorular\u0131 yan\u0131tlayan kat\u0131l\u0131mc\u0131lar, Plaza T\u00fcrk\u00e7esine ili\u015fkin temel trendleri de ortaya koydu. Preply, derledi\u011fi sonu\u00e7lar\u0131 ve ara\u015ft\u0131rma bulgular\u0131n\u0131 internet sitesinde yay\u0131mlad\u0131. \u0130\u015fte, teknoloji, bili\u015fim, finans, bankac\u0131l\u0131k, h\u0131zl\u0131 t\u00fcketim (FMCG) gibi sekt\u00f6rlerde \u00e7al\u0131\u015fan profesyonellerin kat\u0131ld\u0131\u011f\u0131 ara\u015ft\u0131rmadan \u00f6ne \u00e7\u0131kan sonu\u00e7lar..<\/p>\n\n\n\n<p><strong>\u0130ngilizce \u00f6ne \u00e7\u0131k\u0131yor<\/strong><\/p>\n\n\n\n<p>Plaza T\u00fcrk\u00e7esi kullanan ki\u015filere y\u00f6neltilen sorulardan birinde, bu ki\u015filerin T\u00fcrkiye\u2019de s\u00fcrd\u00fcrd\u00fckleri kariyerlerinde T\u00fcrk\u00e7e d\u0131\u015f\u0131nda kulland\u0131klar\u0131 ikinci dil tespit edildi. Buna g\u00f6re, 10 ki\u015fiden 7\u2019si i\u00e7in i\u015f hayat\u0131nda T\u00fcrk\u00e7eden sonra kulland\u0131klar\u0131 ikinci dil \u0130ngilizce oldu. \u0130ngilizceyi Almanca, Frans\u0131zca, \u0130spanyolca, Rus\u00e7a ve di\u011fer diller izlerken ara\u015ft\u0131rma kat\u0131l\u0131mc\u0131lar\u0131, ikinci dil seviyelerini genellikle \u201ciyi\u201d olarak tan\u0131mlad\u0131. \u00c7ok iyi, iyi, orta, k\u00f6t\u00fc, \u00e7ok k\u00f6t\u00fc skalas\u0131 \u00fczerinden ikinci dil seviyelerini de\u011ferlendiren 470 kat\u0131l\u0131mc\u0131dan %40\u2019\u0131 dil seviyesini \u201ciyi\u201d olarak nitelendirirken, \u201c\u00e7ok iyi\u201d olarak tan\u0131mlayanlar\u0131n oran\u0131 %25 olarak \u00f6l\u00e7\u00fcld\u00fc.&nbsp;<\/p>\n\n\n\n<p>Ara\u015ft\u0131rman\u0131n detayl\u0131 sonu\u00e7lar\u0131na <a href=\"https:\/\/preply.com\/tr\/blog\/plaza-turkcesine-isik-tutuyoruz-hangi-kelimeler-neden-kullaniliyor\/\" target=\"_blank\" rel=\"noopener\">Preply web sitesinden<\/a> ula\u015f\u0131labilir.&nbsp;<\/p>\n\n\n\n<p><strong>Plaza T\u00fcrk\u00e7esinde en \u00e7ok kullan\u0131lanlar<\/strong><\/p>\n\n\n\n<p>D\u00f6rt ki\u015fiden birinin, g\u00fcnde birka\u00e7 kez Plaza T\u00fcrk\u00e7esi kulland\u0131\u011f\u0131n\u0131 ortaya koyan Preply ara\u015ft\u0131rmas\u0131, %32\u2019lik bir kesimin, Plaza T\u00fcrk\u00e7esi ba\u015fl\u0131\u011f\u0131 alt\u0131nda de\u011ferlendirilen ifadeleri haftada birka\u00e7 kez kulland\u0131\u011f\u0131n\u0131 ortaya koydu. Kat\u0131l\u0131mc\u0131lar\u0131n en \u00e7ok kullan\u0131ld\u0131\u011f\u0131n\u0131 d\u00fc\u015f\u00fcnd\u00fckleri ifadeleri belirledikleri sorunun \u00e7\u0131kt\u0131lar\u0131na g\u00f6re beyaz yakal\u0131lar\u0131n favori Plaza T\u00fcrk\u00e7esi kelimeleri, s\u0131ras\u0131yla \u201ctoplant\u0131 set etmek\u201d, \u201cbrainstorming yapmak\u201d ve \u201cdiscuss etmek\u201d olarak \u00f6ne \u00e7\u0131kt\u0131. En az kullan\u0131lan ifadeler aras\u0131nda ise \u201cattach etmek\u201d, \u201cforward etmek\u201d ve \u201cpainpoint\u2019i bulmak\u201d ifadeleri s\u0131raland\u0131.&nbsp;<\/p>\n\n\n\n<p><strong>Bu ifadelere dikkat!<\/strong><\/p>\n\n\n\n<p>Kat\u0131l\u0131mc\u0131lar, \u201ctoplant\u0131 set etmek\u201d ifadesinin kendilerini en \u00e7ok rahats\u0131z eden plaza jargonu oldu\u011funu kaydetti. Toplant\u0131 ayarlamak, toplant\u0131 tarihi belirlemek gibi anlamlara gelen \u201ctoplant\u0131 set etmek\u201d ifadesini \u201ctask a\u00e7mak\u201d izlerken, T\u00fcrk\u00e7ede bulunmayan bir fiil \u00e7ekimi olan ve \u0130ngilizcede \u201cfuture continuous tense\u201d olarak bilinen \u201c-yor olaca\u011f\u0131z\u201d kullan\u0131m\u0131n\u0131n da beyaz yakalara rahats\u0131zl\u0131k verdi\u011fi ortaya \u00e7\u0131kt\u0131. Genelde \u201cyap\u0131yor olaca\u011f\u0131z\u201d, \u201cbak\u0131yor olaca\u011f\u0131z\u201d gibi kullan\u0131mlarla kar\u015f\u0131m\u0131za \u00e7\u0131kan bu \u00e7ekim, beyaz yakalar\u0131n duymaktan ho\u015flanmad\u0131\u011f\u0131 Plaza T\u00fcrk\u00e7esi kavramlar\u0131ndan biri olarak yer ald\u0131.&nbsp;<\/p>\n\n\n\n<p><strong>\u201cPrestijli g\u00f6r\u00fcn\u00fcyor\u201d<\/strong><\/p>\n\n\n\n<p>Neden Plaza T\u00fcrk\u00e7esini tercih ediyorlar? Gerek\u00e7e olarak i\u015f d\u00fcnyas\u0131ndaki k\u00fcreselle\u015fme, \u0130ngilizce yeterlili\u011findeki art\u0131\u015f ve Plaza T\u00fcrk\u00e7esinin \u201cprestijli\u201d g\u00f6r\u00fcnd\u00fc\u011f\u00fc ba\u015fl\u0131klar\u0131 s\u0131raland\u0131. Kat\u0131l\u0131mc\u0131lar\u0131n Plaza T\u00fcrk\u00e7esi kullanma sebeplerinde \u201cT\u00fcrk\u00e7e kar\u015f\u0131l\u0131\u011f\u0131 olsa da tam olarak ayn\u0131 anlam\u0131 vermiyor\u201d se\u00e7ene\u011fi \u00f6ne \u00e7\u0131kt\u0131. 5 ki\u015fiden ikisinin Plaza T\u00fcrk\u00e7esindeki kavramlar\u0131n tam T\u00fcrk\u00e7e kar\u015f\u0131l\u0131klar\u0131 olmad\u0131\u011f\u0131n\u0131 d\u00fc\u015f\u00fcnd\u00fc\u011f\u00fcn\u00fc g\u00f6steren ara\u015ft\u0131rmada %28\u2019lik bir kesim T\u00fcrk\u00e7e ile anla\u015fman\u0131n zor oldu\u011funu, %14\u2019l\u00fck bir kesim ise ayn\u0131 anda hem T\u00fcrk\u00e7e hem \u0130ngilizce d\u00fc\u015f\u00fcnd\u00fc\u011f\u00fcn\u00fc s\u00f6yledi.&nbsp;<\/p>\n\n\n\n<p><strong>\u201cZararl\u0131 de\u011fil!\u201d<\/strong><\/p>\n\n\n\n<p>Ara\u015ft\u0131rmada, plaza \u00e7al\u0131\u015fanlar\u0131n\u0131n genel olarak Plaza T\u00fcrk\u00e7esinin T\u00fcrk\u00e7eye zarar vermedi\u011fini d\u00fc\u015f\u00fcnd\u00fc\u011f\u00fc g\u00f6r\u00fcld\u00fc. Yaln\u0131zca 5 ki\u015fiden biri, Plaza T\u00fcrk\u00e7esi kullanman\u0131n T\u00fcrk\u00e7eyi kirletti\u011fine, zarar verdi\u011fine inand\u0131\u011f\u0131 ve bu konuda kat\u0131 oldu\u011fu tespit edilirken, bu soruya \u201ckesinlikle d\u00fc\u015f\u00fcnm\u00fcyorum\u201d ve \u201cd\u00fc\u015f\u00fcnm\u00fcyorum\u201d yan\u0131tlar\u0131n\u0131 verenlerin oran\u0131 yakla\u015f\u0131k %60 olarak kaydedildi.&nbsp;<\/p>\n\n\n\n<p>Plaza T\u00fcrk\u00e7esinin genel anlamda T\u00fcrk\u00e7eye zarar vermedi\u011fini savunanlar\u0131n temel arg\u00fcmanlar\u0131 ise i\u015f d\u00fcnyas\u0131n\u0131n uluslararas\u0131 do\u011fas\u0131 (%40), terimlerin kesin ve h\u0131zl\u0131 ifade edilmesi (%25), profesyonellik ve modernlik imaj\u0131 (%20), verimli ve k\u0131sa ileti\u015fim (%15), k\u00fcresel teknoloji ve trendlere uyum (%10) \u015feklinde da\u011f\u0131l\u0131m g\u00f6sterdi.<\/p>\n","protected":false},"excerpt":{"rendered":"<p>\u0130\u015f d\u00fcnyas\u0131ndaki k\u00fcreselle\u015fme, say\u0131s\u0131 artan online dil \u00f6\u011frenme platformlar\u0131, yabanc\u0131 dilde e\u011fitim konusunda kaydedilen ilerleme, lisans ve y\u00fcksek lisans e\u011fitimlerini T\u00fcrkiye\u2019de yabanc\u0131 dilde e\u011fitim veren \u00fcniversitelerde veya yurt d\u0131\u015f\u0131nda tamamlayan profesyonellerin say\u0131s\u0131ndaki art\u0131\u015f\u2026 Bunlar gibi pek \u00e7ok fakt\u00f6r, ortaya \u00f6zellikle b\u00fcy\u00fck\u015fehirlerde ya\u015fayan ve \u00e7ok uluslu \u015firketlerde, yeni nesil giri\u015fimlerde, ajanslarda \u00e7al\u0131\u015fanlar\u0131n konu\u015ftu\u011fu yeni bir dil [&hellip;]<\/p>\n","protected":false},"author":8,"featured_media":50296,"comment_status":"open","ping_status":"closed","sticky":false,"template":"","format":"standard","meta":{"footnotes":""},"categories":[54],"tags":[8938],"class_list":["post-50295","post","type-post","status-publish","format-standard","has-post-thumbnail","hentry","category-internet","tag-preply"],"_links":{"self":[{"href":"https:\/\/www.indir.com\/haber\/wp-json\/wp\/v2\/posts\/50295","targetHints":{"allow":["GET"]}}],"collection":[{"href":"https:\/\/www.indir.com\/haber\/wp-json\/wp\/v2\/posts"}],"about":[{"href":"https:\/\/www.indir.com\/haber\/wp-json\/wp\/v2\/types\/post"}],"author":[{"embeddable":true,"href":"https:\/\/www.indir.com\/haber\/wp-json\/wp\/v2\/users\/8"}],"replies":[{"embeddable":true,"href":"https:\/\/www.indir.com\/haber\/wp-json\/wp\/v2\/comments?post=50295"}],"version-history":[{"count":0,"href":"https:\/\/www.indir.com\/haber\/wp-json\/wp\/v2\/posts\/50295\/revisions"}],"wp:featuredmedia":[{"embeddable":true,"href":"https:\/\/www.indir.com\/haber\/wp-json\/wp\/v2\/media\/50296"}],"wp:attachment":[{"href":"https:\/\/www.indir.com\/haber\/wp-json\/wp\/v2\/media?parent=50295"}],"wp:term":[{"taxonomy":"category","embeddable":true,"href":"https:\/\/www.indir.com\/haber\/wp-json\/wp\/v2\/categories?post=50295"},{"taxonomy":"post_tag","embeddable":true,"href":"https:\/\/www.indir.com\/haber\/wp-json\/wp\/v2\/tags?post=50295"}],"curies":[{"name":"wp","href":"https:\/\/api.w.org\/{rel}","templated":true}]}}