{"id":49734,"date":"2023-08-12T12:27:13","date_gmt":"2023-08-12T09:27:13","guid":{"rendered":"https:\/\/www.indir.com\/haber\/?p=49734"},"modified":"2023-08-12T12:27:15","modified_gmt":"2023-08-12T09:27:15","slug":"instagram-dikkat-cekici-ozelliklerle-geliyor","status":"publish","type":"post","link":"https:\/\/www.indir.com\/haber\/instagram-dikkat-cekici-ozelliklerle-geliyor\/","title":{"rendered":"Instagram dikkat \u00e7ekici \u00f6zelliklerle geliyor"},"content":{"rendered":"\n<p>Pop\u00fcler sosyal medya platformlar\u0131ndan biri olan Instagram kullan\u0131c\u0131lar\u0131na baz\u0131 yeni \u00f6zellikler sundu. Instagram ilerleyen tarihlerde daha fazla dikkat \u00e7ekici \u00f6zellikleriyle g\u00fcndeme gelecek.<\/p>\n\n\n\n<p>Instagram&#8217;da birden fazla foto\u011fraf ya da video i\u00e7eren \u00e7oklu post payla\u015f\u0131m\u0131 yap\u0131ld\u0131\u011f\u0131nda, payla\u015f\u0131ma tek bir m\u00fczik eklenebilecek. Bu \u00f6zellik ilk olarak Amerikal\u0131 \u015fark\u0131c\u0131 Olivia Rodrigo i\u00e7in a\u00e7\u0131ld\u0131. \u00d6zellik yak\u0131n zamanda t\u00fcm kullan\u0131c\u0131lara sunulacak. Bir di\u011fer \u00f6zellik ise ortak payla\u015f\u0131m. Ortak payla\u015f\u0131m ile birlikte 3 ki\u015fi tek bir ortak payla\u015f\u0131mda bulunabilecek ve payla\u015f\u0131m 3 ki\u015finin de profilinde yer alacak. <\/p>\n\n\n\n<figure class=\"wp-block-image size-full\"><img loading=\"lazy\" decoding=\"async\" width=\"1280\" height=\"720\" src=\"https:\/\/www.indir.com\/haber\/wp-content\/uploads\/2023\/08\/Instagram-collab-ozelligi1.jpg\" alt=\"Instagram dikkat \u00e7ekici \u00f6zelliklerle geliyor\" class=\"wp-image-49743\" title=\"\"><\/figure>\n\n\n\n<p>Instagram, \u015fu anda bir &#8220;Meta Verified&#8221; ak\u0131\u015f\u0131 \u00fczerinde \u00e7al\u0131\u015f\u0131yor. Bu ak\u0131\u015f sadece platforma \u00fccretli abone olan ki\u015filerin payla\u015f\u0131mlar\u0131n\u0131n g\u00f6r\u00fclebilece\u011fi bir i\u00e7erik ak\u0131\u015f\u0131n\u0131 planl\u0131yor. Ayr\u0131ca, ge\u00e7ti\u011fimiz g\u00fcnlerde yapt\u0131\u011f\u0131 gibi, platforma \u00fcretken bir yapay zeka tabanl\u0131 g\u00f6rsel \u00fcretim sistemi de eklemeyi d\u00fc\u015f\u00fcn\u00fcyor.<\/p>\n\n\n\n<h2 class=\"wp-block-heading\">Instagram yapay zeka sohbet botunu getiriyor<\/h2>\n\n\n\n<p>Bu gibi \u00e7al\u0131\u015fan sistemler, \u00f6rne\u011fin Dall-E veya MidJourney, do\u011frudan uygulama i\u00e7inde yaz\u0131lan metinleri g\u00f6rsellere veya foto\u011fraflara d\u00f6n\u00fc\u015ft\u00fcrebilecek yeteneklere sahip olacaklar. Bu \u00fcretilen i\u00e7erikler istenilen herhangi bir yerde kolayca payla\u015f\u0131labilecek. Ayr\u0131ca, Instagram, bir &#8220;\u015fablon&#8221; etiketi \u00fczerinde \u00e7al\u0131\u015f\u0131yor ve ayn\u0131 zamanda ba\u015fkalar\u0131n\u0131n g\u00f6nderilere foto\u011fraf ve video eklemesine olanak sa\u011flayacak bir \u00f6zellik \u00fczerinde de geli\u015ftirme yap\u0131yor. <\/p>\n\n\n\n<p>&#8220;Farkl\u0131 ki\u015filiklere&#8221; sahip olacak botlar, platform kullan\u0131c\u0131lar\u0131na yeni bir arama deneyimi sunacak ve tavsiyelerde bulunacak.  Alessandro Paluzzi&#8217;nin yapt\u0131\u011f\u0131 bulu\u015f ile birlikte Instagram i\u00e7in &#8220;AI Agent&#8221; isimli bir sohbet botu geli\u015ftirilmi\u015fti. Bu bot sorulara yan\u0131t verme ve ki\u015filere tavsiyelerde bulunman\u0131n yan\u0131 s\u0131ra istenilen sohbete &#8220;@&#8221; yard\u0131m\u0131 ile \u00e7a\u011f\u0131r\u0131labiliyor. <\/p>\n\n\n\n<p>Kullan\u0131c\u0131lara se\u00e7me \u015fans\u0131 sunulacak bu botun 30 farkl\u0131 ki\u015fili\u011fe sahip olaca\u011f\u0131 belirtilmi\u015fti. 7\/24 aktif olacak sohbet botu kullan\u0131c\u0131lar\u0131n uygulama ile ilgili sordu\u011fu her soruya yan\u0131t verecek. Bu alt yap\u0131, &#8220;Verimlili\u011finizi art\u0131rmak i\u00e7in size yard\u0131mc\u0131 olacak&#8221; \u015feklinde ifade ediliyor. Bu altyap\u0131, birden fazla \u00f6zel karakteri bar\u0131nd\u0131racak ve her biri farkl\u0131 tarzda cevaplar sunacak. Instagram, &#8220;Farkl\u0131 karakterleri ke\u015ffedin ve en sevdi\u011finizi bulun&#8221; \u015feklinde a\u00e7\u0131klamalarda bulunarak, sohbet botlar\u0131n\u0131n yanl\u0131\u015f i\u00e7erikler \u00fcretebilece\u011fi konusunda da kullan\u0131c\u0131lar\u0131 uyar\u0131yor.<\/p>\n","protected":false},"excerpt":{"rendered":"<p>Pop\u00fcler sosyal medya platformlar\u0131ndan biri olan Instagram kullan\u0131c\u0131lar\u0131na baz\u0131 yeni \u00f6zellikler sundu. Instagram ilerleyen tarihlerde daha fazla dikkat \u00e7ekici \u00f6zellikleriyle g\u00fcndeme gelecek. Instagram&#8217;da birden fazla foto\u011fraf ya da video i\u00e7eren \u00e7oklu post payla\u015f\u0131m\u0131 yap\u0131ld\u0131\u011f\u0131nda, payla\u015f\u0131ma tek bir m\u00fczik eklenebilecek. Bu \u00f6zellik ilk olarak Amerikal\u0131 \u015fark\u0131c\u0131 Olivia Rodrigo i\u00e7in a\u00e7\u0131ld\u0131. \u00d6zellik yak\u0131n zamanda t\u00fcm kullan\u0131c\u0131lara sunulacak. [&hellip;]<\/p>\n","protected":false},"author":26,"featured_media":47269,"comment_status":"open","ping_status":"closed","sticky":false,"template":"","format":"standard","meta":{"footnotes":""},"categories":[54],"tags":[113],"class_list":["post-49734","post","type-post","status-publish","format-standard","has-post-thumbnail","hentry","category-internet","tag-instagram"],"_links":{"self":[{"href":"https:\/\/www.indir.com\/haber\/wp-json\/wp\/v2\/posts\/49734","targetHints":{"allow":["GET"]}}],"collection":[{"href":"https:\/\/www.indir.com\/haber\/wp-json\/wp\/v2\/posts"}],"about":[{"href":"https:\/\/www.indir.com\/haber\/wp-json\/wp\/v2\/types\/post"}],"author":[{"embeddable":true,"href":"https:\/\/www.indir.com\/haber\/wp-json\/wp\/v2\/users\/26"}],"replies":[{"embeddable":true,"href":"https:\/\/www.indir.com\/haber\/wp-json\/wp\/v2\/comments?post=49734"}],"version-history":[{"count":0,"href":"https:\/\/www.indir.com\/haber\/wp-json\/wp\/v2\/posts\/49734\/revisions"}],"wp:featuredmedia":[{"embeddable":true,"href":"https:\/\/www.indir.com\/haber\/wp-json\/wp\/v2\/media\/47269"}],"wp:attachment":[{"href":"https:\/\/www.indir.com\/haber\/wp-json\/wp\/v2\/media?parent=49734"}],"wp:term":[{"taxonomy":"category","embeddable":true,"href":"https:\/\/www.indir.com\/haber\/wp-json\/wp\/v2\/categories?post=49734"},{"taxonomy":"post_tag","embeddable":true,"href":"https:\/\/www.indir.com\/haber\/wp-json\/wp\/v2\/tags?post=49734"}],"curies":[{"name":"wp","href":"https:\/\/api.w.org\/{rel}","templated":true}]}}