{"id":49705,"date":"2023-08-10T12:30:00","date_gmt":"2023-08-10T09:30:00","guid":{"rendered":"https:\/\/www.indir.com\/haber\/?p=49705"},"modified":"2023-08-10T12:15:45","modified_gmt":"2023-08-10T09:15:45","slug":"disney-plus-turkiye-fiyatlarina-zam-yapti","status":"publish","type":"post","link":"https:\/\/www.indir.com\/haber\/disney-plus-turkiye-fiyatlarina-zam-yapti\/","title":{"rendered":"Disney Plus, T\u00fcrkiye fiyatlar\u0131na zam yapt\u0131"},"content":{"rendered":"\n<p>Disney Plus, y\u0131l ba\u015f\u0131nda T\u00fcrkiye fiyatlar\u0131nda zam yapm\u0131\u015ft\u0131, \u015fimdi de k\u00fcresel \u00e7apta tekrar zam yap\u0131yor. Yap\u0131lan zamm\u0131n T\u00fcrkiye fiyatlar\u0131na da etki etmesi bekleniyor. <\/p>\n\n\n\n<p>Platform yak\u0131n zamanda Atat\u00fcrk dizisini platform yerine bir televizyon kanal\u0131nda ve sinemada yay\u0131nlama karar\u0131 nedeniyle b\u00fcy\u00fck tepki toplam\u0131\u015ft\u0131.<\/p>\n\n\n\n<h2 class=\"wp-block-heading\">Disney + reklams\u0131z abonelik \u00fccretine %27 zam yapt\u0131<\/h2>\n\n\n\n<p>Disney Plus&#8217;\u0131n reklams\u0131z aboneli\u011fi 12 Ekim itibariyle %27 zamla birlikte ayl\u0131k 13,99 dolar olacak. Reklaml\u0131 abonelik se\u00e7ene\u011fi ise h\u00e2l\u00e2 7,99 dolar olarak devam edecek. Disney Plus&#8217;\u0131n ayl\u0131k T\u00fcrkiye abonelik \u00fccreti 64,99 TL&#8217;ydi. K\u00fcresel zam dikkate al\u0131nd\u0131\u011f\u0131nda platformun T\u00fcrkiye i\u00e7in ayl\u0131k abonelik fiyat\u0131n\u0131n 82 TL&#8217;ye y\u00fckselme ihtimali y\u00fcksek. <\/p>\n\n\n\n<p>Dolar kurunun belirsizli\u011fi g\u00f6z \u00f6n\u00fcnde bulunduruldu\u011funda k\u00fcresel olarak yap\u0131lan zam T\u00fcrkiye fiyatlar\u0131na daha b\u00fcy\u00fck bir \u015fekilde yans\u0131yabilir.  Firman\u0131n Atat\u00fcrk dizisini platformda yay\u0131nlamamas\u0131 nedeniyle T\u00fcrkiye&#8217;de bir \u00e7ok kullan\u0131c\u0131 taraf\u0131ndan protesto edilmesi i\u015fleri zorla\u015ft\u0131racak gibi g\u00f6r\u00fcn\u00fcyor.<\/p>\n\n\n\n<p>Baz\u0131 s\u00f6ylentilere g\u00f6re platformun T\u00fcrkiye&#8217;den \u00e7ekilme ihtimali varken ayl\u0131k abonelik \u00fccretinin ne olaca\u011f\u0131 bilinmiyor. Disney, 1 Kas\u0131m itibariyle Avrupa ve Kanada&#8217;da belirli pazarlara reklaml\u0131 abonelik sistemini getiriyor. T\u00fcrkiye&#8217;nin bu plana dahil olup olmad\u0131\u011f\u0131 hen\u00fcz bilinmiyor. <\/p>\n\n\n\n<figure class=\"wp-block-image size-full\"><img loading=\"lazy\" decoding=\"async\" width=\"1600\" height=\"900\" src=\"https:\/\/www.indir.com\/haber\/wp-content\/uploads\/2022\/08\/en-cok-aboneye-sahip-platform-disney-plus-oldu.jpg\" alt=\"Disney\" class=\"wp-image-31526\" title=\"\" srcset=\"https:\/\/www.indir.com\/haber\/wp-content\/uploads\/2022\/08\/en-cok-aboneye-sahip-platform-disney-plus-oldu.jpg 1600w, https:\/\/www.indir.com\/haber\/wp-content\/uploads\/2022\/08\/en-cok-aboneye-sahip-platform-disney-plus-oldu-300x169.jpg 300w, https:\/\/www.indir.com\/haber\/wp-content\/uploads\/2022\/08\/en-cok-aboneye-sahip-platform-disney-plus-oldu-768x432.jpg 768w, https:\/\/www.indir.com\/haber\/wp-content\/uploads\/2022\/08\/en-cok-aboneye-sahip-platform-disney-plus-oldu-1536x864.jpg 1536w\" sizes=\"auto, (max-width: 1600px) 100vw, 1600px\" \/><\/figure>\n\n\n\n<h2 class=\"wp-block-heading\">Disney +&#8217;tan cesur hamle<\/h2>\n\n\n\n<p>Disney CEO&#8217;su Bob Iger, ba\u015flang\u0131\u00e7ta aile paketini 6,99 dolara sunarak, neredeyse Netflix&#8217;in yar\u0131s\u0131 fiyat\u0131na, Disney+&#8217;\u0131 piyasaya s\u00fcrd\u00fc. Disney+, i\u00e7erik k\u00fct\u00fcphanesinin Netflix ve HBO Max gibi reklams\u0131z hizmetlerle rekabet edebilece\u011fine olan inanc\u0131n\u0131 yans\u0131tan y\u00fcksek \u00fccretlendirme karar\u0131n\u0131 ald\u0131\u011f\u0131 d\u00fc\u015f\u00fcn\u00fcl\u00fcyor.<\/p>\n\n\n\n<p>Bob Iger, \u00c7ar\u015famba g\u00fcn\u00fc ger\u00e7ekle\u015ftirilen kazan\u00e7 toplant\u0131s\u0131nda, &#8220;2022\u2019nin sonlar\u0131nda Disney+\u2019da olduk\u00e7a \u00f6nemli bir fiyat art\u0131\u015f\u0131 yapt\u0131k ve ondan sonra ger\u00e7ekten \u00f6nemli say\u0131da bir abone kayb\u0131 g\u00f6rmedik, bu da asl\u0131nda bizi fiyat art\u0131\u015f\u0131 konusunda y\u00fcreklendirdi.&#8221; a\u00e7\u0131klamas\u0131n\u0131 yapt\u0131.<\/p>\n\n\n\n<p>Platform bu hizmetlerin fiyat\u0131n\u0131 sabit tutarak kullan\u0131c\u0131lar\u0131 bilin\u00e7li olarak reklam destekli hizmetlerine y\u00f6nlendirmeyi planl\u0131yor. Iger, yay\u0131n ak\u0131\u015f platformlar\u0131n\u0131n reklam i\u00e7in geleneksel y\u00f6ntemlere g\u00f6re daha etkili oldu\u011funu s\u00f6yl\u00fcyor. <\/p>\n","protected":false},"excerpt":{"rendered":"<p>Disney Plus, y\u0131l ba\u015f\u0131nda T\u00fcrkiye fiyatlar\u0131nda zam yapm\u0131\u015ft\u0131, \u015fimdi de k\u00fcresel \u00e7apta tekrar zam yap\u0131yor. Yap\u0131lan zamm\u0131n T\u00fcrkiye fiyatlar\u0131na da etki etmesi bekleniyor. Platform yak\u0131n zamanda Atat\u00fcrk dizisini platform yerine bir televizyon kanal\u0131nda ve sinemada yay\u0131nlama karar\u0131 nedeniyle b\u00fcy\u00fck tepki toplam\u0131\u015ft\u0131. Disney + reklams\u0131z abonelik \u00fccretine %27 zam yapt\u0131 Disney Plus&#8217;\u0131n reklams\u0131z aboneli\u011fi 12 Ekim [&hellip;]<\/p>\n","protected":false},"author":26,"featured_media":48179,"comment_status":"open","ping_status":"closed","sticky":false,"template":"","format":"standard","meta":{"footnotes":""},"categories":[54],"tags":[5196],"class_list":["post-49705","post","type-post","status-publish","format-standard","has-post-thumbnail","hentry","category-internet","tag-disney-3"],"_links":{"self":[{"href":"https:\/\/www.indir.com\/haber\/wp-json\/wp\/v2\/posts\/49705","targetHints":{"allow":["GET"]}}],"collection":[{"href":"https:\/\/www.indir.com\/haber\/wp-json\/wp\/v2\/posts"}],"about":[{"href":"https:\/\/www.indir.com\/haber\/wp-json\/wp\/v2\/types\/post"}],"author":[{"embeddable":true,"href":"https:\/\/www.indir.com\/haber\/wp-json\/wp\/v2\/users\/26"}],"replies":[{"embeddable":true,"href":"https:\/\/www.indir.com\/haber\/wp-json\/wp\/v2\/comments?post=49705"}],"version-history":[{"count":0,"href":"https:\/\/www.indir.com\/haber\/wp-json\/wp\/v2\/posts\/49705\/revisions"}],"wp:featuredmedia":[{"embeddable":true,"href":"https:\/\/www.indir.com\/haber\/wp-json\/wp\/v2\/media\/48179"}],"wp:attachment":[{"href":"https:\/\/www.indir.com\/haber\/wp-json\/wp\/v2\/media?parent=49705"}],"wp:term":[{"taxonomy":"category","embeddable":true,"href":"https:\/\/www.indir.com\/haber\/wp-json\/wp\/v2\/categories?post=49705"},{"taxonomy":"post_tag","embeddable":true,"href":"https:\/\/www.indir.com\/haber\/wp-json\/wp\/v2\/tags?post=49705"}],"curies":[{"name":"wp","href":"https:\/\/api.w.org\/{rel}","templated":true}]}}